{"id":6414,"date":"2025-09-05T09:30:34","date_gmt":"2025-09-05T13:30:34","guid":{"rendered":"https:\/\/elmundodelapolitica.com\/v1\/?p=6414"},"modified":"2025-09-05T09:30:34","modified_gmt":"2025-09-05T13:30:34","slug":"energia-y-minas-y-edenorte-firman-acuerdo-para-proyecto-de-electrificacion-en-la-cruz-de-cabrera-dajabon","status":"publish","type":"post","link":"https:\/\/elmundodelapolitica.com\/v1\/energia-y-minas-y-edenorte-firman-acuerdo-para-proyecto-de-electrificacion-en-la-cruz-de-cabrera-dajabon\/","title":{"rendered":"Energ\u00eda y Minas y Edenorte firman acuerdo para proyecto de electrificaci\u00f3n en La Cruz de Cabrera, Dajab\u00f3n"},"content":{"rendered":"<div>\n<div class=\"pf-content\">\n<div class=\"wp-block-post-date\"><\/div>\n<div class=\"wp-block-media-text is-stacked-on-mobile\" style=\"grid-template-columns: 37% auto;\">\n<figure class=\"wp-block-media-text__media\"><img loading=\"lazy\" decoding=\"async\" class=\"wp-image-12083 size-full aligncenter\" src=\"https:\/\/mem.gob.do\/wp-content\/uploads\/2025\/09\/WhatsApp-Image-2025-09-05-at-9.02.32-AM-1-1024x684.jpeg\" sizes=\"auto, (max-width: 1024px) 100vw, 1024px\" srcset=\"https:\/\/mem.gob.do\/wp-content\/uploads\/2025\/09\/WhatsApp-Image-2025-09-05-at-9.02.32-AM-1-1024x684.jpeg 1024w, https:\/\/mem.gob.do\/wp-content\/uploads\/2025\/09\/WhatsApp-Image-2025-09-05-at-9.02.32-AM-1-300x200.jpeg 300w, https:\/\/mem.gob.do\/wp-content\/uploads\/2025\/09\/WhatsApp-Image-2025-09-05-at-9.02.32-AM-1-768x513.jpeg 768w, https:\/\/mem.gob.do\/wp-content\/uploads\/2025\/09\/WhatsApp-Image-2025-09-05-at-9.02.32-AM-1-1536x1026.jpeg 1536w, https:\/\/mem.gob.do\/wp-content\/uploads\/2025\/09\/WhatsApp-Image-2025-09-05-at-9.02.32-AM-1-2048x1368.jpeg 2048w\" alt=\"El ministro Joel Santos y el gerente general de Edenorte, durante la firma del acuerdo para la ejecuci\u00f3n del proyecto de electrificaci\u00f3n.\" width=\"1024\" height=\"684\"><\/figure>\n<div class=\"wp-block-media-text__content\">\n<p><strong>SANTO DOMINGO.<\/strong>\u2013 El Ministerio de Energ\u00eda y Minas (MEM) firm\u00f3 un acuerdo con la Empresa Distribuidora de Electricidad del Norte (Edenorte) para la ejecuci\u00f3n del proyecto de electrificaci\u00f3n denominado \u201cLa Cruz de Cabrera\u201d, que se desarrollar\u00e1 en la comunidad del mismo nombre, en el municipio Restauraci\u00f3n, provincia Dajab\u00f3n, y que beneficiar\u00e1 a cerca de 100 viviendas y 12 establecimientos.<\/p>\n<\/div>\n<\/div>\n<p>La firma fue encabezada por el ministro Joel Santos y el gerente general de Edenorte, Gustavo Afolfo Mart\u00ednez. Con el convenio, el MEM se comprometi\u00f3 a brindar el respaldo t\u00e9cnico y financiero a la empresa distribuidora, la cual acord\u00f3 ejecutar la iniciativa en un plazo no mayor de 90 d\u00edas calendario, a partir de la fecha del desembolso del primer pago.<\/p>\n<div class=\"wp-block-media-text has-media-on-the-right is-stacked-on-mobile\" style=\"grid-template-columns: auto 21%;\">\n<div class=\"wp-block-media-text__content\">\n<p>Respecto al proyecto, cuyo costo total es de RD$8,897,905.34, Santos record\u00f3 que este es parte de los trabajos que realiza el Gobierno, a trav\u00e9s del Ministerio de Energ\u00eda y Minas, para continuar fortaleciendo el programa de electrificaci\u00f3n rural, que busca superar anualmente las 3,000 familias beneficiadas, especialmente en zonas donde no hay conexi\u00f3n y con el apoyo de todas las EDE.<\/p>\n<\/div>\n<figure class=\"wp-block-media-text__media\"><img loading=\"lazy\" decoding=\"async\" class=\"wp-image-12082 size-full aligncenter\" src=\"https:\/\/mem.gob.do\/wp-content\/uploads\/2025\/09\/WhatsApp-Image-2025-09-05-at-9.02.32-AM-2-684x1024.jpeg\" sizes=\"auto, (max-width: 684px) 100vw, 684px\" srcset=\"https:\/\/mem.gob.do\/wp-content\/uploads\/2025\/09\/WhatsApp-Image-2025-09-05-at-9.02.32-AM-2-684x1024.jpeg 684w, https:\/\/mem.gob.do\/wp-content\/uploads\/2025\/09\/WhatsApp-Image-2025-09-05-at-9.02.32-AM-2-200x300.jpeg 200w, https:\/\/mem.gob.do\/wp-content\/uploads\/2025\/09\/WhatsApp-Image-2025-09-05-at-9.02.32-AM-2-768x1150.jpeg 768w, https:\/\/mem.gob.do\/wp-content\/uploads\/2025\/09\/WhatsApp-Image-2025-09-05-at-9.02.32-AM-2-1026x1536.jpeg 1026w, https:\/\/mem.gob.do\/wp-content\/uploads\/2025\/09\/WhatsApp-Image-2025-09-05-at-9.02.32-AM-2-1368x2048.jpeg 1368w, https:\/\/mem.gob.do\/wp-content\/uploads\/2025\/09\/WhatsApp-Image-2025-09-05-at-9.02.32-AM-2-scaled.jpeg 1710w\" alt=\"\" width=\"684\" height=\"1024\"><\/figure>\n<\/div>\n<p>\u201cEsto, definitivamente, marca un paso firme en el uso eficiente de los recursos del Estado, para continuar reduciendo al m\u00ednimo la posibilidad de que las familias dominicanas no tengan acceso a la energ\u00eda el\u00e9ctrica, vital para que haya crecimiento, desarrollo; porque la pol\u00edtica del presidente Luis Abinader, desde el punto de vista econ\u00f3mico, es que el beneficio del desarrollo les llegue a todos los dominicanos\u201d, subray\u00f3 Santos.<\/p>\n<p>Mientras, Mart\u00ednez adelant\u00f3 que la obra de electrificaci\u00f3n estar\u00eda lista a finales de este a\u00f1o 2025, siempre que las condiciones clim\u00e1ticas lo permitan. Del mismo modo, agradeci\u00f3 al MEM por el apoyo financiero y t\u00e9cnico para poder viabilizar el trabajo.<\/p>\n<div class=\"wp-block-media-text is-stacked-on-mobile\" style=\"grid-template-columns: 37% auto;\">\n<figure class=\"wp-block-media-text__media\"><img loading=\"lazy\" decoding=\"async\" class=\"wp-image-12079 size-full aligncenter\" src=\"https:\/\/mem.gob.do\/wp-content\/uploads\/2025\/09\/WhatsApp-Image-2025-09-05-at-9.02.32-AM-1024x684.jpeg\" sizes=\"auto, (max-width: 1024px) 100vw, 1024px\" srcset=\"https:\/\/mem.gob.do\/wp-content\/uploads\/2025\/09\/WhatsApp-Image-2025-09-05-at-9.02.32-AM-1024x684.jpeg 1024w, https:\/\/mem.gob.do\/wp-content\/uploads\/2025\/09\/WhatsApp-Image-2025-09-05-at-9.02.32-AM-300x200.jpeg 300w, https:\/\/mem.gob.do\/wp-content\/uploads\/2025\/09\/WhatsApp-Image-2025-09-05-at-9.02.32-AM-768x513.jpeg 768w, https:\/\/mem.gob.do\/wp-content\/uploads\/2025\/09\/WhatsApp-Image-2025-09-05-at-9.02.32-AM-1536x1026.jpeg 1536w, https:\/\/mem.gob.do\/wp-content\/uploads\/2025\/09\/WhatsApp-Image-2025-09-05-at-9.02.32-AM-2048x1368.jpeg 2048w\" alt=\"\" width=\"1024\" height=\"684\"><\/figure>\n<div class=\"wp-block-media-text__content\">\n<p>\u201cEsperamos que sea el primer acuerdo de muchos, para poder seguir llevando soluciones a las familias necesitadas. Esperamos, adem\u00e1s, que de la mano del Ministerio de Energ\u00eda y Minas, seguir continuando con esta din\u00e1mica para aportar al pa\u00eds\u201d, dijo el gerente general de Edenorte.<\/p>\n<\/div>\n<\/div>\n<p>Sobre el alcance del proyecto para los residentes de La Cuz de Cabrera, las propiedades que ser\u00e1n beneficiadas son 99 viviendas, (entre contratables y no contratables), ocho comercios contratables, una iglesia, dos escuelas, una policl\u00ednica y un chequeo militar.<\/p>\n<p>El acuerdo contempla un acuerdo de pago en dos partidas: 50 % al inicio del proyecto, luego de la firma entre las partes y de haberse presentado la factura correspondiente; y el otro 50 % contra entrega del reporte t\u00e9cnico de culminaci\u00f3n y conformidad del MEM.<\/p>\n<p>En ese sentido, se establece la posibilidad de ajuste presupuestario de hasta un 15 % sobre el monto total, en caso de contingencias o variaciones justificadas en el reporte final de obras, con la aprobaci\u00f3n previa del Ministerio de Energ\u00eda y Minas.<\/p>\n<p>La iniciativa para la electrificaci\u00f3n en La Cruz de Cabrera fue motivada por el senador del Partido Revolucionario Moderno (PRM), Manuel Mar\u00eda Rodr\u00edguez, y el diputado Tony Bengoa, quienes agradecieron al ministro Santos y al gerente general Mart\u00ednez por el inter\u00e9s de cubrir esa necesidad en dicha comunidad, \u201cque fue ilusionada con el anuncio de la electrificaci\u00f3n en el 2019, se comenzaron los trabajos, pero se hab\u00edan abandonado\u201d.<\/p>\n<p>\u201cQu\u00e9 bueno que encontramos en el ministro Joel Santos un hombre receptivo, comprometido con el desarrollo de los pueblos. Por eso, en nombre de nuestra comunidad, estamos agradecidos por el esfuerzo para que a esos hogares llegue la electricidad y puedan tener una vida digna\u201d, dijo Bengoa.<\/p>\n<div class=\"wp-block-media-text is-stacked-on-mobile\" style=\"grid-template-columns: 37% auto;\">\n<figure class=\"wp-block-media-text__media\"><img loading=\"lazy\" decoding=\"async\" data-attachment-id=\"12081\" data-permalink=\"https:\/\/www.elmundodelosnegocios.com.do\/v1\/articulo-exclusivo-en-pocas-palabras-cadena-de-suministro-mas-pronto-que-lo-esperado-2\/juan-guilliani-cury-2\/\" data-orig-file=\"https:\/\/i0.wp.com\/elmundodelosnegocios.com.do\/v1\/wp-content\/uploads\/2021\/11\/Juan-Guilliani-Cury-1.jpeg?fit=558%2C460&amp;ssl=1\" data-orig-size=\"558,460\" data-comments-opened=\"0\" data-image-meta='{\"aperture\":\"0\",\"credit\":\"\",\"camera\":\"\",\"caption\":\"\",\"created_timestamp\":\"0\",\"copyright\":\"\",\"focal_length\":\"0\",\"iso\":\"0\",\"shutter_speed\":\"0\",\"title\":\"\",\"orientation\":\"0\"}' data-image-title=\"Juan Guilliani Cury\" data-image-description=\"\" data-image-caption=\"\" data-medium-file=\"https:\/\/i0.wp.com\/elmundodelosnegocios.com.do\/v1\/wp-content\/uploads\/2021\/11\/Juan-Guilliani-Cury-1.jpeg?fit=300%2C247&amp;ssl=1\" data-large-file=\"https:\/\/i0.wp.com\/elmundodelosnegocios.com.do\/v1\/wp-content\/uploads\/2021\/11\/Juan-Guilliani-Cury-1.jpeg?fit=558%2C460&amp;ssl=1\" class=\"wp-image-12081 size-full aligncenter\" src=\"https:\/\/mem.gob.do\/wp-content\/uploads\/2025\/09\/WhatsApp-Image-2025-09-05-at-9.02.32-AM-3-1024x684.jpeg\" sizes=\"auto, (max-width: 1024px) 100vw, 1024px\" srcset=\"https:\/\/mem.gob.do\/wp-content\/uploads\/2025\/09\/WhatsApp-Image-2025-09-05-at-9.02.32-AM-3-1024x684.jpeg 1024w, https:\/\/mem.gob.do\/wp-content\/uploads\/2025\/09\/WhatsApp-Image-2025-09-05-at-9.02.32-AM-3-300x200.jpeg 300w, https:\/\/mem.gob.do\/wp-content\/uploads\/2025\/09\/WhatsApp-Image-2025-09-05-at-9.02.32-AM-3-768x513.jpeg 768w, https:\/\/mem.gob.do\/wp-content\/uploads\/2025\/09\/WhatsApp-Image-2025-09-05-at-9.02.32-AM-3-1536x1026.jpeg 1536w, https:\/\/mem.gob.do\/wp-content\/uploads\/2025\/09\/WhatsApp-Image-2025-09-05-at-9.02.32-AM-3-2048x1368.jpeg 2048w\" alt=\"El ministro Joel Santos y el gerente general de Edenorte\" width=\"1024\" height=\"684\"><\/figure>\n<div class=\"wp-block-media-text__content\">\n<p>Durante la firma del acuerdo tambi\u00e9n participaron el viceministro de Energ\u00eda, Alfonso Rodr\u00edguez, y el director de Electrificaci\u00f3n Rural y Suburbana, Pr\u00edamo F\u00e9liz.<\/p>\n<\/div>\n<\/div>\n<\/div>\n<\/div>\n","protected":false},"excerpt":{"rendered":"<p>SANTO DOMINGO.\u2013 El Ministerio de Energ\u00eda y Minas (MEM) firm\u00f3 un acuerdo con la Empresa Distribuidora de Electricidad del Norte (Edenorte) para la ejecuci\u00f3n del proyecto de electrificaci\u00f3n denominado \u201cLa&hellip; <\/p>\n","protected":false},"author":2,"featured_media":6415,"comment_status":"closed","ping_status":"closed","sticky":false,"template":"","format":"standard","meta":{"fifu_image_url":"https:\/\/mem.gob.do\/wp-content\/uploads\/2025\/09\/WhatsApp-Image-2025-09-05-at-9.02.32-AM-1-1024x684.jpeg","fifu_image_alt":"Energ\u00eda y Minas y Edenorte firman acuerdo para proyecto de electrificaci\u00f3n en La Cruz de Cabrera, Dajab\u00f3n","footnotes":""},"categories":[29],"tags":[],"class_list":["post-6414","post","type-post","status-publish","format-standard","has-post-thumbnail","hentry","category-energia"],"_links":{"self":[{"href":"https:\/\/elmundodelapolitica.com\/v1\/wp-json\/wp\/v2\/posts\/6414","targetHints":{"allow":["GET"]}}],"collection":[{"href":"https:\/\/elmundodelapolitica.com\/v1\/wp-json\/wp\/v2\/posts"}],"about":[{"href":"https:\/\/elmundodelapolitica.com\/v1\/wp-json\/wp\/v2\/types\/post"}],"author":[{"embeddable":true,"href":"https:\/\/elmundodelapolitica.com\/v1\/wp-json\/wp\/v2\/users\/2"}],"replies":[{"embeddable":true,"href":"https:\/\/elmundodelapolitica.com\/v1\/wp-json\/wp\/v2\/comments?post=6414"}],"version-history":[{"count":0,"href":"https:\/\/elmundodelapolitica.com\/v1\/wp-json\/wp\/v2\/posts\/6414\/revisions"}],"wp:featuredmedia":[{"embeddable":true,"href":"https:\/\/elmundodelapolitica.com\/v1\/wp-json\/wp\/v2\/media\/6415"}],"wp:attachment":[{"href":"https:\/\/elmundodelapolitica.com\/v1\/wp-json\/wp\/v2\/media?parent=6414"}],"wp:term":[{"taxonomy":"category","embeddable":true,"href":"https:\/\/elmundodelapolitica.com\/v1\/wp-json\/wp\/v2\/categories?post=6414"},{"taxonomy":"post_tag","embeddable":true,"href":"https:\/\/elmundodelapolitica.com\/v1\/wp-json\/wp\/v2\/tags?post=6414"}],"curies":[{"name":"wp","href":"https:\/\/api.w.org\/{rel}","templated":true}]}}