{"id":6391,"date":"2025-09-02T12:39:57","date_gmt":"2025-09-02T16:39:57","guid":{"rendered":"https:\/\/elmundodelapolitica.com\/v1\/?p=6391"},"modified":"2025-09-02T12:39:59","modified_gmt":"2025-09-02T16:39:59","slug":"expertos-participaran-este-miercoles-en-foro-oportunidades-economicas-y-de-inversion-miami-dade-y-republica-dominicana","status":"publish","type":"post","link":"https:\/\/elmundodelapolitica.com\/v1\/expertos-participaran-este-miercoles-en-foro-oportunidades-economicas-y-de-inversion-miami-dade-y-republica-dominicana\/","title":{"rendered":"Expertos participar\u00e1n este mi\u00e9rcoles en Foro Oportunidades Econ\u00f3micas y de Inversion Miami-Dade y Rep\u00fablica Dominicana"},"content":{"rendered":"<div class=\"wp-block-image\">\n<figure class=\"aligncenter\"><img decoding=\"async\" src=\"http:\/\/elmundodelosnegocios.com.do\/v1\/wp-content\/uploads\/2025\/09\/IMG-FEATURED-FORUM-2025.jpg\" alt=\"\" class=\"wp-image-72691\"\/><\/figure>\n<\/div>\n\n\n<p><a href=\"http:\/\/elmundodelosnegocios.com.do\/v1\/wp-content\/uploads\/2025\/09\/IMG-FEATURED-FORUM-2025.jpg\"><\/a><\/p>\n\n\n\n<p><strong>Miami<\/strong>, Florida. Septiembre 2, 2025.- La&nbsp;<strong>C\u00e1mara Dominicana Internacional de Negocios y Turismo, en su 32vo a\u00f1o de fundada<\/strong>, organiza el \u201cPrimer Foro Oportunidades Econ\u00f3micas y de Inversi\u00f3n entre el Condado Miami-Dade y la Rep\u00fablica Dominicana 2025\u201d, a realizarse este mi\u00e9rcoles 3 de septiembre en la sede del Consulado General de la Rep\u00fablica Dominicana, ubicado en Brickell Avenue Miami, iniciando con un networking a las 5:30 pm., continuando con el Forum, y segunda parte del networking, hasta las 7:30 p.m.<\/p>\n\n\n\n<p>La C\u00e1mara Dominicana Internacional, en representaci\u00f3n&nbsp;<strong>del socio comercial #5 de la Florida a nivel mundial y #3 del Condado Miami-Dade,&nbsp;<\/strong>la Rep\u00fablica Dominicana, junto&nbsp;<strong>con el Consulado General de la Rep\u00fablica Dominicana en Miami,&nbsp;<\/strong>la&nbsp;Federaci\u00f3n Dominicana de C\u00e1maras y Organizaciones en el Exterior, y distinguidas organizaciones de apoyo, patrocinadores y socios de medios tradicionales, invitan a las comunidades estadounidense, hispana e internacional a conectarse y compartir con personas de ideas afines.<\/p>\n\n\n\n<p>Durante el evento se desarrollar\u00e1n networking, reconocimientos, como en especial el panel sobre temas de mayor influencia en la relaci\u00f3n econ\u00f3mica, y potenciales de inversi\u00f3n, entre Miami y Dominicana.<\/p>\n\n\n\n<p>Para los actualizados planteamientos han sido invitados principales funcionarios del Congreso de los Estados Unidos, del condado Miami-Dade, como del Consulado dominicano, entre otras autoridades.<\/p>\n\n\n\n<p>Siendo de suma influencia las \u00e1rea de negocios como log\u00edstica, transporte y comercio internacional, estar\u00e1n altamente representado el Puerto de Miami, Miami-Dade Aviation Department, Miami-Dade Board of Commissioners International Trade Consortium (ITC), Miami-Dade Beacoun Council (MDBC), como de Suero Law firm y Organization of Women on International Trade (OWIT), y Fresh Directions International.<\/p>\n\n\n\n<p><strong>OTRA CELEBRACI\u00d3N<\/strong>:<\/p>\n\n\n\n<p>Adem\u00e1s del 32 aniversario de la C\u00e1mara Dominicana Internacional, el evento coincidir\u00e1 con celebraci\u00f3n de los primeros&nbsp;<strong>45 a\u00f1os<\/strong>&nbsp;del Presidente de la C\u00e1mara,&nbsp;<strong>Pedro D\u00edaz Ballester<\/strong>, en promoci\u00f3n del&nbsp;comercio, los negocios, turismo, inversiones, y desarrollo&nbsp;<strong>entre EUA, Florida, Miami-Dade&nbsp;<\/strong>y la<strong>&nbsp;Rep\u00fablica Dominicana.<\/strong>&nbsp;<\/p>\n\n\n<div class=\"wp-block-image\">\n<figure class=\"aligncenter\"><a href=\"http:\/\/elmundodelosnegocios.com.do\/v1\/wp-content\/uploads\/2025\/09\/INVITATION-FORUM-2025.jpg\"><img decoding=\"async\" src=\"http:\/\/elmundodelosnegocios.com.do\/v1\/wp-content\/uploads\/2025\/09\/INVITATION-FORUM-2025.jpg\" alt=\"\" class=\"wp-image-72692\"\/><\/a><\/figure>\n<\/div>\n\n\n<p><strong>INFORMACI\u00d3N adicional:<\/strong><\/p>\n\n\n\n<p>Para mayor informaci\u00f3n e integrarse como patrocinador o participante en esta orientadora actividad, puede comunicarse v\u00edas&nbsp;<a href=\"mailto:drinternationalbusinessfed@gmail.com\">drinternationalbusinessfed@gmail.com<\/a>,&nbsp;<a href=\"mailto:info@dominicanintlbusinessfed.org\">info@dominicanintlbusinessfed.org<\/a>, o 305-301-9751 y 786-569-8471.<\/p>\n","protected":false},"excerpt":{"rendered":"<p>Miami, Florida. Septiembre 2, 2025.- La&nbsp;C\u00e1mara Dominicana Internacional de Negocios y Turismo, en su 32vo a\u00f1o de fundada, organiza el \u201cPrimer Foro Oportunidades Econ\u00f3micas y de Inversi\u00f3n entre el Condado&hellip; <\/p>\n","protected":false},"author":1,"featured_media":6392,"comment_status":"closed","ping_status":"closed","sticky":false,"template":"","format":"standard","meta":{"fifu_image_url":"","fifu_image_alt":"","footnotes":""},"categories":[66],"tags":[],"class_list":["post-6391","post","type-post","status-publish","format-standard","has-post-thumbnail","hentry","category-eventos"],"_links":{"self":[{"href":"https:\/\/elmundodelapolitica.com\/v1\/wp-json\/wp\/v2\/posts\/6391","targetHints":{"allow":["GET"]}}],"collection":[{"href":"https:\/\/elmundodelapolitica.com\/v1\/wp-json\/wp\/v2\/posts"}],"about":[{"href":"https:\/\/elmundodelapolitica.com\/v1\/wp-json\/wp\/v2\/types\/post"}],"author":[{"embeddable":true,"href":"https:\/\/elmundodelapolitica.com\/v1\/wp-json\/wp\/v2\/users\/1"}],"replies":[{"embeddable":true,"href":"https:\/\/elmundodelapolitica.com\/v1\/wp-json\/wp\/v2\/comments?post=6391"}],"version-history":[{"count":1,"href":"https:\/\/elmundodelapolitica.com\/v1\/wp-json\/wp\/v2\/posts\/6391\/revisions"}],"predecessor-version":[{"id":6393,"href":"https:\/\/elmundodelapolitica.com\/v1\/wp-json\/wp\/v2\/posts\/6391\/revisions\/6393"}],"wp:featuredmedia":[{"embeddable":true,"href":"https:\/\/elmundodelapolitica.com\/v1\/wp-json\/wp\/v2\/media\/6392"}],"wp:attachment":[{"href":"https:\/\/elmundodelapolitica.com\/v1\/wp-json\/wp\/v2\/media?parent=6391"}],"wp:term":[{"taxonomy":"category","embeddable":true,"href":"https:\/\/elmundodelapolitica.com\/v1\/wp-json\/wp\/v2\/categories?post=6391"},{"taxonomy":"post_tag","embeddable":true,"href":"https:\/\/elmundodelapolitica.com\/v1\/wp-json\/wp\/v2\/tags?post=6391"}],"curies":[{"name":"wp","href":"https:\/\/api.w.org\/{rel}","templated":true}]}}