{"id":6360,"date":"2025-08-25T10:44:31","date_gmt":"2025-08-25T14:44:31","guid":{"rendered":"https:\/\/elmundodelapolitica.com\/v1\/?p=6360"},"modified":"2025-08-25T10:44:31","modified_gmt":"2025-08-25T14:44:31","slug":"analiza-seedtag-tendencias-clave-industria-automotriz-en-latinoamerica","status":"publish","type":"post","link":"https:\/\/elmundodelapolitica.com\/v1\/analiza-seedtag-tendencias-clave-industria-automotriz-en-latinoamerica\/","title":{"rendered":"Analiza Seedtag tendencias clave industria automotriz en Latinoam\u00e9rica"},"content":{"rendered":"<div>\n<p><i>LatAm,\u00a0<\/i><i>25<\/i><i>\u00a0<\/i><i>agosto<\/i><i>\u00a02025<\/i>.-\u00a0<u><a id=\"m_-464252192289080176OWA7fed1d8b-6086-b232-6370-c5f0db570eee\" href=\"https:\/\/www.seedtag.com\/es\/\" target=\"_blank\" rel=\"noopener\" data-saferedirecturl=\"https:\/\/www.google.com\/url?q=https:\/\/www.seedtag.com\/es\/&amp;source=gmail&amp;ust=1756213928209000&amp;usg=AOvVaw1oLyK5H8Wc3qIEsqPXhqfE\">Seedtag<\/a><\/u>, empresa global\u00a0l\u00edder en\u00a0publicidad neuro-contextual, ha llevado a cabo un an\u00e1lisis detallado de la\u00a0industria automotriz\u00a0en Am\u00e9rica Latina\u00a0gracias a su tecnolog\u00eda de\u00a0<i>neuro-contextual<\/i>,\u00a0Liz. Durante un per\u00edodo de\u00a0tres meses,\u00a0la tecnolog\u00eda\u00a0de IA de Seedtag ha identificado los principales temas de inter\u00e9s dentro de esta industria, as\u00ed como los perfiles de audiencia m\u00e1s relevantes para las marcas del sector.<\/p>\n<p><a href=\"http:\/\/elmundodelosnegocios.com.do\/v1\/wp-content\/uploads\/2025\/08\/Industria-Automotriz-1-scaled.jpg\"><img loading=\"lazy\" decoding=\"async\" data-attachment-id=\"72478\" data-permalink=\"https:\/\/www.elmundodelosnegocios.com.do\/v1\/analiza-seedtag-tendencias-clave-industria-automotriz-en-latinoamerica\/industria-automotriz-1\/\" data-orig-file=\"https:\/\/i0.wp.com\/elmundodelosnegocios.com.do\/v1\/wp-content\/uploads\/2025\/08\/Industria-Automotriz-1-scaled.jpg?fit=2560%2C1707&amp;ssl=1\" data-orig-size=\"2560,1707\" data-comments-opened=\"0\" data-image-meta='{\"aperture\":\"0\",\"credit\":\"\",\"camera\":\"\",\"caption\":\"\",\"created_timestamp\":\"0\",\"copyright\":\"\",\"focal_length\":\"0\",\"iso\":\"0\",\"shutter_speed\":\"0\",\"title\":\"\",\"orientation\":\"0\"}' data-image-title=\"Industria Automotriz (1)\" data-image-description=\"\" data-image-caption=\"\" data-medium-file=\"https:\/\/i0.wp.com\/elmundodelosnegocios.com.do\/v1\/wp-content\/uploads\/2025\/08\/Industria-Automotriz-1-scaled.jpg?fit=300%2C200&amp;ssl=1\" data-large-file=\"https:\/\/i0.wp.com\/elmundodelosnegocios.com.do\/v1\/wp-content\/uploads\/2025\/08\/Industria-Automotriz-1-scaled.jpg?fit=1024%2C683&amp;ssl=1\" class=\"aligncenter size-full wp-image-72478\" src=\"http:\/\/elmundodelosnegocios.com.do\/v1\/wp-content\/uploads\/2025\/08\/Industria-Automotriz-1-scaled.jpg\" alt=\"\" width=\"2560\" height=\"1707\" srcset=\"http:\/\/elmundodelosnegocios.com.do\/v1\/wp-content\/uploads\/2025\/08\/Industria-Automotriz-1-scaled.jpg 2560w, http:\/\/elmundodelosnegocios.com.do\/v1\/wp-content\/uploads\/2025\/08\/Industria-Automotriz-1-300x200.jpg 300w, http:\/\/elmundodelosnegocios.com.do\/v1\/wp-content\/uploads\/2025\/08\/Industria-Automotriz-1-1024x683.jpg 1024w, http:\/\/elmundodelosnegocios.com.do\/v1\/wp-content\/uploads\/2025\/08\/Industria-Automotriz-1-768x512.jpg 768w, http:\/\/elmundodelosnegocios.com.do\/v1\/wp-content\/uploads\/2025\/08\/Industria-Automotriz-1-1536x1024.jpg 1536w\" sizes=\"auto, (max-width: 2560px) 100vw, 2560px\"><\/a><\/p>\n<p>El estudio abarc\u00f3 todos los art\u00edculos publicados en la red publishers premium de Seedtag en LATAM que fueron categorizados como\u00a0Industria Automotriz\u00a0y considerados Brand Safe por sus modelos de IA. Los hallazgos indican que el 73% del contenido analizado estuvo relacionado con veh\u00edculos el\u00e9ctricos, seguido por licencias y cursos de\u00a0manejo\u00a0(17%) y precios de la gasolina (5%). Estos datos reflejan un creciente inter\u00e9s por la movilidad sostenible y la formaci\u00f3n en conducci\u00f3n en la regi\u00f3n.<\/p>\n<p>Adem\u00e1s, a partir del grafo contextual de\u00a0la industria, Seedtag ha identificado tres audiencias clave:\u00a0<i>Family Drivers<\/i>, compuesta por conductores que priorizan la seguridad y estabilidad familiar;\u00a0<i>Eco Drivers<\/i>, un grupo de consumidores con ingresos medios-altos o altos que buscan sostenibilidad y eficiencia energ\u00e9tica en sus veh\u00edculos; y\u00a0<i>Compradores Pr\u00e1cticos<\/i>, un segmento orientado a autos funcionales y accesibles, con una fuerte inclinaci\u00f3n hacia la confiabilidad y el precio.<\/p>\n<p>Dentro de cada segmento, se han identificado tendencias de consumo que permiten a las marcas optimizar sus estrategias de comunicaci\u00f3n. Los\u00a0<i>Family Drivers<\/i>\u00a0prefieren descubrir productos a trav\u00e9s de la televisi\u00f3n, pero toman sus decisiones en digital, buscando marcas alineadas con su estilo de vida aspiracional. Los\u00a0<i>Eco Drivers<\/i>\u00a0esperan de las marcas automotrices un compromiso real con la sostenibilidad y la transparencia en los beneficios ecol\u00f3gicos de sus veh\u00edculos, mientras que los\u00a0<i>Compradores Pr\u00e1cticos<\/i>\u00a0investigan detalladamente antes de tomar una decisi\u00f3n, priorizando la relaci\u00f3n calidad-precio y valorando la privacidad online en su proceso de compra.<\/p>\n<p>El an\u00e1lisis tambi\u00e9n revel\u00f3 que los veh\u00edculos el\u00e9ctricos contin\u00faan en auge, destac\u00e1ndose por su impacto ambiental y las nuevas regulaciones. Sin embargo, los consumidores no est\u00e1n dispuestos a sacrificar lujo ni versatilidad. En este sentido, los segmentos de veh\u00edculos que generan mayor inter\u00e9s en la red incluyen SUVs, deportivos y el\u00e9ctricos, con un volumen significativo de visitas y contenido generado. Las marcas automotrices han avanzado en el mercado el\u00e9ctrico y SUV con propuestas sostenibles e innovadoras que resaltan por su competitividad.<\/p>\n<p>En el caso de M\u00e9xico, el inter\u00e9s por los veh\u00edculos el\u00e9ctricos ha crecido notablemente, junto con una fuerte demanda de SUVs y deportivos.\u00a0<i>\u00abNuestro an\u00e1lisis muestra que el mercado automotriz en M\u00e9xico est\u00e1 evolucionando con un enfoque en la sostenibilidad y la tecnolog\u00eda de punta, sin dejar de lado el dise\u00f1o y la versatilidad. Los consumidores buscan informaci\u00f3n relevante y conf\u00edan en experiencias digitales para tomar decisiones informadas<\/i>\u00ab, comenta\u00a0Manuel Morales, Country Manager de Seedtag en M\u00e9xico.<\/p>\n<p><b><i>Sobre Seedtag<\/i><\/b><\/p>\n<p><b><br \/>\n<\/b><i><u><a id=\"m_-464252192289080176OWA5ca61e88-4a63-c21f-5937-e500b5b018e9\" href=\"https:\/\/www.seedtag.com\/es\" target=\"_blank\" rel=\"noopener\" data-saferedirecturl=\"https:\/\/www.google.com\/url?q=https:\/\/www.seedtag.com\/es&amp;source=gmail&amp;ust=1756213928209000&amp;usg=AOvVaw0OwRkBtoNl1XHboxFRDwOL\">Seedtag<\/a><\/u><\/i><i>\u00a0aplica IA avanzada para ofrecer publicidad privacy-first a gran escala. Como l\u00edder global en publicidad neuro-contextual, Seedtag va m\u00e1s all\u00e1 de los m\u00e9todos tradicionales de segmentaci\u00f3n contextual, como palabras clave y categor\u00edas. En su lugar, Seedtag entiende se\u00f1ales m\u00e1s profundas de inter\u00e9s, intenci\u00f3n y emoci\u00f3n para crear audiencias personalizadas basadas en los objetivos de la marca. El agente de IA de Seedtag activa esta inteligencia en campa\u00f1as optimizadas de full-funnel en inventarios premium de CTV, video y web abierta.<\/i><\/p>\n<\/div>\n","protected":false},"excerpt":{"rendered":"<p>LatAm,\u00a025\u00a0agosto\u00a02025.-\u00a0Seedtag, empresa global\u00a0l\u00edder en\u00a0publicidad neuro-contextual, ha llevado a cabo un an\u00e1lisis detallado de la\u00a0industria automotriz\u00a0en Am\u00e9rica Latina\u00a0gracias a su tecnolog\u00eda de\u00a0neuro-contextual,\u00a0Liz. Durante un per\u00edodo de\u00a0tres meses,\u00a0la tecnolog\u00eda\u00a0de IA de Seedtag&hellip; <\/p>\n","protected":false},"author":2,"featured_media":6361,"comment_status":"closed","ping_status":"closed","sticky":false,"template":"","format":"standard","meta":{"fifu_image_url":"http:\/\/elmundodelosnegocios.com.do\/v1\/wp-content\/uploads\/2025\/08\/Industria-Automotriz-1-scaled.jpg","fifu_image_alt":"Analiza Seedtag tendencias clave industria automotriz en Latinoam\u00e9rica","footnotes":""},"categories":[59],"tags":[],"class_list":["post-6360","post","type-post","status-publish","format-standard","has-post-thumbnail","hentry","category-marketing"],"_links":{"self":[{"href":"https:\/\/elmundodelapolitica.com\/v1\/wp-json\/wp\/v2\/posts\/6360","targetHints":{"allow":["GET"]}}],"collection":[{"href":"https:\/\/elmundodelapolitica.com\/v1\/wp-json\/wp\/v2\/posts"}],"about":[{"href":"https:\/\/elmundodelapolitica.com\/v1\/wp-json\/wp\/v2\/types\/post"}],"author":[{"embeddable":true,"href":"https:\/\/elmundodelapolitica.com\/v1\/wp-json\/wp\/v2\/users\/2"}],"replies":[{"embeddable":true,"href":"https:\/\/elmundodelapolitica.com\/v1\/wp-json\/wp\/v2\/comments?post=6360"}],"version-history":[{"count":0,"href":"https:\/\/elmundodelapolitica.com\/v1\/wp-json\/wp\/v2\/posts\/6360\/revisions"}],"wp:featuredmedia":[{"embeddable":true,"href":"https:\/\/elmundodelapolitica.com\/v1\/wp-json\/wp\/v2\/media\/6361"}],"wp:attachment":[{"href":"https:\/\/elmundodelapolitica.com\/v1\/wp-json\/wp\/v2\/media?parent=6360"}],"wp:term":[{"taxonomy":"category","embeddable":true,"href":"https:\/\/elmundodelapolitica.com\/v1\/wp-json\/wp\/v2\/categories?post=6360"},{"taxonomy":"post_tag","embeddable":true,"href":"https:\/\/elmundodelapolitica.com\/v1\/wp-json\/wp\/v2\/tags?post=6360"}],"curies":[{"name":"wp","href":"https:\/\/api.w.org\/{rel}","templated":true}]}}