{"id":6352,"date":"2025-08-23T12:30:38","date_gmt":"2025-08-23T16:30:38","guid":{"rendered":"https:\/\/elmundodelapolitica.com\/v1\/?p=6352"},"modified":"2025-08-23T12:30:38","modified_gmt":"2025-08-23T16:30:38","slug":"ministerio-de-energia-y-minas-y-de-defensa-capacitan-a-militares-en-proteccion-de-infraestructuras-estrategicas","status":"publish","type":"post","link":"https:\/\/elmundodelapolitica.com\/v1\/ministerio-de-energia-y-minas-y-de-defensa-capacitan-a-militares-en-proteccion-de-infraestructuras-estrategicas\/","title":{"rendered":"Ministerio de Energ\u00eda y Minas y de Defensa capacitan a militares en protecci\u00f3n de infraestructuras estrat\u00e9gicas"},"content":{"rendered":"<div>\n<div class=\"pf-content\">\n<div class=\"printfriendly pf-button pf-button-content pf-alignright\"><\/div>\n<p><em>Con esta capacitaci\u00f3n los efectivos aseguran la integraci\u00f3n entre los protocolos militares y las normativas civiles aplicables al sector energ\u00e9tico<\/em><\/p>\n<div class=\"wp-block-post-date\"><time datetime=\"2025-08-23T19:48:32+04:00\">23 agosto, 2025<\/time><\/div>\n<div class=\"wp-block-media-text is-stacked-on-mobile\" style=\"grid-template-columns: 38% auto;\">\n<figure class=\"wp-block-media-text__media\"><img loading=\"lazy\" decoding=\"async\" class=\"wp-image-12011 size-full aligncenter\" src=\"https:\/\/mem.gob.do\/wp-content\/uploads\/2025\/08\/IMG-20250823-WA0001-1024x684.jpg\" sizes=\"auto, (max-width: 1024px) 100vw, 1024px\" srcset=\"https:\/\/mem.gob.do\/wp-content\/uploads\/2025\/08\/IMG-20250823-WA0001-1024x684.jpg 1024w, https:\/\/mem.gob.do\/wp-content\/uploads\/2025\/08\/IMG-20250823-WA0001-300x200.jpg 300w, https:\/\/mem.gob.do\/wp-content\/uploads\/2025\/08\/IMG-20250823-WA0001-768x513.jpg 768w, https:\/\/mem.gob.do\/wp-content\/uploads\/2025\/08\/IMG-20250823-WA0001-1536x1026.jpg 1536w, https:\/\/mem.gob.do\/wp-content\/uploads\/2025\/08\/IMG-20250823-WA0001-2048x1368.jpg 2048w\" alt=\"\" width=\"1024\" height=\"684\"><\/figure>\n<div class=\"wp-block-media-text__content\">\n<p><strong>SANTO DOMINGO.<\/strong>\u2013 El Ministerio de Energ\u00eda y Minas, en coordinaci\u00f3n con el Ministerio de Defensa inici\u00f3 una capacitaci\u00f3n orientada a la actualizaci\u00f3n de los militares sobre seguridad personal, protecci\u00f3n de infraestructuras y manejo de armas de fuego, con el objetivo de fortalecer las competencias del personal militar asignado a esta dependencia.<\/p>\n<\/div>\n<\/div>\n<p>La instrucci\u00f3n, a cargo del encargado de Operaciones Militares de Energ\u00eda y Minas, C\u00e9sar Rodr\u00edguez Vald\u00e9s, inici\u00f3 con una secci\u00f3n te\u00f3rica en la que los presentes aprendieron sobre la importancia de la seguridad en las infraestructuras energ\u00e9ticas estrat\u00e9gicas.<\/p>\n<p>\u201cSiempre debemos pensar en que hay una amenaza\u201d, les recordaba Rodr\u00edguez Valdez, como forma de que sean constantes en el uso de los protocolos de acceso, seguridad y vigilancia.<\/p>\n<div class=\"wp-block-media-text is-stacked-on-mobile\" style=\"grid-template-columns: 38% auto;\">\n<figure class=\"wp-block-media-text__media\"><img loading=\"lazy\" decoding=\"async\" data-attachment-id=\"12012\" data-permalink=\"https:\/\/www.elmundodelosnegocios.com.do\/v1\/invita-prochile-participar-encuentro-eenexpro-industrias-4-0\/liz-rivas-de-ginebra\/\" data-orig-file=\"https:\/\/i0.wp.com\/elmundodelosnegocios.com.do\/v1\/wp-content\/uploads\/2021\/11\/Liz-Rivas-de-Ginebra.jpg?fit=803%2C510&amp;ssl=1\" data-orig-size=\"803,510\" data-comments-opened=\"0\" data-image-meta='{\"aperture\":\"0\",\"credit\":\"\",\"camera\":\"\",\"caption\":\"\",\"created_timestamp\":\"0\",\"copyright\":\"\",\"focal_length\":\"0\",\"iso\":\"0\",\"shutter_speed\":\"0\",\"title\":\"\",\"orientation\":\"1\"}' data-image-title=\"Liz Rivas de Ginebra\" data-image-description=\"\" data-image-caption=\"\" data-medium-file=\"https:\/\/i0.wp.com\/elmundodelosnegocios.com.do\/v1\/wp-content\/uploads\/2021\/11\/Liz-Rivas-de-Ginebra.jpg?fit=300%2C191&amp;ssl=1\" data-large-file=\"https:\/\/i0.wp.com\/elmundodelosnegocios.com.do\/v1\/wp-content\/uploads\/2021\/11\/Liz-Rivas-de-Ginebra.jpg?fit=803%2C510&amp;ssl=1\" class=\"wp-image-12012 size-full aligncenter\" src=\"https:\/\/mem.gob.do\/wp-content\/uploads\/2025\/08\/IMG-20250823-WA0000-1024x684.jpg\" sizes=\"auto, (max-width: 1024px) 100vw, 1024px\" srcset=\"https:\/\/mem.gob.do\/wp-content\/uploads\/2025\/08\/IMG-20250823-WA0000-1024x684.jpg 1024w, https:\/\/mem.gob.do\/wp-content\/uploads\/2025\/08\/IMG-20250823-WA0000-300x200.jpg 300w, https:\/\/mem.gob.do\/wp-content\/uploads\/2025\/08\/IMG-20250823-WA0000-768x513.jpg 768w, https:\/\/mem.gob.do\/wp-content\/uploads\/2025\/08\/IMG-20250823-WA0000-1536x1026.jpg 1536w, https:\/\/mem.gob.do\/wp-content\/uploads\/2025\/08\/IMG-20250823-WA0000-2048x1368.jpg 2048w\" alt=\"\" width=\"1024\" height=\"684\"><\/figure>\n<div class=\"wp-block-media-text__content\">\n<p>\u201cAl final de esta capacitaci\u00f3n tendremos ejercicios pr\u00e1cticos en el que presentaremos situaciones por grupo y seg\u00fan lo aprendido ustedes deber\u00e1n actuar en consecuencia para solucionar la situaci\u00f3n planteada\u201d, se\u00f1al\u00f3.<\/p>\n<\/div>\n<\/div>\n<p>Rodr\u00edguez explic\u00f3 que el curso tendr\u00e1 una duraci\u00f3n de tres semanas y se espera que participen unos 60 efectivos militares de la Armada y el Ej\u00e9rcito. La primera estar\u00e1 comprendida por conocimiento te\u00f3rico y las dem\u00e1s ser\u00e1n enfocadas en el campo de tiro virtual y en vivo del Ministerio de Defensa.<\/p>\n<p>Los militares participantes laboran en el Ministerio de Energ\u00eda y est\u00e1n ubicados en las diferentes localidades de la entidad, as\u00ed como dependencias directas.<\/p>\n<p>Con este tipo de formaci\u00f3n se busca fortalecer sus competencias, garantizar la protecci\u00f3n de infraestructuras estrat\u00e9gicas y asegurar la integraci\u00f3n de los protocolos militares con las normativas civiles que se aplican al sector energ\u00e9tico.<\/p>\n<p>Rodriguez enfatiz\u00f3 que los centros de datos, dep\u00f3sito de combustibles y \u00e1reas de exploraci\u00f3n minera son activos estrat\u00e9gicos de alto valor para la seguridad nacional, por lo cual los militares deben garantizar la continuidad del suministro y la estabilidad en caso de alg\u00fan tipo de sabotaje o amenaza externa.<\/p>\n<p>De igual forma Rodr\u00edguez puso atenci\u00f3n en el rol del personal militar, el cual debe ejercer funciones de protecci\u00f3n f\u00edsica, as\u00ed como implementar protocolos de control de acceso y vigilancia que sean efectivos.<\/p>\n<p>El curso, denominado Capacitaci\u00f3n en Materia de Seguridad Personal, Protecci\u00f3n de Infraestructuras y Manejo de Armas de Fuego, es coordinado por la Direcci\u00f3n de Seguridad F\u00edsica de Energ\u00eda y Minas, a cargo del capit\u00e1n de nav\u00edo, Elvis Abreu Encarnaci\u00f3n.<\/p>\n<\/div>\n<\/div>\n","protected":false},"excerpt":{"rendered":"<p>Con esta capacitaci\u00f3n los efectivos aseguran la integraci\u00f3n entre los protocolos militares y las normativas civiles aplicables al sector energ\u00e9tico 23 agosto, 2025 SANTO DOMINGO.\u2013 El Ministerio de Energ\u00eda y&hellip; <\/p>\n","protected":false},"author":2,"featured_media":6353,"comment_status":"closed","ping_status":"closed","sticky":false,"template":"","format":"standard","meta":{"fifu_image_url":"https:\/\/mem.gob.do\/wp-content\/uploads\/2025\/08\/IMG-20250823-WA0001-1024x684.jpg","fifu_image_alt":"Ministerio de Energ\u00eda y Minas y de Defensa capacitan a militares en protecci\u00f3n de infraestructuras estrat\u00e9gicas","footnotes":""},"categories":[29],"tags":[],"class_list":["post-6352","post","type-post","status-publish","format-standard","has-post-thumbnail","hentry","category-energia"],"_links":{"self":[{"href":"https:\/\/elmundodelapolitica.com\/v1\/wp-json\/wp\/v2\/posts\/6352","targetHints":{"allow":["GET"]}}],"collection":[{"href":"https:\/\/elmundodelapolitica.com\/v1\/wp-json\/wp\/v2\/posts"}],"about":[{"href":"https:\/\/elmundodelapolitica.com\/v1\/wp-json\/wp\/v2\/types\/post"}],"author":[{"embeddable":true,"href":"https:\/\/elmundodelapolitica.com\/v1\/wp-json\/wp\/v2\/users\/2"}],"replies":[{"embeddable":true,"href":"https:\/\/elmundodelapolitica.com\/v1\/wp-json\/wp\/v2\/comments?post=6352"}],"version-history":[{"count":0,"href":"https:\/\/elmundodelapolitica.com\/v1\/wp-json\/wp\/v2\/posts\/6352\/revisions"}],"wp:featuredmedia":[{"embeddable":true,"href":"https:\/\/elmundodelapolitica.com\/v1\/wp-json\/wp\/v2\/media\/6353"}],"wp:attachment":[{"href":"https:\/\/elmundodelapolitica.com\/v1\/wp-json\/wp\/v2\/media?parent=6352"}],"wp:term":[{"taxonomy":"category","embeddable":true,"href":"https:\/\/elmundodelapolitica.com\/v1\/wp-json\/wp\/v2\/categories?post=6352"},{"taxonomy":"post_tag","embeddable":true,"href":"https:\/\/elmundodelapolitica.com\/v1\/wp-json\/wp\/v2\/tags?post=6352"}],"curies":[{"name":"wp","href":"https:\/\/api.w.org\/{rel}","templated":true}]}}