{"id":6325,"date":"2025-08-22T14:41:30","date_gmt":"2025-08-22T18:41:30","guid":{"rendered":"https:\/\/elmundodelapolitica.com\/v1\/?p=6325"},"modified":"2025-08-22T14:44:27","modified_gmt":"2025-08-22T18:44:27","slug":"prm-a-solicitud-de-abinader-suspende-celebracion-de-los-cinco-anos-de-gobierno","status":"publish","type":"post","link":"https:\/\/elmundodelapolitica.com\/v1\/prm-a-solicitud-de-abinader-suspende-celebracion-de-los-cinco-anos-de-gobierno\/","title":{"rendered":"PRM, a solicitud de Abinader, suspende celebraci\u00f3n de los cinco a\u00f1os de Gobierno"},"content":{"rendered":"\n<p>Santo Domingo.- El Partido Revolucionario Moderno (PRM) suspendi\u00f3 la actividad que ten\u00eda programada para ma\u00f1ana en la que celebrar\u00eda la gesti\u00f3n de 5 a\u00f1os del presidente Luis Abinader, a petici\u00f3n del propio mandatario.<\/p>\n\n\n\n<p>\u00abInformamos a nuestra dirigencia y militancia que, acogiendo la solicitud que nos hiciere el compa\u00f1ero presidente Luis Abinader, esta direcci\u00f3n nacional ha suspendido el acto de celebraci\u00f3n de los 5 a\u00f1os de gesti\u00f3n del gobierno, pautado para el d\u00eda de ma\u00f1ana\u00bb, dijo el PRM en una nota.<\/p>\n\n\n\n<p>Abinader envi\u00f3 una carta a su partido en la que solicit\u00f3 la suspensi\u00f3n de la actividad en donde se celebrar\u00edan se\u00f1alando que a\u00fan \u00abno es tiempo de pol\u00edtica\u201d.<\/p>\n\n\n\n<p>A trav\u00e9s de sus redes sociales, Abinader difundi\u00f3 la carta que le envi\u00f3 a la direcci\u00f3n ejecutiva del partido oficialista en donde manifestaba que actualmente est\u00e1n (los funcionarios) en \u201ctiempo de trabajo\u201d y que deben de seguir \u201cenfocados en las soluciones\u201d.<\/p>\n\n\n\n<p>\u201cLas preocupaciones de nuestra gente deben ser un llamado a la acci\u00f3n diligente, un recordatorio de que la pol\u00edtica solo vale si sirve al bienestar cotidiano de los ciudadanos. Ante esa realidad, siento que nuestra obligaci\u00f3n es entregar cada minuto, cada esfuerzo y cada pensamiento a la tarea de resolver\u201d, expuso el gobernante.<\/p>\n\n\n\n<p>El mandatario indic\u00f3 que con la suspensi\u00f3n de esa actividad, el pa\u00eds ver\u00e1 en el PRM \u201cun partido que se distrae en medio de la dificultad, sino una fuerza que camina junto a su pueblo, hombro con hombro, en la b\u00fasqueda de soluciones\u201d.<\/p>\n\n\n\n<p>\u201cYa llegar\u00e1 el d\u00eda en que nos reunamos para conmemorar, y ese d\u00eda ser\u00e1 m\u00e1s luminoso porque vendr\u00e1 despu\u00e9s de haber cumplido con nuestro deber. Hoy, en cambio, nos corresponde redoblar la labor silenciosa, perseverante y eficaz que honra la confianza depositada en nosotros. Hagamos que esta decisi\u00f3n sea una lecci\u00f3n de grandeza: que la pol\u00edtica se engrandece cuando se convierte en servicio, y que la verdadera victoria es aliviar la carga de los dominicanos\u201d, dijo Abinader en su misiva.&nbsp;<\/p>\n","protected":false},"excerpt":{"rendered":"<p>Santo Domingo.- El Partido Revolucionario Moderno (PRM) suspendi\u00f3 la actividad que ten\u00eda programada para ma\u00f1ana en la que celebrar\u00eda la gesti\u00f3n de 5 a\u00f1os del presidente Luis Abinader, a petici\u00f3n&hellip; <\/p>\n","protected":false},"author":1,"featured_media":6328,"comment_status":"closed","ping_status":"closed","sticky":false,"template":"","format":"standard","meta":{"fifu_image_url":"https:\/\/i0.wp.com\/rnn.com.do\/wp-content\/uploads\/2025\/08\/Captura-2.png?resize=696%2C456&ssl=1","fifu_image_alt":"","footnotes":""},"categories":[17],"tags":[],"class_list":["post-6325","post","type-post","status-publish","format-standard","has-post-thumbnail","hentry","category-politica"],"_links":{"self":[{"href":"https:\/\/elmundodelapolitica.com\/v1\/wp-json\/wp\/v2\/posts\/6325","targetHints":{"allow":["GET"]}}],"collection":[{"href":"https:\/\/elmundodelapolitica.com\/v1\/wp-json\/wp\/v2\/posts"}],"about":[{"href":"https:\/\/elmundodelapolitica.com\/v1\/wp-json\/wp\/v2\/types\/post"}],"author":[{"embeddable":true,"href":"https:\/\/elmundodelapolitica.com\/v1\/wp-json\/wp\/v2\/users\/1"}],"replies":[{"embeddable":true,"href":"https:\/\/elmundodelapolitica.com\/v1\/wp-json\/wp\/v2\/comments?post=6325"}],"version-history":[{"count":1,"href":"https:\/\/elmundodelapolitica.com\/v1\/wp-json\/wp\/v2\/posts\/6325\/revisions"}],"predecessor-version":[{"id":6327,"href":"https:\/\/elmundodelapolitica.com\/v1\/wp-json\/wp\/v2\/posts\/6325\/revisions\/6327"}],"wp:featuredmedia":[{"embeddable":true,"href":"https:\/\/elmundodelapolitica.com\/v1\/wp-json\/wp\/v2\/media\/6328"}],"wp:attachment":[{"href":"https:\/\/elmundodelapolitica.com\/v1\/wp-json\/wp\/v2\/media?parent=6325"}],"wp:term":[{"taxonomy":"category","embeddable":true,"href":"https:\/\/elmundodelapolitica.com\/v1\/wp-json\/wp\/v2\/categories?post=6325"},{"taxonomy":"post_tag","embeddable":true,"href":"https:\/\/elmundodelapolitica.com\/v1\/wp-json\/wp\/v2\/tags?post=6325"}],"curies":[{"name":"wp","href":"https:\/\/api.w.org\/{rel}","templated":true}]}}