{"id":6323,"date":"2025-08-22T14:41:29","date_gmt":"2025-08-22T18:41:29","guid":{"rendered":"https:\/\/elmundodelapolitica.com\/v1\/?p=6323"},"modified":"2025-08-22T15:00:09","modified_gmt":"2025-08-22T19:00:09","slug":"omar-fernandez-rinde-cuentas-de-su-primer-ano-de-gestion-como-senador-del-distrito-nacional","status":"publish","type":"post","link":"https:\/\/elmundodelapolitica.com\/v1\/omar-fernandez-rinde-cuentas-de-su-primer-ano-de-gestion-como-senador-del-distrito-nacional\/","title":{"rendered":"Omar Fern\u00e1ndez rinde cuentas de su primer a\u00f1o de gesti\u00f3n como senador del Distrito Nacional"},"content":{"rendered":"\n<p><strong>Santo Domingo.-&nbsp;<\/strong>El senador por el&nbsp;<strong>Distrito Nacional, Omar Fern\u00e1ndez<\/strong>, present\u00f3 este martes la rendici\u00f3n de cuentas de su primer a\u00f1o legislativo, como parte de su compromiso con la transparencia en el servicio p\u00fablico.<\/p>\n\n\n\n<p>Desde agosto de 2024, 15 proyectos de ley autor\u00eda del congresista de la&nbsp;<strong>Fuerza del Pueblo<\/strong>&nbsp;fueron depositados, enfocados en cuatro ejes contenidos en el programa legislativo&nbsp;<strong>M\u00e1s Para RD<\/strong>.<\/p>\n\n\n\n<p>El senador explic\u00f3 que&nbsp;<strong>M\u00e1s Para RD&nbsp;<\/strong>concentra su visi\u00f3n para mejorar las condiciones de la&nbsp;<strong>Rep\u00fablica Dominicana<\/strong>&nbsp;en aspectos como desarrollo econ\u00f3mico, seguridad jur\u00eddica, desarrollo social, tecnolog\u00eda e innovaci\u00f3n.<\/p>\n\n\n\n<p>Algunos de los m\u00e1s importantes proyectos son la<strong>&nbsp;eliminaci\u00f3n de anticipos a mipymes<\/strong>, facilidades para la inversi\u00f3n segura de dominicanos en el extranjero, eliminaci\u00f3n del IPI a adultos mayores de 65 a\u00f1os con m\u00e1s de una propiedad.<\/p>\n\n\n\n<p>En materia de seguridad jur\u00eddica, se plantea una actualizaci\u00f3n de las leyes que dan origen al Poder Judicial y el Tribunal Constitucional. Tambi\u00e9n el C\u00f3digo Procesal Penal, agilizando el acceso de los ciudadanos a la justicia.<\/p>\n\n\n\n<p>Asimismo, Fern\u00e1ndez desglos\u00f3 caso a caso, el uso de los recursos del Fondo Gadiel, con testimonio de varios de las personas beneficiarias en situaci\u00f3n de vulnerabilidad.<\/p>\n\n\n\n<p>Explic\u00f3 que en agosto de 2024 los RD$529,500 (equivalentes a fondos concernientes a la mitad del mes) que recibi\u00f3 se utilizaron para evaluar y posteriormente hacer cirug\u00eda de extracci\u00f3n de tumor a Gadiel, un ni\u00f1o de apenas 11 meses para entonces.<\/p>\n\n\n\n<p>A partir de septiembre de ese a\u00f1o, se recibe RD$1,059,000 que ha sido usado en tres ocasiones para el pago de colegiatura a ni\u00f1os con Trastorno del Espectro Autista o diagn\u00f3sticos similares.<\/p>\n\n\n\n<p>En una ocasi\u00f3n se utiliz\u00f3 en tratamiento de c\u00e1ncer y jornada de prevenci\u00f3n que impact\u00f3 a unas 300 mujeres.<\/p>\n\n\n\n<p>En acciones comunitarias se utiliz\u00f3 en dos ocasiones. Una de ellas para la construcci\u00f3n de pozos de agua potable para tres comunidades. Asimismo, la instalaci\u00f3n de l\u00e1mparas en barrios carentes de iluminaci\u00f3n.<\/p>\n\n\n\n<p>En otra ocasi\u00f3n se facilit\u00f3 el tratamiento para ni\u00f1os con par\u00e1lisis cerebral en alianza con la fundaci\u00f3n Nido Para Angeles. Tambi\u00e9n ni\u00f1os hu\u00e9rfanos quienes quedaron en condici\u00f3n de desamparo, fueron asistidos.<\/p>\n\n\n\n<p>Con recursos del fondo Gadiel, se remodel\u00f3 parte de las instalaciones del Hogar de ancianos San Francisco de As\u00eds. Tambi\u00e9n se destin\u00f3 en una ocasi\u00f3n para asistir a ni\u00f1os con S\u00edndrome de Down.<\/p>\n\n\n\n<p>En las \u00faltimas dos ocasiones se utiliz\u00f3 para el fomento al arte nacional y para la instalaci\u00f3n de un parque de juegos inclusivos para ni\u00f1os con alguna discapacidad.<\/p>\n","protected":false},"excerpt":{"rendered":"<p>Santo Domingo.-&nbsp;El senador por el&nbsp;Distrito Nacional, Omar Fern\u00e1ndez, present\u00f3 este martes la rendici\u00f3n de cuentas de su primer a\u00f1o legislativo, como parte de su compromiso con la transparencia en el&hellip; <\/p>\n","protected":false},"author":1,"featured_media":6332,"comment_status":"closed","ping_status":"closed","sticky":false,"template":"","format":"standard","meta":{"fifu_image_url":"https:\/\/i0.wp.com\/rnn.com.do\/wp-content\/uploads\/2025\/08\/image-165.png?resize=696%2C542&ssl=1","fifu_image_alt":"","footnotes":""},"categories":[17],"tags":[],"class_list":["post-6323","post","type-post","status-publish","format-standard","has-post-thumbnail","hentry","category-politica"],"_links":{"self":[{"href":"https:\/\/elmundodelapolitica.com\/v1\/wp-json\/wp\/v2\/posts\/6323","targetHints":{"allow":["GET"]}}],"collection":[{"href":"https:\/\/elmundodelapolitica.com\/v1\/wp-json\/wp\/v2\/posts"}],"about":[{"href":"https:\/\/elmundodelapolitica.com\/v1\/wp-json\/wp\/v2\/types\/post"}],"author":[{"embeddable":true,"href":"https:\/\/elmundodelapolitica.com\/v1\/wp-json\/wp\/v2\/users\/1"}],"replies":[{"embeddable":true,"href":"https:\/\/elmundodelapolitica.com\/v1\/wp-json\/wp\/v2\/comments?post=6323"}],"version-history":[{"count":1,"href":"https:\/\/elmundodelapolitica.com\/v1\/wp-json\/wp\/v2\/posts\/6323\/revisions"}],"predecessor-version":[{"id":6331,"href":"https:\/\/elmundodelapolitica.com\/v1\/wp-json\/wp\/v2\/posts\/6323\/revisions\/6331"}],"wp:featuredmedia":[{"embeddable":true,"href":"https:\/\/elmundodelapolitica.com\/v1\/wp-json\/wp\/v2\/media\/6332"}],"wp:attachment":[{"href":"https:\/\/elmundodelapolitica.com\/v1\/wp-json\/wp\/v2\/media?parent=6323"}],"wp:term":[{"taxonomy":"category","embeddable":true,"href":"https:\/\/elmundodelapolitica.com\/v1\/wp-json\/wp\/v2\/categories?post=6323"},{"taxonomy":"post_tag","embeddable":true,"href":"https:\/\/elmundodelapolitica.com\/v1\/wp-json\/wp\/v2\/tags?post=6323"}],"curies":[{"name":"wp","href":"https:\/\/api.w.org\/{rel}","templated":true}]}}