{"id":6308,"date":"2025-08-10T10:30:47","date_gmt":"2025-08-10T14:30:47","guid":{"rendered":"https:\/\/elmundodelapolitica.com\/v1\/?p=6308"},"modified":"2025-08-10T10:30:47","modified_gmt":"2025-08-10T14:30:47","slug":"ministro-joel-santos-supervisa-junto-al-gabinete-electrico-construccion-generadora-san-felipe-i","status":"publish","type":"post","link":"https:\/\/elmundodelapolitica.com\/v1\/ministro-joel-santos-supervisa-junto-al-gabinete-electrico-construccion-generadora-san-felipe-i\/","title":{"rendered":"Ministro Joel Santos supervisa, junto al Gabinete El\u00e9ctrico, construcci\u00f3n Generadora San Felipe I"},"content":{"rendered":"<div>\n<div>\n<div class=\"pf-content\">\n<div class=\"printfriendly pf-button pf-button-content pf-alignright\">\n                    <a href=\"https:\/\/mem.gob.do\/ministro-joel-santos-supervisa-junto-al-gabinete-electrico-construccion-generadora-san-felipe-i\/?pfstyle=wp\" rel=\"nofollow\" onclick=\"\" title=\"Printer Friendly, PDF &amp; Email\"><br \/>\n                    <img decoding=\"async\" class=\"pf-button-img\" src=\"https:\/\/cdn.printfriendly.com\/buttons\/printfriendly-pdf-email-button-notext.png\" alt=\"Print Friendly, PDF &amp; Email\" style=\"width: 110px;height: 30px;\"><br \/>\n                    <\/a>\n                <\/div>\n<p><em>La central, que se levanta en Andr\u00e9s, Boca Chica, aportar\u00e1 467 megavatios y se prev\u00e9 entrar\u00e1 en operaci\u00f3n en 2027<\/em><\/p>\n<p><span id=\"more-11954\"><\/span><\/p>\n<p><em>La central, que se levanta en Andr\u00e9s, Boca Chica, aportar\u00e1 467 megavatios y se prev\u00e9 entrar\u00e1 en operaci\u00f3n en 2027<\/em><\/p>\n<div class=\"wp-block-post-date\"><time datetime=\"2025-08-10T18:06:06+04:00\">10 agosto, 2025<\/time><\/div>\n<div class=\"wp-block-media-text is-stacked-on-mobile\">\n<figure class=\"wp-block-media-text__media\"><img data-attachment-id=\"11956\" data-permalink=\"https:\/\/www.elmundodelosnegocios.com.do\/v1\/presenta-alcalde-bermudez-logros-ciudad-de-doral\/0-6-696x297-2-615x440-12\/\" data-orig-file=\"https:\/\/i0.wp.com\/elmundodelosnegocios.com.do\/v1\/wp-content\/uploads\/2021\/11\/0-6-696x297-2-615x440-5.jpg?fit=1536%2C2048&amp;ssl=1\" data-orig-size=\"1536,2048\" data-comments-opened=\"0\" data-image-meta='{\"aperture\":\"0\",\"credit\":\"\",\"camera\":\"\",\"caption\":\"\",\"created_timestamp\":\"0\",\"copyright\":\"\",\"focal_length\":\"0\",\"iso\":\"0\",\"shutter_speed\":\"0\",\"title\":\"\",\"orientation\":\"0\"}' data-image-title=\"0-6-696\u00d7297-2-615\u00d7440\" data-image-description=\"&lt;p&gt;STATE OF THE CITY:  En la foto, luego de pr\u00e1cticamente dos a\u00f1os sin actividades a nivel presencial, se observan desde izq: Oscar Puig, Concejal Ciudad de Doral, Pedro Diaz Ballester, Presidente Federaci\u00f3n Dominicana Intl. de Negocios &amp; Turismo (C\u00e1mara de Comercio Dominicana en los EUA), y CEO de The Ballester Business Group, el Hon. Juan Carlos Bermudez, Alcalde Ciudad de Doral, Joe Chi, Presidente C\u00e1mara de Comercio e Industrias Latinas (CAMACOL), y Fernando Horruitiner, Gerente de Cr\u00e9dito y Portafolio ABANCA USA, durante la recepci\u00f3n posterior al informe del Alcalde sobre el Estado de la Ciudad.-.&lt;\/p&gt;\n\" data-image-caption=\"&lt;p&gt;STATE OF THE CITY:  En la foto, luego de pr\u00e1cticamente dos a\u00f1os sin actividades a nivel presencial, se observan desde izq: Oscar Puig, Concejal Ciudad de Doral, Pedro Diaz Ballester, Presidente Federaci\u00f3n Dominicana Intl. de Negocios &amp; Turismo (C\u00e1mara de Comercio Dominicana en los EUA), y CEO de The Ballester Business Group, el Hon. Juan Carlos Bermudez, Alcalde Ciudad de Doral, Joe Chi, Presidente C\u00e1mara de Comercio e Industrias Latinas (CAMACOL), y Fernando Horruitiner, Gerente de Cr\u00e9dito y Portafolio ABANCA USA, durante la recepci\u00f3n posterior al informe del Alcalde sobre el Estado de la Ciudad.-.&lt;\/p&gt;\n\" data-medium-file=\"https:\/\/i0.wp.com\/elmundodelosnegocios.com.do\/v1\/wp-content\/uploads\/2021\/11\/0-6-696x297-2-615x440-5.jpg?fit=225%2C300&amp;ssl=1\" data-large-file=\"https:\/\/i0.wp.com\/elmundodelosnegocios.com.do\/v1\/wp-content\/uploads\/2021\/11\/0-6-696x297-2-615x440-5.jpg?fit=768%2C1024&amp;ssl=1\" fetchpriority=\"high\" decoding=\"async\" width=\"1024\" height=\"576\" src=\"https:\/\/mem.gob.do\/wp-content\/uploads\/2025\/08\/IMG-20250810-WA0004-1024x576.jpg\" alt=\"\" class=\"wp-image-11956 size-full\" srcset=\"https:\/\/mem.gob.do\/wp-content\/uploads\/2025\/08\/IMG-20250810-WA0004-1024x576.jpg 1024w, https:\/\/mem.gob.do\/wp-content\/uploads\/2025\/08\/IMG-20250810-WA0004-300x169.jpg 300w, https:\/\/mem.gob.do\/wp-content\/uploads\/2025\/08\/IMG-20250810-WA0004-768x432.jpg 768w, https:\/\/mem.gob.do\/wp-content\/uploads\/2025\/08\/IMG-20250810-WA0004-1536x864.jpg 1536w, https:\/\/mem.gob.do\/wp-content\/uploads\/2025\/08\/IMG-20250810-WA0004-2048x1152.jpg 2048w\" sizes=\"(max-width: 1024px) 100vw, 1024px\"><\/figure>\n<div class=\"wp-block-media-text__content\">\n<p><strong>BOCA CHICA.<\/strong> El ministro de Energ\u00eda y Minas, Joel Santos, junto a miembros del Gabinete El\u00e9ctrico, encabez\u00f3 la primera visita de supervisi\u00f3n del proceso de construcci\u00f3n del proyecto Generadora San Felipe I, ubicado en Andr\u00e9s, en este municipio de la provincia Santo Domingo.<\/p>\n<\/div>\n<\/div>\n<p>Indic\u00f3 que la central contar\u00e1 con 467 megavatios (MW) de capacidad instalada y se prev\u00e9 que entrar\u00e1 en operaci\u00f3n entre abril y mayo de 2027. El proyecto tendr\u00e1, adem\u00e1s, una turbina de \u00faltima generaci\u00f3n a gas, de la empresa General Electric (GE), considerada como la m\u00e1s grande y eficiente de Centroam\u00e9rica y el Caribe<\/p>\n<p>Santos sostuvo que la generadora contribuir\u00e1 a la creaci\u00f3n de m\u00e1s de 650 empleos, con una inversi\u00f3n durante su construcci\u00f3n de m\u00e1s de US$700 millones e inyecci\u00f3n de energ\u00eda limpia.<\/p>\n<p>Al respecto, el ministro record\u00f3 que el proyecto, junto a otras centrales de generaci\u00f3n, es una muestra del compromiso que tiene el Gobierno en expandir el parque de generaci\u00f3n nacional hacia el 2028, para hacer del sistema el\u00e9ctrico cada vez m\u00e1s fuerte y resiliente.<\/p>\n<div class=\"wp-block-media-text is-stacked-on-mobile\" style=\"grid-template-columns:35% auto\">\n<figure class=\"wp-block-media-text__media\"><img loading=\"lazy\" decoding=\"async\" width=\"1024\" height=\"577\" src=\"https:\/\/mem.gob.do\/wp-content\/uploads\/2025\/08\/IMG-20250810-WA0005-1024x577.jpg\" alt=\"\" class=\"wp-image-11957 size-full\" srcset=\"https:\/\/mem.gob.do\/wp-content\/uploads\/2025\/08\/IMG-20250810-WA0005-1024x577.jpg 1024w, https:\/\/mem.gob.do\/wp-content\/uploads\/2025\/08\/IMG-20250810-WA0005-300x169.jpg 300w, https:\/\/mem.gob.do\/wp-content\/uploads\/2025\/08\/IMG-20250810-WA0005-768x433.jpg 768w, https:\/\/mem.gob.do\/wp-content\/uploads\/2025\/08\/IMG-20250810-WA0005-1536x866.jpg 1536w, https:\/\/mem.gob.do\/wp-content\/uploads\/2025\/08\/IMG-20250810-WA0005-2048x1154.jpg 2048w\" sizes=\"auto, (max-width: 1024px) 100vw, 1024px\"><\/figure>\n<div class=\"wp-block-media-text__content\">\n<p>Como parte de la supervisi\u00f3n, Santos hizo un recorrido por toda el \u00e1rea donde se construye la central, acompa\u00f1ado por el viceministro de Energ\u00eda, Alfonso Rodr\u00edguez; el superintendente de Electricidad, Andr\u00e9s Astacio; el director ejecutivo de la Comisi\u00f3n Nacional de Energ\u00eda, Edward Veras y el presidente del Consejo Unificado de Empresas Distribuidoras, Celso Marranzini.<\/p>\n<\/div>\n<\/div>\n<p>De su lado, Javier Tejada, H\u00e9ctor Rizek y Edgar Pichardo, socios del proyecto, valoraron como positivo y de alta importancia el apoyo que el presidente Luis Abinader, a trav\u00e9s del Gabinete El\u00e9ctrico y el ministro Joel Santos ha dispensado para el desarrollo de la citada obra el\u00e9ctrica.<\/p>\n<p>\u201cTenemos un agradecimiento profundo como empresa; primero, al presidente de la Rep\u00fablica, el Gabinete El\u00e9ctrico y todas las dem\u00e1s autoridades. Y quiero decirles que ustedes sembraron una peque\u00f1a semilla hace un a\u00f1o, con un proceso de licitaci\u00f3n que, a todas luces, est\u00e1 calificado como uno de los mejores procesos de licitaci\u00f3n p\u00fablica internacional de compras de energ\u00eda realizado en Rep\u00fablica Dominicana\u201d, valor\u00f3 Javier Tejada.<\/p>\n<p>Sobre el particular, el superintendente de Electricidad, Andr\u00e9s Astacio, indic\u00f3 que la Generadora San Felipe I, \u201ces uno de los proyectos ancla que forma parte de la estrategia gubernamental, con m\u00e1s de 460 megavatios de alt\u00edsima eficiencia para el sistema el\u00e9ctrico y, por lo que hemos podido ver, va cumpliendo todos los criterios planificados, por lo que nos sentimos muy positivos con su desarrollo\u201d.<\/p>\n<p>En tanto, el director ejecutivo de la Comisi\u00f3n Nacional de Energ\u00eda, Edward Veras, dijo que la central San Felipe contribuir\u00e1 a duplicar la capacidad energ\u00e9tica hacia la siguiente d\u00e9cada.<\/p>\n<p>\u201cSi nos proponemos duplicar la econom\u00eda nacional, tambi\u00e9n necesitamos duplicar la oferta energ\u00e9tica, con una generaci\u00f3n barata, que permita a las empresas distribuidoras bajar entre tres y cuatro centavos su precio promedio de compra a futuro, lo que permitir\u00e1 que la poblaci\u00f3n siga teniendo un acceso garantizado de energ\u00eda\u201d, puntualiz\u00f3.<\/p>\n<p><strong>L\u00ednea de interconexi\u00f3n<\/strong><\/p>\n<div class=\"wp-block-media-text is-stacked-on-mobile\" style=\"grid-template-columns:34% auto\">\n<figure class=\"wp-block-media-text__media\"><img loading=\"lazy\" decoding=\"async\" width=\"1024\" height=\"577\" src=\"https:\/\/mem.gob.do\/wp-content\/uploads\/2025\/08\/IMG-20250810-WA0005-1-1024x577.jpg\" alt=\"\" class=\"wp-image-11958 size-full\" srcset=\"https:\/\/mem.gob.do\/wp-content\/uploads\/2025\/08\/IMG-20250810-WA0005-1-1024x577.jpg 1024w, https:\/\/mem.gob.do\/wp-content\/uploads\/2025\/08\/IMG-20250810-WA0005-1-300x169.jpg 300w, https:\/\/mem.gob.do\/wp-content\/uploads\/2025\/08\/IMG-20250810-WA0005-1-768x433.jpg 768w, https:\/\/mem.gob.do\/wp-content\/uploads\/2025\/08\/IMG-20250810-WA0005-1-1536x866.jpg 1536w, https:\/\/mem.gob.do\/wp-content\/uploads\/2025\/08\/IMG-20250810-WA0005-1-2048x1154.jpg 2048w\" sizes=\"auto, (max-width: 1024px) 100vw, 1024px\"><\/figure>\n<div class=\"wp-block-media-text__content\">\n<p>La l\u00ednea de interconexi\u00f3n al Sistema El\u00e9ctrico Nacional Interconectado (SENI) tendr\u00e1 en su primera fase 138 kilovoltios (kV)-345kV de 41 kil\u00f3metros de extensi\u00f3n y se conectar\u00e1 a la subestaci\u00f3n Cabreto. En la segunda fase, con la construcci\u00f3n de una subestaci\u00f3n adicional, se conectar\u00e1 a Boca Chica, con un contrato \u201cllave en mano\u201d, con la empresa Elecnor y se pondr\u00e1 en marca en julio el 2026.<\/p>\n<\/div>\n<\/div>\n<p>Durante el recorrido de supervisi\u00f3n que hicieron los miembros del Gabinete El\u00e9ctrico, tambi\u00e9n participaron Francisco Torres, superintendente de Pensiones; el vicepresidente de AFP Siembra, Jos\u00e9 Manuel Reynoso; representantes del Banco de Reservas, socios estrat\u00e9gicos del proyecto, proveedores, empresarios, entre otros.<\/p>\n<\/div>\n<p>The post <a href=\"https:\/\/mem.gob.do\/ministro-joel-santos-supervisa-junto-al-gabinete-electrico-construccion-generadora-san-felipe-i\/\">Ministro Joel Santos supervisa, junto al Gabinete El\u00e9ctrico, construcci\u00f3n Generadora San Felipe I<\/a> first appeared on <a href=\"https:\/\/mem.gob.do\/\">Ministerio de Energ\u00eda y Minas<\/a>.<\/p>\n<\/div>\n<\/div>\n","protected":false},"excerpt":{"rendered":"<p>La central, que se levanta en Andr\u00e9s, Boca Chica, aportar\u00e1 467 megavatios y se prev\u00e9 entrar\u00e1 en operaci\u00f3n en 2027 La central, que se levanta en Andr\u00e9s, Boca Chica, aportar\u00e1&hellip; <\/p>\n","protected":false},"author":2,"featured_media":6309,"comment_status":"closed","ping_status":"closed","sticky":false,"template":"","format":"standard","meta":{"fifu_image_url":"https:\/\/cdn.printfriendly.com\/buttons\/printfriendly-pdf-email-button-notext.png","fifu_image_alt":"Ministro Joel Santos supervisa, junto al Gabinete El\u00e9ctrico, construcci\u00f3n Generadora San Felipe I","footnotes":""},"categories":[29],"tags":[],"class_list":["post-6308","post","type-post","status-publish","format-standard","has-post-thumbnail","hentry","category-energia"],"_links":{"self":[{"href":"https:\/\/elmundodelapolitica.com\/v1\/wp-json\/wp\/v2\/posts\/6308","targetHints":{"allow":["GET"]}}],"collection":[{"href":"https:\/\/elmundodelapolitica.com\/v1\/wp-json\/wp\/v2\/posts"}],"about":[{"href":"https:\/\/elmundodelapolitica.com\/v1\/wp-json\/wp\/v2\/types\/post"}],"author":[{"embeddable":true,"href":"https:\/\/elmundodelapolitica.com\/v1\/wp-json\/wp\/v2\/users\/2"}],"replies":[{"embeddable":true,"href":"https:\/\/elmundodelapolitica.com\/v1\/wp-json\/wp\/v2\/comments?post=6308"}],"version-history":[{"count":0,"href":"https:\/\/elmundodelapolitica.com\/v1\/wp-json\/wp\/v2\/posts\/6308\/revisions"}],"wp:featuredmedia":[{"embeddable":true,"href":"https:\/\/elmundodelapolitica.com\/v1\/wp-json\/wp\/v2\/media\/6309"}],"wp:attachment":[{"href":"https:\/\/elmundodelapolitica.com\/v1\/wp-json\/wp\/v2\/media?parent=6308"}],"wp:term":[{"taxonomy":"category","embeddable":true,"href":"https:\/\/elmundodelapolitica.com\/v1\/wp-json\/wp\/v2\/categories?post=6308"},{"taxonomy":"post_tag","embeddable":true,"href":"https:\/\/elmundodelapolitica.com\/v1\/wp-json\/wp\/v2\/tags?post=6308"}],"curies":[{"name":"wp","href":"https:\/\/api.w.org\/{rel}","templated":true}]}}