{"id":6307,"date":"2025-08-08T15:30:39","date_gmt":"2025-08-08T19:30:39","guid":{"rendered":"https:\/\/elmundodelapolitica.com\/v1\/?p=6307"},"modified":"2025-08-08T15:30:39","modified_gmt":"2025-08-08T19:30:39","slug":"gobierno-mantiene-precios-combustibles-esenciales-subsidia-glp-y-gasoil-con-rd143-1-millones","status":"publish","type":"post","link":"https:\/\/elmundodelapolitica.com\/v1\/gobierno-mantiene-precios-combustibles-esenciales-subsidia-glp-y-gasoil-con-rd143-1-millones\/","title":{"rendered":"Gobierno mantiene precios combustibles esenciales; subsidia GLP y Gasoil con RD$143.1 millones"},"content":{"rendered":"<div>\n<div>\n<p><strong>Santo Domingo.-<\/strong> El viceministro de Comercio Interno del Ministerio de Industria, Comercio y Mipymes (MICM), Ram\u00f3n P\u00e9rez Ferm\u00edn, inform\u00f3 este viernes que, durante la semana del 9 al 15 de agosto de 2025, los precios de los combustibles se mantendr\u00e1n sin variaci\u00f3n, al subsidiar el GLP y el Gasoil por un monto de RD$143.1 millones, lo que permitir\u00e1 seguir protegiendo los hogares dominicanos.<\/p>\n<p>Para esta semana, el Gobierno subsidiar\u00e1 el gas licuado de petr\u00f3leo (GLP) con RD$8.51 por gal\u00f3n, el gasoil regular con RD$9.08 y el gasoil \u00f3ptimo con RD$8.28.<\/p>\n<p>\u201cAunque el mercado internacional muestra se\u00f1ales de estabilidad, los precios de los combustibles contin\u00faan bajo presi\u00f3n por factores nacionales e internacionales. En este contexto, el Gobierno mantiene su pol\u00edtica de subsidios, basada en el compromiso firme de proteger a los ciudadanos y asegurar, al mismo tiempo, la sostenibilidad financiera del Estado\u201d, expres\u00f3 P\u00e9rez Ferm\u00edn.<\/p>\n<p><strong>Precios de los combustibles<\/strong><\/p>\n<p>Para la semana del 9 al 15 de agosto 2025, los combustibles se comercializar\u00e1n a los precios siguientes:<\/p>\n<ul>\n<li>Gasolina Premium se vender\u00e1 a RD$290.10 por gal\u00f3n; mantiene su precio.<\/li>\n<li>Gasolina Regular, RD$272.50 por gal\u00f3n; mantiene su precio.<\/li>\n<li>Gasoil Regular, RD$224.80 por gal\u00f3n; mantiene su precio.<\/li>\n<li>Gasoil \u00d3ptimo, RD$242.10 por gal\u00f3n; mantiene su precio.<\/li>\n<li>Avtur, RD$187.58 por gal\u00f3n; baja RD$5.67.<\/li>\n<li>Kerosene, RD$218.50 por gal\u00f3n; baja RD$6.40.<\/li>\n<li>Fueloil #6, RD$159.00 por gal\u00f3n; baja RD$4.00.<\/li>\n<li>Fueloil 1%S, RD$170.56 por gal\u00f3n; baja RD$3.69.<\/li>\n<li>Gas licuado de petr\u00f3leo (GLP), RD$137.20 por gal\u00f3n; mantiene su precio.<\/li>\n<li>Gas natural, RD$43.97 por m3 ; mantiene su precio.<\/li>\n<\/ul>\n<p>La tasa de cambio promedio semanal es de RD$61.26, de las publicaciones diarias del Banco Central.<\/p>\n<p><strong>Fuente:<\/strong> Direcci\u00f3n de Comunicaciones<\/p>\n<p>The post <a href=\"https:\/\/micm.gob.do\/gobierno-mantiene-precios-combustibles-esenciales-subsidia-glp-y-gasoil-con-rd143-1-millones\/\">Gobierno mantiene precios combustibles esenciales; subsidia GLP y Gasoil con RD$143.1 millones<\/a> appeared first on <a href=\"https:\/\/micm.gob.do\/\">MICM<\/a>.<\/p>\n<\/div>\n<\/div>\n","protected":false},"excerpt":{"rendered":"<p>Santo Domingo.- El viceministro de Comercio Interno del Ministerio de Industria, Comercio y Mipymes (MICM), Ram\u00f3n P\u00e9rez Ferm\u00edn, inform\u00f3 este viernes que, durante la semana del 9 al 15 de&hellip; <\/p>\n","protected":false},"author":2,"featured_media":0,"comment_status":"closed","ping_status":"closed","sticky":false,"template":"","format":"standard","meta":{"fifu_image_url":"","fifu_image_alt":"","footnotes":""},"categories":[38],"tags":[],"class_list":["post-6307","post","type-post","status-publish","format-standard","hentry","category-comercio"],"_links":{"self":[{"href":"https:\/\/elmundodelapolitica.com\/v1\/wp-json\/wp\/v2\/posts\/6307","targetHints":{"allow":["GET"]}}],"collection":[{"href":"https:\/\/elmundodelapolitica.com\/v1\/wp-json\/wp\/v2\/posts"}],"about":[{"href":"https:\/\/elmundodelapolitica.com\/v1\/wp-json\/wp\/v2\/types\/post"}],"author":[{"embeddable":true,"href":"https:\/\/elmundodelapolitica.com\/v1\/wp-json\/wp\/v2\/users\/2"}],"replies":[{"embeddable":true,"href":"https:\/\/elmundodelapolitica.com\/v1\/wp-json\/wp\/v2\/comments?post=6307"}],"version-history":[{"count":0,"href":"https:\/\/elmundodelapolitica.com\/v1\/wp-json\/wp\/v2\/posts\/6307\/revisions"}],"wp:attachment":[{"href":"https:\/\/elmundodelapolitica.com\/v1\/wp-json\/wp\/v2\/media?parent=6307"}],"wp:term":[{"taxonomy":"category","embeddable":true,"href":"https:\/\/elmundodelapolitica.com\/v1\/wp-json\/wp\/v2\/categories?post=6307"},{"taxonomy":"post_tag","embeddable":true,"href":"https:\/\/elmundodelapolitica.com\/v1\/wp-json\/wp\/v2\/tags?post=6307"}],"curies":[{"name":"wp","href":"https:\/\/api.w.org\/{rel}","templated":true}]}}