{"id":6252,"date":"2025-07-22T11:56:15","date_gmt":"2025-07-22T15:56:15","guid":{"rendered":"https:\/\/elmundodelapolitica.com\/v1\/?p=6252"},"modified":"2025-07-22T11:56:17","modified_gmt":"2025-07-22T15:56:17","slug":"reyes-anuncia-en-el-gobierno-en-las-provincias-inclusiones-en-subsidio-alimentate","status":"publish","type":"post","link":"https:\/\/elmundodelapolitica.com\/v1\/reyes-anuncia-en-el-gobierno-en-las-provincias-inclusiones-en-subsidio-alimentate\/","title":{"rendered":"Reyes anuncia en \u201cEl Gobierno en las Provincias\u201d inclusiones en subsidio Alim\u00e9ntate"},"content":{"rendered":"\n<p><strong>Santo Domingo,  julio 2025.-\u00a0<\/strong>Como parte de la jornada nacional \u201cEl Gobierno en las Provincias\u201d, la Direcci\u00f3n de Desarrollo Social Sup\u00e9rate desarroll\u00f3 una amplia agenda de trabajo, que incluy\u00f3 reuni\u00f3n con autoridades locales, l\u00edderes comunitarios y representantes de la sociedad civil, as\u00ed como un operativo de servicios.<\/p>\n\n\n\n<p>Durante la actividad, encabezada por la directora de Desarrollo Social Sup\u00e9rate, Gloria Reyes, los y las comunitarias externaron las necesidades del populoso sector, entre las que destacan la construcci\u00f3n de obras de infraestructura vial, centros educativos y la inclusi\u00f3n de nuevos hogares al programa de subsidio Alim\u00e9ntate.<\/p>\n\n\n\n<p>En cuanto a este \u00faltimo punto, Reyes respondi\u00f3 con el anuncio de que, por disposici\u00f3n del presidente Luis Abinader, el pr\u00f3ximo mes de agosto ser\u00e1n incluidos nuevos hogares de Santo Domingo Norte como beneficiarios de este programa de asistencia social.<\/p>\n\n\n\n<p>\u201cHoy estamos aqu\u00ed para continuar acercando el gobierno a las comunidades, escuchar y atender sus reclamos, y tambi\u00e9n para que entre todos busquemos soluci\u00f3n a las problem\u00e1ticas de la comunidad. Es por eso, que hoy realizaremos una jornada de inscripci\u00f3n para los subsidios Sup\u00e9rate y a partir de agosto ya tendremos fondos para incluir nuevos hogares beneficiarios\u201d, afirm\u00f3 ante las personas que se dieron cita en la escuela Miguel \u00c1ngel P\u00e9rez Sierra, en la carretera La Victoria.<\/p>\n\n\n\n<p>En Santo Domingo Norte, Sup\u00e9rate distribuye subsidios en 122 mil 400 hogares.<\/p>\n\n\n\n<p>Asimismo, seg\u00fan indic\u00f3 Reyes, el Sistema \u00danico de Beneficiarios (Siuben), har\u00e1 el levantamiento y evaluaci\u00f3n para definir quienes entran en la categor\u00eda para recibir el BonoG\u00e1s.<\/p>\n\n\n\n<p>En tanto, para responder a las preguntas sobre obras de infraestructura, Juan Herrera y Carlos Ortiz, representantes de la Comisi\u00f3n de Seguimiento del Gobierno en la provincia Santo Domingo, enlistaron las obras terminadas, entre las que destacan la Ciudad Modelo, en Villa Mella, escuelas, destacamentos policiales, el estadio de b\u00e9isbol y la extensi\u00f3n de la Universidad Aut\u00f3noma de Santo Domingo (UASD), entre otras.<\/p>\n\n\n\n<p>\u201cEntre las obras que est\u00e1n en desarrollo tenemos: el proyecto de Vivienda Feliz, 11 escuelas, el techado del parque Villa Mella y la continuaci\u00f3n de la l\u00ednea 1 del metro y otras m\u00e1s\u201d, expresaron.<\/p>\n\n\n\n<p><strong>Operativo de Servicios<\/strong><\/p>\n\n\n\n<p>En alianza con otras instituciones gubernamentales, la Direcci\u00f3n de Desarrollo Social Sup\u00e9rate ofreci\u00f3 atenciones m\u00e9dicas en distintas especialidades, inscripciones y actualizaci\u00f3n en Siuben y en el r\u00e9gimen subsidiado de SeNaSa. Adem\u00e1s, se ofrecieron inscripciones para programas de capacitaci\u00f3n y se realizaron talleres sobre prevenci\u00f3n de la violencia dom\u00e9stica y de embarazos en adolescentes. Tambi\u00e9n se dispuso la venta de art\u00edculos de la canasta b\u00e1sica por el Instituto Nacional de Estabilizaci\u00f3n de Precios (Inespre).<\/p>\n\n\n\n<p>Acompa\u00f1aron a Reyes diversas autoridades locales, entre ellas la gobernadora provincial Lucrecia Santana; el director de los Centros Tecnol\u00f3gicos Comunitarios (CTC), Isidro Torres, y la diputada Patricia N\u00fa\u00f1ez. Tambi\u00e9n representantes de la Alcald\u00eda de Santo Domingo Norte.<\/p>\n\n\n\n<p>Tambi\u00e9n estuvieron presentes Yasiris S\u00e1nchez, subdirectora de Asuntos Locales; Damelia Zapata, subdirectora de Proyectos Sociales del programa Sup\u00e9rate, y Brenda Franco, directora regional de Sup\u00e9rate.<\/p>\n\n\n\n<p>En el centro educativo, emprendedoras de la zona expusieron y comercializaron sus productos.<\/p>\n\n\n\n<p>\u201cEl Gobierno en las Provincias\u201d es un espacio de di\u00e1logo y participaci\u00f3n ciudadana que busca escuchar las preocupaciones de la poblaci\u00f3n, presentar los avances del Gobierno y dar respuestas efectivas. El programa se consolida como una herramienta para promover la equidad territorial y el desarrollo con inclusi\u00f3n.<\/p>\n\n\n\n<figure class=\"wp-block-image size-full\"><img loading=\"lazy\" decoding=\"async\" width=\"926\" height=\"617\" src=\"https:\/\/elmundodelapolitica.com\/v1\/wp-content\/uploads\/2025\/07\/0-5.jpg\" alt=\"\" class=\"wp-image-6253\" srcset=\"https:\/\/elmundodelapolitica.com\/v1\/wp-content\/uploads\/2025\/07\/0-5.jpg 926w, https:\/\/elmundodelapolitica.com\/v1\/wp-content\/uploads\/2025\/07\/0-5-300x200.jpg 300w, https:\/\/elmundodelapolitica.com\/v1\/wp-content\/uploads\/2025\/07\/0-5-768x512.jpg 768w\" sizes=\"auto, (max-width: 926px) 100vw, 926px\" \/><\/figure>\n","protected":false},"excerpt":{"rendered":"<p>Santo Domingo, julio 2025.-\u00a0Como parte de la jornada nacional \u201cEl Gobierno en las Provincias\u201d, la Direcci\u00f3n de Desarrollo Social Sup\u00e9rate desarroll\u00f3 una amplia agenda de trabajo, que incluy\u00f3 reuni\u00f3n con&hellip; <\/p>\n","protected":false},"author":2,"featured_media":6253,"comment_status":"closed","ping_status":"closed","sticky":false,"template":"","format":"standard","meta":{"fifu_image_url":"","fifu_image_alt":"","footnotes":""},"categories":[12],"tags":[],"class_list":["post-6252","post","type-post","status-publish","format-standard","has-post-thumbnail","hentry","category-agenda-politica"],"_links":{"self":[{"href":"https:\/\/elmundodelapolitica.com\/v1\/wp-json\/wp\/v2\/posts\/6252","targetHints":{"allow":["GET"]}}],"collection":[{"href":"https:\/\/elmundodelapolitica.com\/v1\/wp-json\/wp\/v2\/posts"}],"about":[{"href":"https:\/\/elmundodelapolitica.com\/v1\/wp-json\/wp\/v2\/types\/post"}],"author":[{"embeddable":true,"href":"https:\/\/elmundodelapolitica.com\/v1\/wp-json\/wp\/v2\/users\/2"}],"replies":[{"embeddable":true,"href":"https:\/\/elmundodelapolitica.com\/v1\/wp-json\/wp\/v2\/comments?post=6252"}],"version-history":[{"count":1,"href":"https:\/\/elmundodelapolitica.com\/v1\/wp-json\/wp\/v2\/posts\/6252\/revisions"}],"predecessor-version":[{"id":6254,"href":"https:\/\/elmundodelapolitica.com\/v1\/wp-json\/wp\/v2\/posts\/6252\/revisions\/6254"}],"wp:featuredmedia":[{"embeddable":true,"href":"https:\/\/elmundodelapolitica.com\/v1\/wp-json\/wp\/v2\/media\/6253"}],"wp:attachment":[{"href":"https:\/\/elmundodelapolitica.com\/v1\/wp-json\/wp\/v2\/media?parent=6252"}],"wp:term":[{"taxonomy":"category","embeddable":true,"href":"https:\/\/elmundodelapolitica.com\/v1\/wp-json\/wp\/v2\/categories?post=6252"},{"taxonomy":"post_tag","embeddable":true,"href":"https:\/\/elmundodelapolitica.com\/v1\/wp-json\/wp\/v2\/tags?post=6252"}],"curies":[{"name":"wp","href":"https:\/\/api.w.org\/{rel}","templated":true}]}}