{"id":6249,"date":"2025-07-22T11:55:22","date_gmt":"2025-07-22T15:55:22","guid":{"rendered":"https:\/\/elmundodelapolitica.com\/v1\/?p=6249"},"modified":"2025-07-22T11:55:24","modified_gmt":"2025-07-22T15:55:24","slug":"senala-santos-badia-gobierno-reafirma-compromisos-san-cristobal-mediante-supervision-avances-obras-claves","status":"publish","type":"post","link":"https:\/\/elmundodelapolitica.com\/v1\/senala-santos-badia-gobierno-reafirma-compromisos-san-cristobal-mediante-supervision-avances-obras-claves\/","title":{"rendered":"Se\u00f1ala Santos Bad\u00eda gobierno reafirma compromisos San Crist\u00f3bal mediante supervisi\u00f3n avances obras claves"},"content":{"rendered":"\n<p>San Crist\u00f3bal. \u2013 En el marco del programa \u201cEl Gobierno en las Provincias\u201d, el director general del Instituto Nacional de Formaci\u00f3n T\u00e9cnico Profesional (INFOTEP), Rafael Santos Bad\u00eda, y la gobernadora Pura Casilla, encabezaron un recorrido de supervisi\u00f3n por obras que ejecuta el Gobierno dominicano en San Crist\u00f3bal, muchas de las cuales se encuentran en su fase final de construcci\u00f3n.<\/p>\n\n\n\n<p>Durante la visita, el director del INFOTEP valor\u00f3 la magnitud de los proyectos y su impacto directo en la calidad de vida de la poblaci\u00f3n, destacando el compromiso del Gobierno con el desarrollo territorial y la formaci\u00f3n t\u00e9cnico-profesional.<\/p>\n\n\n\n<p>\u201cEstas obras que estamos supervisando hoy no son simples estructuras; son compromisos cumplidos del Gobierno del presidente Abinader con la gente de San Crist\u00f3bal. Desde una universidad moderna hasta centros educativos y hospitales dignos, estas edificaciones transformar\u00e1n vidas, generar\u00e1n empleos y aportar\u00e1n al desarrollo humano y social de toda la provincia\u201d, expres\u00f3 Santos Bad\u00eda.<\/p>\n\n\n\n<p>Agreg\u00f3 que la visi\u00f3n del Gobierno es llevar soluciones concretas a las comunidades y fortalecer la institucionalidad mediante la transparencia y la cercan\u00eda con la ciudadan\u00eda.<\/p>\n\n\n\n<p>\u201cEstamos aqu\u00ed para ver los avances o posibles retrasos que puedan tener las obras que estamos realizando en San Crist\u00f3bal, a fin de rendirle un informe al presidente Abinader y agilizar las respuestas a las demandas de los mun\u00edcipes\u201d, sostuvo el titular del INFOTEP.<\/p>\n\n\n\n<p>Por su parte, la gobernadora Pura Casilla reafirm\u00f3 el seguimiento constante a las obras, como parte del mandato presidencial de asegurar su calidad y eficiencia.<\/p>\n\n\n\n<p>\u201cEstamos comprometidos con garantizar la transparencia y la terminaci\u00f3n en tiempo eficaz y con calidad de cada proyecto en nuestra provincia\u201d, indic\u00f3 Casilla.<\/p>\n\n\n\n<p><strong>Obras supervisadas<\/strong><\/p>\n\n\n\n<p>Entre los proyectos inspeccionados se destacan:<\/p>\n\n\n\n<p>\u00b7&nbsp;&nbsp;&nbsp;&nbsp;&nbsp;&nbsp;&nbsp;&nbsp;El nuevo edificio de la Universidad Aut\u00f3noma de Santo Domingo (UASD) en San Crist\u00f3bal, con un 90 % de avance.<\/p>\n\n\n\n<p>\u00b7&nbsp;&nbsp;&nbsp;&nbsp;&nbsp;&nbsp;&nbsp;&nbsp;La construcci\u00f3n de centros educativos, entre ellos la Escuela B\u00e1sica Bienvenido Franco Castillo, ubicada en el barrio Mach\u00edn, del Distrito Municipal de Do\u00f1a Ana.<\/p>\n\n\n\n<p>\u00b7&nbsp;&nbsp;&nbsp;&nbsp;&nbsp;&nbsp;&nbsp;&nbsp;El nuevo Hospital Municipal de Yaguate, una demanda hist\u00f3rica de la comunidad, que se encuentra en fase de finalizaci\u00f3n.<\/p>\n\n\n\n<p>Tambi\u00e9n fueron mencionadas otras obras en desarrollo, como la Ciudad Sanitaria, la intervenci\u00f3n de la carretera tur\u00edstica del sector Los Cacaos, la Circunvalaci\u00f3n, y la reactivaci\u00f3n de escuelas que permanecieron paralizadas durante a\u00f1os.<\/p>\n\n\n\n<p><strong>Amplia participaci\u00f3n institucional<\/strong><\/p>\n\n\n\n<p>En el recorrido participaron adem\u00e1s los directores regionales de Educaci\u00f3n y Salud, Julio C\u00e9sar Tejeda y Marcelino Fulgencio, el alcalde de Yaguate, Jos\u00e9 Oviedo, el representante senatorial Alexander Lorenzo, as\u00ed como Ondina Marte, directora de Planificaci\u00f3n y Desarrollo, y Odelis Matos, director de Monitoreo de Proyectos y Convenios del INFOTEP.<\/p>\n\n\n\n<p>De forma simult\u00e1nea se llevaron a cabo recorridos similares en otras localidades: Francisco Guillermo Garc\u00eda encabez\u00f3 el de Villa Altagracia, y el ministro Neney Cabrera, el de Haina.<\/p>\n\n\n\n<p><strong>Operativo del INFOTEP en Villa Fundaci\u00f3n<\/strong><\/p>\n\n\n\n<p>Como parte de la jornada, el INFOTEP ejecut\u00f3 un operativo comunitario en Villa Fundaci\u00f3n, donde su aula m\u00f3vil del \u00e1rea de belleza ofreci\u00f3 servicios gratuitos y demostraciones pr\u00e1cticas a los residentes.<\/p>\n\n\n\n<p>\u201cAdmisiones del INFOTEP llev\u00f3 a cabo un operativo con su aula m\u00f3vil del \u00e1rea de belleza, para realizar demostraciones de corte de pelo para los caballeros, lavado y secado de cabellos para las damas, maquillaje, u\u00f1as y m\u00e1s. Tambi\u00e9n hubo exhibiciones del taller de electricidad, con el fin de motivarlos a que hagan cursos y as\u00ed puedan emprender o acceder a un empleo\u201d, explic\u00f3 Santos Bad\u00eda.<\/p>\n\n\n\n<p><strong>Sobre \u201cEl Gobierno en las Provincias\u201d<\/strong><\/p>\n\n\n\n<p>Esta iniciativa del Gobierno dominicano tiene como objetivo fortalecer el contacto directo entre el Estado y la poblaci\u00f3n, mediante visitas programadas de funcionarios a las distintas provincias. La finalidad es conocer las necesidades de las comunidades, supervisar las obras en curso y garantizar la ejecuci\u00f3n transparente de los compromisos asumidos.<\/p>\n\n\n\n<figure class=\"wp-block-image size-full\"><img loading=\"lazy\" decoding=\"async\" width=\"925\" height=\"617\" src=\"https:\/\/elmundodelapolitica.com\/v1\/wp-content\/uploads\/2025\/07\/0-4.jpg\" alt=\"\" class=\"wp-image-6250\" srcset=\"https:\/\/elmundodelapolitica.com\/v1\/wp-content\/uploads\/2025\/07\/0-4.jpg 925w, https:\/\/elmundodelapolitica.com\/v1\/wp-content\/uploads\/2025\/07\/0-4-300x200.jpg 300w, https:\/\/elmundodelapolitica.com\/v1\/wp-content\/uploads\/2025\/07\/0-4-768x512.jpg 768w\" sizes=\"auto, (max-width: 925px) 100vw, 925px\" \/><\/figure>\n","protected":false},"excerpt":{"rendered":"<p>San Crist\u00f3bal. \u2013 En el marco del programa \u201cEl Gobierno en las Provincias\u201d, el director general del Instituto Nacional de Formaci\u00f3n T\u00e9cnico Profesional (INFOTEP), Rafael Santos Bad\u00eda, y la gobernadora&hellip; <\/p>\n","protected":false},"author":2,"featured_media":6250,"comment_status":"closed","ping_status":"closed","sticky":false,"template":"","format":"standard","meta":{"fifu_image_url":"","fifu_image_alt":"","footnotes":""},"categories":[12],"tags":[],"class_list":["post-6249","post","type-post","status-publish","format-standard","has-post-thumbnail","hentry","category-agenda-politica"],"_links":{"self":[{"href":"https:\/\/elmundodelapolitica.com\/v1\/wp-json\/wp\/v2\/posts\/6249","targetHints":{"allow":["GET"]}}],"collection":[{"href":"https:\/\/elmundodelapolitica.com\/v1\/wp-json\/wp\/v2\/posts"}],"about":[{"href":"https:\/\/elmundodelapolitica.com\/v1\/wp-json\/wp\/v2\/types\/post"}],"author":[{"embeddable":true,"href":"https:\/\/elmundodelapolitica.com\/v1\/wp-json\/wp\/v2\/users\/2"}],"replies":[{"embeddable":true,"href":"https:\/\/elmundodelapolitica.com\/v1\/wp-json\/wp\/v2\/comments?post=6249"}],"version-history":[{"count":1,"href":"https:\/\/elmundodelapolitica.com\/v1\/wp-json\/wp\/v2\/posts\/6249\/revisions"}],"predecessor-version":[{"id":6251,"href":"https:\/\/elmundodelapolitica.com\/v1\/wp-json\/wp\/v2\/posts\/6249\/revisions\/6251"}],"wp:featuredmedia":[{"embeddable":true,"href":"https:\/\/elmundodelapolitica.com\/v1\/wp-json\/wp\/v2\/media\/6250"}],"wp:attachment":[{"href":"https:\/\/elmundodelapolitica.com\/v1\/wp-json\/wp\/v2\/media?parent=6249"}],"wp:term":[{"taxonomy":"category","embeddable":true,"href":"https:\/\/elmundodelapolitica.com\/v1\/wp-json\/wp\/v2\/categories?post=6249"},{"taxonomy":"post_tag","embeddable":true,"href":"https:\/\/elmundodelapolitica.com\/v1\/wp-json\/wp\/v2\/tags?post=6249"}],"curies":[{"name":"wp","href":"https:\/\/api.w.org\/{rel}","templated":true}]}}