{"id":6231,"date":"2025-07-12T19:42:34","date_gmt":"2025-07-12T23:42:34","guid":{"rendered":"https:\/\/elmundodelapolitica.com\/v1\/?p=6231"},"modified":"2025-07-12T19:42:36","modified_gmt":"2025-07-12T23:42:36","slug":"anuncia-eted-mantenimiento-este-sabado-en-linea-69-kv-boca-chica-megapuerto","status":"publish","type":"post","link":"https:\/\/elmundodelapolitica.com\/v1\/anuncia-eted-mantenimiento-este-sabado-en-linea-69-kv-boca-chica-megapuerto\/","title":{"rendered":"Anuncia\u00a0ETED mantenimiento este s\u00e1bado en l\u00ednea 69 kV Boca Chica \u2013 Megapuerto"},"content":{"rendered":"\n<p>La Empresa de Transmisi\u00f3n El\u00e9ctrica Dominicana (ETED) informa que, este s\u00e1bado, 5 de julio, realizar\u00e1 trabajo de sustituci\u00f3n de cable de guarda por fibra \u00f3ptica, en la l\u00ednea 69 kV Boca Chica \u2013 Megapuerto, de 9:00 a.m. a 4:00 p.m.<\/p>\n\n\n\n<p>Durante la ejecuci\u00f3n de estos trabajos, se ver\u00e1 afectado el servicio el\u00e9ctrico en la comunidad de La Caleta perteneciente al Gran Santo Domingo. Por seguridad se requerir\u00e1n los UT\u00b4s: 21367, 21345, 21664, 21645 y 21607, los cuales afectar\u00e1n de manera parcial las comunidades de Boca Chica, Los Frailes 2do, Aguas Locas, La Ure\u00f1a pertenecientes al Gran Santo Domingo y Cancela perteneciente al municipio Santo Domingo Este.<\/p>\n\n\n\n<p>Tambi\u00e9n, se ver\u00e1n afectadas las empresas: Parque Cibern\u00e9tico, Zona Franca Multinodal Caucedo, Cartones del Caribe y Zona Franca Las Am\u00e9ricas&nbsp;<\/p>\n\n\n\n<p>La ETED pide disculpas por los inconvenientes que pueda causar y apela a la comprensi\u00f3n de los ciudadanos en las zonas afectadas.&nbsp;<\/p>\n\n\n\n<p>Estas acciones son parte del compromiso de la empresa de garantizar un servicio de transporte de energ\u00eda en alta tensi\u00f3n estable, eficiente y de calidad que d\u00e9 respuesta a las necesidades de la ciudadan\u00eda, acorde a los mandatos del Gobierno.&nbsp;<\/p>\n\n\n\n<p>SOBRE ETED&nbsp;<\/p>\n\n\n\n<p>La Empresa de Transmisi\u00f3n El\u00e9ctrica Dominicana es una compa\u00f1\u00eda el\u00e9ctrica estatal descentralizada, cuyo objetivo es construir, expandir y operar el Sistema El\u00e9ctrico Nacional Interconectado (SENI), para proveer servicios de transporte de energ\u00eda el\u00e9ctrica en alta tensi\u00f3n y telecomunicaciones por fibra \u00f3ptica a todo el territorio nacional<\/p>\n\n\n\n<figure class=\"wp-block-image size-full\"><img loading=\"lazy\" decoding=\"async\" width=\"750\" height=\"536\" src=\"https:\/\/elmundodelapolitica.com\/v1\/wp-content\/uploads\/2025\/07\/0-2.jpg\" alt=\"\" class=\"wp-image-6232\" srcset=\"https:\/\/elmundodelapolitica.com\/v1\/wp-content\/uploads\/2025\/07\/0-2.jpg 750w, https:\/\/elmundodelapolitica.com\/v1\/wp-content\/uploads\/2025\/07\/0-2-300x214.jpg 300w\" sizes=\"auto, (max-width: 750px) 100vw, 750px\" \/><\/figure>\n","protected":false},"excerpt":{"rendered":"<p>La Empresa de Transmisi\u00f3n El\u00e9ctrica Dominicana (ETED) informa que, este s\u00e1bado, 5 de julio, realizar\u00e1 trabajo de sustituci\u00f3n de cable de guarda por fibra \u00f3ptica, en la l\u00ednea 69 kV&hellip; <\/p>\n","protected":false},"author":2,"featured_media":6232,"comment_status":"closed","ping_status":"closed","sticky":false,"template":"","format":"standard","meta":{"fifu_image_url":"","fifu_image_alt":"","footnotes":""},"categories":[29],"tags":[],"class_list":["post-6231","post","type-post","status-publish","format-standard","has-post-thumbnail","hentry","category-energia"],"_links":{"self":[{"href":"https:\/\/elmundodelapolitica.com\/v1\/wp-json\/wp\/v2\/posts\/6231","targetHints":{"allow":["GET"]}}],"collection":[{"href":"https:\/\/elmundodelapolitica.com\/v1\/wp-json\/wp\/v2\/posts"}],"about":[{"href":"https:\/\/elmundodelapolitica.com\/v1\/wp-json\/wp\/v2\/types\/post"}],"author":[{"embeddable":true,"href":"https:\/\/elmundodelapolitica.com\/v1\/wp-json\/wp\/v2\/users\/2"}],"replies":[{"embeddable":true,"href":"https:\/\/elmundodelapolitica.com\/v1\/wp-json\/wp\/v2\/comments?post=6231"}],"version-history":[{"count":1,"href":"https:\/\/elmundodelapolitica.com\/v1\/wp-json\/wp\/v2\/posts\/6231\/revisions"}],"predecessor-version":[{"id":6233,"href":"https:\/\/elmundodelapolitica.com\/v1\/wp-json\/wp\/v2\/posts\/6231\/revisions\/6233"}],"wp:featuredmedia":[{"embeddable":true,"href":"https:\/\/elmundodelapolitica.com\/v1\/wp-json\/wp\/v2\/media\/6232"}],"wp:attachment":[{"href":"https:\/\/elmundodelapolitica.com\/v1\/wp-json\/wp\/v2\/media?parent=6231"}],"wp:term":[{"taxonomy":"category","embeddable":true,"href":"https:\/\/elmundodelapolitica.com\/v1\/wp-json\/wp\/v2\/categories?post=6231"},{"taxonomy":"post_tag","embeddable":true,"href":"https:\/\/elmundodelapolitica.com\/v1\/wp-json\/wp\/v2\/tags?post=6231"}],"curies":[{"name":"wp","href":"https:\/\/api.w.org\/{rel}","templated":true}]}}