{"id":6210,"date":"2025-06-21T11:17:39","date_gmt":"2025-06-21T15:17:39","guid":{"rendered":"https:\/\/elmundodelapolitica.com\/v1\/?p=6210"},"modified":"2025-06-21T11:17:41","modified_gmt":"2025-06-21T15:17:41","slug":"republica-dominicana-recibe-de-brasil-donacion-de-vacunas-contra-la-tuberculosis-en-la-primera-infancia","status":"publish","type":"post","link":"https:\/\/elmundodelapolitica.com\/v1\/republica-dominicana-recibe-de-brasil-donacion-de-vacunas-contra-la-tuberculosis-en-la-primera-infancia\/","title":{"rendered":"Rep\u00fablica Dominicana recibe de Brasil donaci\u00f3n de vacunas contra la tuberculosis en la primera infancia"},"content":{"rendered":"\n<p>Santo Domingo de Guzm\u00e1n, Rep\u00fablica Dominicana.- El Ministerio de Relaciones Exteriores (MIREX), en coordinaci\u00f3n con el Ministerio de Salud P\u00fablica y Asistencia Social (MISPAS), recibi\u00f3 una donaci\u00f3n de 192,000 dosis de la vacuna BCG (Bacilo de Calmette y Gu\u00e9rin) por parte del Gobierno de la Rep\u00fablica Federativa del Brasil, para la protecci\u00f3n contra las formas m\u00e1s graves de tuberculosis en la primera infancia.<\/p>\n\n\n\n<p>En una nota de prensa del Ministerio de Relaciones Exteriores, la Canciller\u00eda valor\u00f3 esta donaci\u00f3n la cual agradeci\u00f3 al pueblo y al gobierno del Brasil, con la cual se refuerzan los lazos de amistad, respeto y cooperaci\u00f3n entre ambas naciones. \u201cEsta contribuci\u00f3n representa no solo un acto de solidaridad, sino tambi\u00e9n un compromiso compartido con la salud p\u00fablica y el bienestar de la ni\u00f1ez\u201d, indica el documento.<\/p>\n\n\n\n<p>La entrega oficial del cargamento fue realizada por el embajador de Brasil en el pa\u00eds, Carlos P\u00e9rez, y el ministro consejero, Luis Marfil, en un acto en el que particip\u00f3 el director de Cooperaci\u00f3n Internacional del MIREX, Carlos Hern\u00e1ndez, en representaci\u00f3n del viceministro para Asuntos Econ\u00f3micos y Cooperaci\u00f3n Internacional, Hugo Francisco Rivera; y el&nbsp; viceministro de Salud Colectiva del MISPAS, Dr. Eladio P\u00e9rez, quien recibi\u00f3 formalmente la donaci\u00f3n.<\/p>\n\n\n\n<p>\u201cRep\u00fablica Dominicana reafirma su voluntad de continuar fortaleciendo la cooperaci\u00f3n bilateral con Brasil, promoviendo iniciativas conjuntas que favorezcan el desarrollo sostenible, la integraci\u00f3n regional y el fortalecimiento de nuestro sistema de salud\u201d, puntualiz\u00f3 el MIREX en dicha nota de prensa.<\/p>\n\n\n\n<figure class=\"wp-block-image size-large\"><img loading=\"lazy\" decoding=\"async\" width=\"1024\" height=\"683\" src=\"https:\/\/elmundodelapolitica.com\/v1\/wp-content\/uploads\/2025\/06\/0-10-1024x683.jpg\" alt=\"\" class=\"wp-image-6211\" srcset=\"https:\/\/elmundodelapolitica.com\/v1\/wp-content\/uploads\/2025\/06\/0-10-1024x683.jpg 1024w, https:\/\/elmundodelapolitica.com\/v1\/wp-content\/uploads\/2025\/06\/0-10-300x200.jpg 300w, https:\/\/elmundodelapolitica.com\/v1\/wp-content\/uploads\/2025\/06\/0-10-768x512.jpg 768w, https:\/\/elmundodelapolitica.com\/v1\/wp-content\/uploads\/2025\/06\/0-10.jpg 1377w\" sizes=\"auto, (max-width: 1024px) 100vw, 1024px\" \/><\/figure>\n","protected":false},"excerpt":{"rendered":"<p>Santo Domingo de Guzm\u00e1n, Rep\u00fablica Dominicana.- El Ministerio de Relaciones Exteriores (MIREX), en coordinaci\u00f3n con el Ministerio de Salud P\u00fablica y Asistencia Social (MISPAS), recibi\u00f3 una donaci\u00f3n de 192,000 dosis&hellip; <\/p>\n","protected":false},"author":2,"featured_media":6211,"comment_status":"closed","ping_status":"closed","sticky":false,"template":"","format":"standard","meta":{"fifu_image_url":"","fifu_image_alt":"","footnotes":""},"categories":[17],"tags":[],"class_list":["post-6210","post","type-post","status-publish","format-standard","has-post-thumbnail","hentry","category-politica"],"_links":{"self":[{"href":"https:\/\/elmundodelapolitica.com\/v1\/wp-json\/wp\/v2\/posts\/6210","targetHints":{"allow":["GET"]}}],"collection":[{"href":"https:\/\/elmundodelapolitica.com\/v1\/wp-json\/wp\/v2\/posts"}],"about":[{"href":"https:\/\/elmundodelapolitica.com\/v1\/wp-json\/wp\/v2\/types\/post"}],"author":[{"embeddable":true,"href":"https:\/\/elmundodelapolitica.com\/v1\/wp-json\/wp\/v2\/users\/2"}],"replies":[{"embeddable":true,"href":"https:\/\/elmundodelapolitica.com\/v1\/wp-json\/wp\/v2\/comments?post=6210"}],"version-history":[{"count":1,"href":"https:\/\/elmundodelapolitica.com\/v1\/wp-json\/wp\/v2\/posts\/6210\/revisions"}],"predecessor-version":[{"id":6212,"href":"https:\/\/elmundodelapolitica.com\/v1\/wp-json\/wp\/v2\/posts\/6210\/revisions\/6212"}],"wp:featuredmedia":[{"embeddable":true,"href":"https:\/\/elmundodelapolitica.com\/v1\/wp-json\/wp\/v2\/media\/6211"}],"wp:attachment":[{"href":"https:\/\/elmundodelapolitica.com\/v1\/wp-json\/wp\/v2\/media?parent=6210"}],"wp:term":[{"taxonomy":"category","embeddable":true,"href":"https:\/\/elmundodelapolitica.com\/v1\/wp-json\/wp\/v2\/categories?post=6210"},{"taxonomy":"post_tag","embeddable":true,"href":"https:\/\/elmundodelapolitica.com\/v1\/wp-json\/wp\/v2\/tags?post=6210"}],"curies":[{"name":"wp","href":"https:\/\/api.w.org\/{rel}","templated":true}]}}