{"id":6201,"date":"2025-06-18T09:34:05","date_gmt":"2025-06-18T13:34:05","guid":{"rendered":"https:\/\/elmundodelapolitica.com\/v1\/?p=6201"},"modified":"2025-06-18T09:34:07","modified_gmt":"2025-06-18T13:34:07","slug":"celebraran-influyente-foro-oportunidades-economicas-y-de-inversion-entre-miami-dade-y-republica-dominicana-2025","status":"publish","type":"post","link":"https:\/\/elmundodelapolitica.com\/v1\/celebraran-influyente-foro-oportunidades-economicas-y-de-inversion-entre-miami-dade-y-republica-dominicana-2025\/","title":{"rendered":"Celebrar\u00e1n influyente Foro Oportunidades Econ\u00f3micas y de Inversi\u00f3n entre Miami-Dade y Rep\u00fablica Dominicana 2025"},"content":{"rendered":"\n<p><strong>Miami<\/strong>, Florida. Junio 17, 2025.- Luego de concluida exitosamente la ExpoFeria Dominicana de Negocios, Bienes Ra\u00edces e Inversiones 2025, celebrada en el AC Hotel Dadeland Mall, la <strong>C\u00e1mara Dominicana Internacional de Negocios y Turismo, en su 31\u00ba a\u00f1o de fundaci\u00f3n<\/strong>, organiza el \u201cPrimer Foro Oportunidades Econ\u00f3micas y de Inversi\u00f3n entre el Condado Miami-Dade y la Rep\u00fablica Dominicana 2025\u201d, a realizarse el viernes 25 de julio, en el EB Hotel Miami, desde las 11:30 am. a 2:30 p.m., ubicado en la calle 36 del noreste y la famosa LeJeune, detr\u00e1s del Aeropuerto Internacional de Miami, en el \u00e1rea de Miami Springs, Florida.<\/p>\n\n\n<div class=\"wp-block-image\">\n<figure class=\"aligncenter size-large\"><img loading=\"lazy\" decoding=\"async\" width=\"1024\" height=\"576\" src=\"https:\/\/elmundodelapolitica.com\/v1\/wp-content\/uploads\/2025\/06\/0001-1024x576.jpg\" alt=\"\" class=\"wp-image-6202\" srcset=\"https:\/\/elmundodelapolitica.com\/v1\/wp-content\/uploads\/2025\/06\/0001-1024x576.jpg 1024w, https:\/\/elmundodelapolitica.com\/v1\/wp-content\/uploads\/2025\/06\/0001-300x169.jpg 300w, https:\/\/elmundodelapolitica.com\/v1\/wp-content\/uploads\/2025\/06\/0001-768x432.jpg 768w, https:\/\/elmundodelapolitica.com\/v1\/wp-content\/uploads\/2025\/06\/0001.jpg 1280w\" sizes=\"auto, (max-width: 1024px) 100vw, 1024px\" \/><\/figure>\n<\/div>\n\n\n<p>La C\u00e1mara Dominicana Internacional, en representaci\u00f3n <strong>del socio comercial #5 de la Florida a nivel mundial y #3 del Condado Miami-Dade, <\/strong>la Rep\u00fablica Dominicana, junto <strong>con el Consulado General de la Rep\u00fablica Dominicana en Miami, <\/strong>la Federaci\u00f3n Dominicana de C\u00e1maras y Organizaciones en el Exterior, y distinguidas organizaciones de apoyo, patrocinadores y socios de medios tradicionales, invitan a las comunidades estadounidense, hispana e internacional a conectarse y compartir con personas de ideas afines.<\/p>\n\n\n\n<p>Durante el relevante evento, se desarrollar\u00e1n almuerzo empresarial, networking, premios a valiosas empresas emprendedoras, reconocimientos especiales, como en especial conferencias y paneles sobre temas de mayor influencia en la relaci\u00f3n econ\u00f3mica, y potenciales de inversi\u00f3n, entre Miami y Dominicana.<\/p>\n\n\n\n<p>Para las atractivas y actualizadas Conferencias y Paneles, han sido invitados los principales funcionarios y ejecutivos del Congreso de los Estados Unidos, el Ministerio de Relaciones Exteriores de la Rep\u00fablica Dominicana (MIREX), as\u00ed como de la alcald\u00eda del condado Miami-Dade, entre otras autoridades oficiales.<\/p>\n\n\n\n<p>En los temas de AGROINDUSTRIA, COMERCIO y TRANSPORTE, la National Supermarket Association de la Florida (NSA Florida), Heavens Group, Goya Foods, entre otros.<\/p>\n\n\n\n<p>En CONSTRUCCI\u00d3N Y BIENES RA\u00cdCES, Latin Builders Association (LBA), Grupo Estrella, de la R.D., mientras para los temas de ENERG\u00cdA y MINAS, el Ministerio de Energ\u00eda y Minas de la Rep\u00fablica Dominicana, as\u00ed como de la Florida Power &amp; Light (FPL).&nbsp;<\/p>\n\n\n\n<p>Otra importante \u00e1rea de influencia econ\u00f3mica y de inversi\u00f3n es la de TURISMO, GOLF y CRUCEROS, para la cual han sido invitados principales ejecutivos y funcionarios de Cisneros Group, Grupo Puntacana, Carnival Cruises, Ministerio de Turismo de la Rep\u00fablica Dominicana, como de reconocidas aerol\u00edneas que cubren ambos din\u00e1micos destinos.&nbsp;<\/p>\n\n\n\n<p>Un \u00e1rea de suma influencia en materia de negocios internacionales, es la de LOG\u00cdSTICA, TRANSPORTE y COMERCIO INTERNACIONAL, siendo las principales figuras del Puerto de Miami, del Miami-Dade Aviation Department, International Trade Consortium (ITC), de DP WORLD, Direcci\u00f3n General de Aduanas de la R.D., as\u00ed como del Instituto Dominicano de Aviaci\u00f3n Civil (IDAC), entre otros, y tambi\u00e9n importantes figuras de las \u00e1reas FINANZAS, TECNOLOG\u00cdA, MARKETING y TELECOMUNICACIONES<\/p>\n\n\n\n<p><strong>OTRA CELEBRACI\u00d3N<\/strong>:<\/p>\n\n\n\n<p>Adem\u00e1s del 31 aniversario de la C\u00e1mara Dominicana Internacional, el evento coincidir\u00e1 con celebraci\u00f3n de los primeros <strong>45 a\u00f1os<\/strong> del Presidente de la C\u00e1mara, <strong>Pedro D\u00edaz Ballester<\/strong>, en promoci\u00f3n del comercio, los negocios, turismo, inversiones, y desarrollo <strong>entre EUA, Florida, Miami-Dade <\/strong>y la<strong> Rep\u00fablica Dominicana.<\/strong>&nbsp;<\/p>\n\n\n\n<p><strong>INFORMACI\u00d3N adicional:<\/strong><\/p>\n\n\n\n<p>Para mayor informaci\u00f3n e integrarse como patrocinador o particcipante en esta orientadora actividad, puede comunicarse v\u00edas <a href=\"mailto:drinternationalbusinessfed@gmail.com\">drinternationalbusinessfed@gmail.com<\/a>, <a href=\"mailto:info@dominicanintlbusinessfed.org\">info@dominicanintlbusinessfed.org<\/a>, o 305-301-9751 y 786-569-8471.<\/p>\n","protected":false},"excerpt":{"rendered":"<p>Miami, Florida. Junio 17, 2025.- Luego de concluida exitosamente la ExpoFeria Dominicana de Negocios, Bienes Ra\u00edces e Inversiones 2025, celebrada en el AC Hotel Dadeland Mall, la C\u00e1mara Dominicana Internacional&hellip; <\/p>\n","protected":false},"author":2,"featured_media":6202,"comment_status":"closed","ping_status":"closed","sticky":false,"template":"","format":"standard","meta":{"fifu_image_url":"","fifu_image_alt":"","footnotes":""},"categories":[66],"tags":[],"class_list":["post-6201","post","type-post","status-publish","format-standard","has-post-thumbnail","hentry","category-eventos"],"_links":{"self":[{"href":"https:\/\/elmundodelapolitica.com\/v1\/wp-json\/wp\/v2\/posts\/6201","targetHints":{"allow":["GET"]}}],"collection":[{"href":"https:\/\/elmundodelapolitica.com\/v1\/wp-json\/wp\/v2\/posts"}],"about":[{"href":"https:\/\/elmundodelapolitica.com\/v1\/wp-json\/wp\/v2\/types\/post"}],"author":[{"embeddable":true,"href":"https:\/\/elmundodelapolitica.com\/v1\/wp-json\/wp\/v2\/users\/2"}],"replies":[{"embeddable":true,"href":"https:\/\/elmundodelapolitica.com\/v1\/wp-json\/wp\/v2\/comments?post=6201"}],"version-history":[{"count":1,"href":"https:\/\/elmundodelapolitica.com\/v1\/wp-json\/wp\/v2\/posts\/6201\/revisions"}],"predecessor-version":[{"id":6203,"href":"https:\/\/elmundodelapolitica.com\/v1\/wp-json\/wp\/v2\/posts\/6201\/revisions\/6203"}],"wp:featuredmedia":[{"embeddable":true,"href":"https:\/\/elmundodelapolitica.com\/v1\/wp-json\/wp\/v2\/media\/6202"}],"wp:attachment":[{"href":"https:\/\/elmundodelapolitica.com\/v1\/wp-json\/wp\/v2\/media?parent=6201"}],"wp:term":[{"taxonomy":"category","embeddable":true,"href":"https:\/\/elmundodelapolitica.com\/v1\/wp-json\/wp\/v2\/categories?post=6201"},{"taxonomy":"post_tag","embeddable":true,"href":"https:\/\/elmundodelapolitica.com\/v1\/wp-json\/wp\/v2\/tags?post=6201"}],"curies":[{"name":"wp","href":"https:\/\/api.w.org\/{rel}","templated":true}]}}