{"id":6198,"date":"2025-06-11T17:14:13","date_gmt":"2025-06-11T21:14:13","guid":{"rendered":"https:\/\/elmundodelapolitica.com\/v1\/?p=6198"},"modified":"2025-06-11T17:14:14","modified_gmt":"2025-06-11T21:14:14","slug":"presidentes-macron-y-abinader-tratan-sobre-tren-metropolitano-sd-plan-integral-transporte-del-gsd-haiti-y-sargazo","status":"publish","type":"post","link":"https:\/\/elmundodelapolitica.com\/v1\/presidentes-macron-y-abinader-tratan-sobre-tren-metropolitano-sd-plan-integral-transporte-del-gsd-haiti-y-sargazo\/","title":{"rendered":"Presidentes Macron y\u00a0Abinader tratan sobre tren metropolitano SD, plan integral transporte del GSD, Hait\u00ed y Sargazo."},"content":{"rendered":"\n<p><strong>Niza,<\/strong>&nbsp;Francia.- Los presidentes de la Rep\u00fablica Dominicana, Luis Abinader y de Francia, Emmanuel Macron, se reunieron esta ma\u00f1ana y trataron sobre la situaci\u00f3n de Hait\u00ed y el inter\u00e9s del gobierno franc\u00e9s en financiar el 85% del tren metropolitano de Santo Domingo y el plan integral del transporte del GSD que tiene el gobierno dominicano.<\/p>\n\n\n\n<p>En una reuni\u00f3n que dur\u00f3 aproximadamente 30 minutos ambos mandatarios pasaron revista a las relaciones entre ambos pa\u00edses, calific\u00e1ndolas Macron de excelentes.<\/p>\n\n\n\n<p>Los dos coincidieron en seguir manteniendo esas relaciones, sobretodo en la colaboraci\u00f3n de Francia en materia de infraestructuras para la Rep\u00fablica Dominicana.<\/p>\n\n\n\n<p>Al abordar el tema haitiano, el mandatario dominicano solicit\u00f3 al presidente franc\u00e9s que su pa\u00eds se involucre, junto a la comunidad internacional, en la b\u00fasqueda de estabilidad en el vecino pa\u00eds.&nbsp;<\/p>\n\n\n\n<p>Los dos manifestaron su respaldo al trabajo que hacen las fuerzas kenianas y la misi\u00f3n internacional.<\/p>\n\n\n\n<p>En ese sentido el presidente Macron manifest\u00f3 su disposici\u00f3n de colaborar en materia de seguridad y defensa con la Rep\u00fablica Dominicana.<\/p>\n\n\n\n<p>El presidente de Francia tambi\u00e9n se mostr\u00f3 dispuesto a colaborar para enfrentar el problema del sargazo, que afecta tanto a Rep\u00fablica Dominicana, como a los territorios franceses en el Caribe.<\/p>\n\n\n\n<p>El presidente Abinader aprovech\u00f3 para invitar a Macron al pa\u00eds para principios del pr\u00f3ximo a\u00f1o, en ocasi\u00f3n de la inauguraci\u00f3n del Monorriel Santiago a lo que el mandatario franc\u00e9s respondi\u00f3 positivamente.<\/p>\n\n\n\n<p>Macron recibi\u00f3 a Abinader en el Palais des Rois Sardes, en esta ciudad de Niza, donde se celebra la Tercera Conferencia de las Naciones Unidas Sobre el Oc\u00e9ano.<\/p>\n\n\n\n<p>Durante la reuni\u00f3n, acompa\u00f1aron al presidente Abinader el ministro de Medio Ambiente y Recursos Naturales, Paino Henr\u00edquez; el vicepresidente ejecutivo del Consejo para el Cambio Clim\u00e1tico y Mecanismo de Desarrollo Limpio, Max Puig; el embajador en Francia, David Puig y la asistente del presidente, Noelia Shephard.-.<\/p>\n\n\n\n<figure class=\"wp-block-image size-full\"><img loading=\"lazy\" decoding=\"async\" width=\"527\" height=\"759\" src=\"https:\/\/elmundodelapolitica.com\/v1\/wp-content\/uploads\/2025\/06\/0-8.jpg\" alt=\"\" class=\"wp-image-6199\" srcset=\"https:\/\/elmundodelapolitica.com\/v1\/wp-content\/uploads\/2025\/06\/0-8.jpg 527w, https:\/\/elmundodelapolitica.com\/v1\/wp-content\/uploads\/2025\/06\/0-8-208x300.jpg 208w\" sizes=\"auto, (max-width: 527px) 100vw, 527px\" \/><\/figure>\n","protected":false},"excerpt":{"rendered":"<p>Niza,&nbsp;Francia.- Los presidentes de la Rep\u00fablica Dominicana, Luis Abinader y de Francia, Emmanuel Macron, se reunieron esta ma\u00f1ana y trataron sobre la situaci\u00f3n de Hait\u00ed y el inter\u00e9s del gobierno&hellip; <\/p>\n","protected":false},"author":2,"featured_media":6199,"comment_status":"closed","ping_status":"closed","sticky":false,"template":"","format":"standard","meta":{"fifu_image_url":"","fifu_image_alt":"","footnotes":""},"categories":[54],"tags":[],"class_list":["post-6198","post","type-post","status-publish","format-standard","has-post-thumbnail","hentry","category-politica_exterior"],"_links":{"self":[{"href":"https:\/\/elmundodelapolitica.com\/v1\/wp-json\/wp\/v2\/posts\/6198","targetHints":{"allow":["GET"]}}],"collection":[{"href":"https:\/\/elmundodelapolitica.com\/v1\/wp-json\/wp\/v2\/posts"}],"about":[{"href":"https:\/\/elmundodelapolitica.com\/v1\/wp-json\/wp\/v2\/types\/post"}],"author":[{"embeddable":true,"href":"https:\/\/elmundodelapolitica.com\/v1\/wp-json\/wp\/v2\/users\/2"}],"replies":[{"embeddable":true,"href":"https:\/\/elmundodelapolitica.com\/v1\/wp-json\/wp\/v2\/comments?post=6198"}],"version-history":[{"count":1,"href":"https:\/\/elmundodelapolitica.com\/v1\/wp-json\/wp\/v2\/posts\/6198\/revisions"}],"predecessor-version":[{"id":6200,"href":"https:\/\/elmundodelapolitica.com\/v1\/wp-json\/wp\/v2\/posts\/6198\/revisions\/6200"}],"wp:featuredmedia":[{"embeddable":true,"href":"https:\/\/elmundodelapolitica.com\/v1\/wp-json\/wp\/v2\/media\/6199"}],"wp:attachment":[{"href":"https:\/\/elmundodelapolitica.com\/v1\/wp-json\/wp\/v2\/media?parent=6198"}],"wp:term":[{"taxonomy":"category","embeddable":true,"href":"https:\/\/elmundodelapolitica.com\/v1\/wp-json\/wp\/v2\/categories?post=6198"},{"taxonomy":"post_tag","embeddable":true,"href":"https:\/\/elmundodelapolitica.com\/v1\/wp-json\/wp\/v2\/tags?post=6198"}],"curies":[{"name":"wp","href":"https:\/\/api.w.org\/{rel}","templated":true}]}}