{"id":6195,"date":"2025-06-11T17:10:24","date_gmt":"2025-06-11T21:10:24","guid":{"rendered":"https:\/\/elmundodelapolitica.com\/v1\/?p=6195"},"modified":"2025-06-11T17:10:25","modified_gmt":"2025-06-11T21:10:25","slug":"estudio-indica-4-de-cada-10-hogares-batallan-salir-adelante-con-economia-familiar","status":"publish","type":"post","link":"https:\/\/elmundodelapolitica.com\/v1\/estudio-indica-4-de-cada-10-hogares-batallan-salir-adelante-con-economia-familiar\/","title":{"rendered":"Estudio indica 4 de cada 10 hogares batallan salir adelante con econom\u00eda familiar"},"content":{"rendered":"\n<p><strong><em>Santo Domingo, R.D., junio 2025.-<\/em><\/strong>&nbsp;Rep\u00fablica Dominicana es el pa\u00eds con mayor proyecci\u00f3n de crecimiento del PIB en toda la regi\u00f3n de Centroam\u00e9rica y el Caribe para el cierre de 2025. Sin embargo, esta expansi\u00f3n econ\u00f3mica no ha evitado que 4 de cada 10 hogares dominicanos enfrenten dificultades para salir adelante con su econom\u00eda familiar. As\u00ed lo revela la m\u00e1s reciente edici\u00f3n de&nbsp;<strong>Kantar Talks: C\u00f3mo crecer en un mercado vol\u00e1til<\/strong>, presentado en Santo Domingo la ma\u00f1ana del mi\u00e9rcoles.<\/p>\n\n\n\n<p>Con el objetivo de analizar c\u00f3mo evolucionan los&nbsp;<strong>h\u00e1bitos de los consumidores dominicanos y las tendencias que redefinen el panorama econ\u00f3mico<\/strong>,&nbsp;<a href=\"https:\/\/www.kantar.com\/latin-america\" target=\"_blank\" rel=\"noreferrer noopener\">Kantar<\/a>, la empresa l\u00edder mundial en datos y an\u00e1lisis de marketing reuni\u00f3 a diversos actores clave de mercado para discutir los factores que influyen en las decisiones de consumo<strong>&nbsp;<\/strong>y c\u00f3mo estos moldean la vida, las relaciones, as\u00ed como las prioridades de la poblaci\u00f3n en el pa\u00eds.<\/p>\n\n\n\n<p>Christian Andr\u00e9s, Client Management and Business Solutions Director, divisi\u00f3n Insights Kantar Mercaplan Centroam\u00e9rica y Caribe expresa que:&nbsp;<em>\u201cLa volatilidad ha sido la caracter\u00edstica del mercado durante los \u00faltimos 25 a\u00f1os, y se ha convertido en un panorama continuo y es con lo que los consumidores luchan a\u00f1o con a\u00f1o. Por lo anterior, las marcas deben encontrar maneras de expresarse en un mundo de sorpresas frecuentes y con presiones por crecer\u201d.<\/em><\/p>\n\n\n\n<p><strong>El consumidor se adapta y las marcas tambi\u00e9n<\/strong><\/p>\n\n\n\n<p>La principal preocupaci\u00f3n para el 62% de los hogares dominicanos es lograr que el presupuesto del hogar rinda m\u00e1s ante el aumento de los precios, por encima de preocupaciones como el pago de deudas (37%) o la compra de alimentos (28%). Esta presi\u00f3n econ\u00f3mica est\u00e1 impulsando decisiones de compra m\u00e1s racionales y priorizando productos de necesidad b\u00e1sica con precios accesibles.&nbsp;<strong>Las marcas m\u00e1s exitosas son aquellas que logran ser significativas para los consumidores<\/strong>, ya no basta con estar presentes; deben ofrecer propuestas de valor accesibles, generar impacto real en la vida cotidiana y construir relaciones diferenciadas que justifiquen su elecci\u00f3n, incluso en tiempos de restricci\u00f3n.<\/p>\n\n\n\n<p><em>\u201cAunque Rep\u00fablica Dominicana lidera el crecimiento econ\u00f3mico en la regi\u00f3n, muchas familias a\u00fan enfrentan retos importantes para cubrir sus necesidades b\u00e1sicas. Esta realidad est\u00e1 transformando los h\u00e1bitos de consumo: los hogares buscan estirar al m\u00e1ximo su presupuesto priorizando marcas econ\u00f3micas y privadas, y migrando hacia canales m\u00e1s eficientes como autoservicios y comercio electr\u00f3nico,\u201d<\/em>&nbsp;afirm\u00f3 Olga Tercero, Country Manager de la divisi\u00f3n Worldpanel de Kantar CariCAM.<\/p>\n\n\n\n<p><strong>Canales modernos y nuevas generaciones transforman el consumo<\/strong><\/p>\n\n\n\n<p>El an\u00e1lisis de Kantar destaca que, al cierre del primer trimestre de 2025, el pa\u00eds presenta un crecimiento del 7% en el valor del consumo de productos de r\u00e1pido movimiento (FMCG por sus siglas en ingl\u00e9s), contrastando con una contracci\u00f3n del 1.5% en la regi\u00f3n centroamericana. Este aumento est\u00e1 principalmente impulsado por un mayor ticket de compra y un cambio en los h\u00e1bitos de consumo hacia empresas m\u00e1s econ\u00f3micas y privadas, especialmente en categor\u00edas b\u00e1sicas como arroz, consom\u00e9, pollo a granel y detergente l\u00edquido.<\/p>\n\n\n\n<p>La transformaci\u00f3n del consumo tambi\u00e9n se refleja en la evoluci\u00f3n de los canales de compra. Mientras los colmados muestran se\u00f1ales de contracci\u00f3n, formatos modernos como&nbsp;<strong>autoservicios, minisuper y supermercados independientes ganan relevancia<\/strong>. Adem\u00e1s, el&nbsp;<strong>comercio electr\u00f3nico<\/strong>&nbsp;muestra una penetraci\u00f3n significativamente mayor en Rep\u00fablica Dominicana (9.6%) frente al promedio de la regi\u00f3n CAM (6%), lo que abre oportunidades para el desarrollo de negocios mainstream y premium en plataformas como Amazon, Mercado Libre y apps locales.<\/p>\n\n\n\n<p>La presi\u00f3n econ\u00f3mica tambi\u00e9n ha moldeado las preferencias de distintos grupos etarios.&nbsp;<strong>La Generaci\u00f3n Z y los millennials<\/strong>&nbsp;j\u00f3venes que representan el 27% de los hogares y el 26% del gasto en bienes de consumo masivo priorizan marcas econ\u00f3micas y marcas privadas, motivados por la b\u00fasqueda de conveniencia, accesibilidad y variedad. Carlos Aguayo, Director de cuenta de la divisi\u00f3n Worldpanel de Kantar CariCAM explic\u00f3:&nbsp;&nbsp;<em>\u201cLos consumidores de entre 35 y 49 a\u00f1os (late Millennials y Generaci\u00f3n X), que agrupan el 46% de los hogares y del gasto, presentan un comportamiento m\u00e1s equilibrado, combinando opciones de marcas privadas, mainstream y premium, y destac\u00e1ndose por una mayor frecuencia de compra y apertura a promociones<\/em>\u201d.<\/p>\n\n\n\n<figure class=\"wp-block-image size-large\"><img loading=\"lazy\" decoding=\"async\" width=\"1024\" height=\"632\" src=\"https:\/\/elmundodelapolitica.com\/v1\/wp-content\/uploads\/2025\/06\/unnamed-1024x632.png\" alt=\"\" class=\"wp-image-6196\" srcset=\"https:\/\/elmundodelapolitica.com\/v1\/wp-content\/uploads\/2025\/06\/unnamed-1024x632.png 1024w, https:\/\/elmundodelapolitica.com\/v1\/wp-content\/uploads\/2025\/06\/unnamed-300x185.png 300w, https:\/\/elmundodelapolitica.com\/v1\/wp-content\/uploads\/2025\/06\/unnamed-768x474.png 768w, https:\/\/elmundodelapolitica.com\/v1\/wp-content\/uploads\/2025\/06\/unnamed.png 1248w\" sizes=\"auto, (max-width: 1024px) 100vw, 1024px\" \/><\/figure>\n","protected":false},"excerpt":{"rendered":"<p>Santo Domingo, R.D., junio 2025.-&nbsp;Rep\u00fablica Dominicana es el pa\u00eds con mayor proyecci\u00f3n de crecimiento del PIB en toda la regi\u00f3n de Centroam\u00e9rica y el Caribe para el cierre de 2025.&hellip; <\/p>\n","protected":false},"author":2,"featured_media":6196,"comment_status":"closed","ping_status":"closed","sticky":false,"template":"","format":"standard","meta":{"fifu_image_url":"","fifu_image_alt":"","footnotes":""},"categories":[59],"tags":[],"class_list":["post-6195","post","type-post","status-publish","format-standard","has-post-thumbnail","hentry","category-marketing"],"_links":{"self":[{"href":"https:\/\/elmundodelapolitica.com\/v1\/wp-json\/wp\/v2\/posts\/6195","targetHints":{"allow":["GET"]}}],"collection":[{"href":"https:\/\/elmundodelapolitica.com\/v1\/wp-json\/wp\/v2\/posts"}],"about":[{"href":"https:\/\/elmundodelapolitica.com\/v1\/wp-json\/wp\/v2\/types\/post"}],"author":[{"embeddable":true,"href":"https:\/\/elmundodelapolitica.com\/v1\/wp-json\/wp\/v2\/users\/2"}],"replies":[{"embeddable":true,"href":"https:\/\/elmundodelapolitica.com\/v1\/wp-json\/wp\/v2\/comments?post=6195"}],"version-history":[{"count":1,"href":"https:\/\/elmundodelapolitica.com\/v1\/wp-json\/wp\/v2\/posts\/6195\/revisions"}],"predecessor-version":[{"id":6197,"href":"https:\/\/elmundodelapolitica.com\/v1\/wp-json\/wp\/v2\/posts\/6195\/revisions\/6197"}],"wp:featuredmedia":[{"embeddable":true,"href":"https:\/\/elmundodelapolitica.com\/v1\/wp-json\/wp\/v2\/media\/6196"}],"wp:attachment":[{"href":"https:\/\/elmundodelapolitica.com\/v1\/wp-json\/wp\/v2\/media?parent=6195"}],"wp:term":[{"taxonomy":"category","embeddable":true,"href":"https:\/\/elmundodelapolitica.com\/v1\/wp-json\/wp\/v2\/categories?post=6195"},{"taxonomy":"post_tag","embeddable":true,"href":"https:\/\/elmundodelapolitica.com\/v1\/wp-json\/wp\/v2\/tags?post=6195"}],"curies":[{"name":"wp","href":"https:\/\/api.w.org\/{rel}","templated":true}]}}