{"id":6188,"date":"2025-06-11T15:44:45","date_gmt":"2025-06-11T19:44:45","guid":{"rendered":"https:\/\/elmundodelapolitica.com\/v1\/?p=6188"},"modified":"2025-06-11T15:44:47","modified_gmt":"2025-06-11T19:44:47","slug":"articulo-anticipar-para-gobernar-el-nuevo-imperativo-del-liderazgo-politico","status":"publish","type":"post","link":"https:\/\/elmundodelapolitica.com\/v1\/articulo-anticipar-para-gobernar-el-nuevo-imperativo-del-liderazgo-politico\/","title":{"rendered":"ARTICULO: Anticipar para gobernar: el nuevo imperativo del liderazgo pol\u00edtico"},"content":{"rendered":"\n<p>Por:&nbsp;<strong>Dahiana M\u00e9ndez&nbsp;<\/strong><\/p>\n\n\n\n<p>Polit\u00f3loga|Analista en Pol\u00edticas P\u00fablicas<\/p>\n\n\n\n<p>&nbsp; &nbsp; &nbsp; &nbsp; &lt;<a href=\"mailto:dahianamonteromendez@gmail.com\" target=\"_blank\" rel=\"noreferrer noopener\">dahianamonteromendez@gmail.com<\/a>&gt;<\/p>\n\n\n\n<p>En un entorno marcado por transformaciones sist\u00e9micas, liderar ya no consiste en administrar el presente, sino en anticiparse al futuro. Vivimos una era de permacambio, donde la volatilidad pol\u00edtica, las disrupciones tecnoproductivas, las reconfiguraciones geopol\u00edticas y una ciudadan\u00eda hiperconectada, con demandas cada vez m\u00e1s sofisticadas, redefinen las reglas del poder.<\/p>\n\n\n\n<p>En este nuevo escenario, la l\u00f3gica reactiva ha quedado obsoleta. Los actores estrat\u00e9gicos estatales, empresariales y sociales deben operar con una racionalidad proactiva, flexible e innovadora. Herramientas como la inteligencia artificial ya no son opcionales: son el n\u00facleo de un nuevo paradigma productivo. Ignorarlas no implica s\u00f3lo p\u00e9rdida de competitividad, sino riesgo real de irrelevancia estructural.<\/p>\n\n\n\n<p>Del mismo modo, la sostenibilidad ambiental y la inclusi\u00f3n social no son concesiones ideol\u00f3gicas: son condiciones esenciales de legitimidad y gobernabilidad. Ceder ante presiones que empujen en sentido contrario es desconocer que la estabilidad actual se construye sobre la licencia social para operar.<\/p>\n\n\n\n<p>Subestimar fen\u00f3menos como la desinformaci\u00f3n digital o las mutaciones reguladoras reduce peligrosamente la capacidad de agencia de los liderazgos. Hoy, el poder no se impone verticalmente, sino que se construye de forma horizontal, mediante articulaci\u00f3n, inteligencia narrativa y visi\u00f3n estrat\u00e9gica. Liderar exige menos acumular experiencia y m\u00e1s reinterpretarla cr\u00edticamente, con agilidad frente a la complejidad.<\/p>\n\n\n\n<p>La legitimidad pol\u00edtica, institucional o corporativa ya no descansa en las estructuras formales, sino en la resonancia simb\u00f3lica, la coherencia \u00e9tica y la plasticidad operativa ante escenarios disruptivos. Por eso, liderar hoy implica integrar m\u00faltiples racionalidades: sensibilidad pol\u00edtica, inteligencia tecnol\u00f3gica, discernimiento \u00e9tico y una perspectiva sist\u00e9mica.<\/p>\n\n\n\n<p>La fragmentaci\u00f3n del orden internacional, el ascenso generacional con nuevos valores y la creciente desconfianza en las grandes instituciones obligan a repensar el poder, no como dominaci\u00f3n, sino como capacidad de generar sentido compartido. El liderazgo pol\u00edtico ya no puede esperar condiciones ideales: debe actuar en la incertidumbre, navegar tensiones y construir legitimidad incluso en contextos adversos.<\/p>\n\n\n\n<p>En definitiva, en tiempos de permacambio, la estrategia no es resistir, sino anticiparse. Liderar es decidir antes que los dem\u00e1s, mejor que los dem\u00e1s, y con una direccionalidad \u00e9tica que permita no solo adaptarse al futuro, sino tambi\u00e9n contribuir activamente a configurarlo.-.<\/p>\n\n\n\n<p>&#8230;<\/p>\n\n\n\n<figure class=\"wp-block-image size-full\"><img loading=\"lazy\" decoding=\"async\" width=\"516\" height=\"918\" src=\"https:\/\/elmundodelapolitica.com\/v1\/wp-content\/uploads\/2025\/06\/0-5.jpg\" alt=\"\" class=\"wp-image-6189\" srcset=\"https:\/\/elmundodelapolitica.com\/v1\/wp-content\/uploads\/2025\/06\/0-5.jpg 516w, https:\/\/elmundodelapolitica.com\/v1\/wp-content\/uploads\/2025\/06\/0-5-169x300.jpg 169w\" sizes=\"auto, (max-width: 516px) 100vw, 516px\" \/><\/figure>\n","protected":false},"excerpt":{"rendered":"<p>Por:&nbsp;Dahiana M\u00e9ndez&nbsp; Polit\u00f3loga|Analista en Pol\u00edticas P\u00fablicas &nbsp; &nbsp; &nbsp; &nbsp; &lt;dahianamonteromendez@gmail.com&gt; En un entorno marcado por transformaciones sist\u00e9micas, liderar ya no consiste en administrar el presente, sino en anticiparse al&hellip; <\/p>\n","protected":false},"author":2,"featured_media":6189,"comment_status":"closed","ping_status":"closed","sticky":false,"template":"","format":"standard","meta":{"fifu_image_url":"","fifu_image_alt":"","footnotes":""},"categories":[17],"tags":[],"class_list":["post-6188","post","type-post","status-publish","format-standard","has-post-thumbnail","hentry","category-politica"],"_links":{"self":[{"href":"https:\/\/elmundodelapolitica.com\/v1\/wp-json\/wp\/v2\/posts\/6188","targetHints":{"allow":["GET"]}}],"collection":[{"href":"https:\/\/elmundodelapolitica.com\/v1\/wp-json\/wp\/v2\/posts"}],"about":[{"href":"https:\/\/elmundodelapolitica.com\/v1\/wp-json\/wp\/v2\/types\/post"}],"author":[{"embeddable":true,"href":"https:\/\/elmundodelapolitica.com\/v1\/wp-json\/wp\/v2\/users\/2"}],"replies":[{"embeddable":true,"href":"https:\/\/elmundodelapolitica.com\/v1\/wp-json\/wp\/v2\/comments?post=6188"}],"version-history":[{"count":1,"href":"https:\/\/elmundodelapolitica.com\/v1\/wp-json\/wp\/v2\/posts\/6188\/revisions"}],"predecessor-version":[{"id":6190,"href":"https:\/\/elmundodelapolitica.com\/v1\/wp-json\/wp\/v2\/posts\/6188\/revisions\/6190"}],"wp:featuredmedia":[{"embeddable":true,"href":"https:\/\/elmundodelapolitica.com\/v1\/wp-json\/wp\/v2\/media\/6189"}],"wp:attachment":[{"href":"https:\/\/elmundodelapolitica.com\/v1\/wp-json\/wp\/v2\/media?parent=6188"}],"wp:term":[{"taxonomy":"category","embeddable":true,"href":"https:\/\/elmundodelapolitica.com\/v1\/wp-json\/wp\/v2\/categories?post=6188"},{"taxonomy":"post_tag","embeddable":true,"href":"https:\/\/elmundodelapolitica.com\/v1\/wp-json\/wp\/v2\/tags?post=6188"}],"curies":[{"name":"wp","href":"https:\/\/api.w.org\/{rel}","templated":true}]}}