{"id":6185,"date":"2025-06-11T15:43:36","date_gmt":"2025-06-11T19:43:36","guid":{"rendered":"https:\/\/elmundodelapolitica.com\/v1\/?p=6185"},"modified":"2025-06-11T15:43:37","modified_gmt":"2025-06-11T19:43:37","slug":"presento-banco-mundial-resultados-evaluacion-general-marco-ambiental-y-social-de-la-r-d","status":"publish","type":"post","link":"https:\/\/elmundodelapolitica.com\/v1\/presento-banco-mundial-resultados-evaluacion-general-marco-ambiental-y-social-de-la-r-d\/","title":{"rendered":"Presento Banco Mundial resultados evaluaci\u00f3n general Marco Ambiental y Social de la R. D."},"content":{"rendered":"\n<p><strong>Santo Domingo, Rep\u00fablica Dominicana, 2 de junio 2025<\/strong>.- El Banco Mundial present\u00f3 los resultados de la Evaluaci\u00f3n General del Marco Ambiental y Social de Rep\u00fablica Dominicana, un diagn\u00f3stico integral que marca un precedente en la colaboraci\u00f3n bilateral y establece las bases para fortalecer la gesti\u00f3n de riesgos ambientales, sociales y de salud ocupacional del pa\u00eds.<\/p>\n\n\n\n<p><a><\/a>Como parte del esfuerzo para apoyar a la Rep\u00fablica Dominicana en el fortalecimiento de sus marcos regulatorios e institucionales, el Banco Mundial ha evaluado los marcos, las capacidades institucionales y el historial de implementaci\u00f3n del pa\u00eds con respecto a los objetivos y requisitos de ocho de los diez Est\u00e1ndares Ambientales y Sociales del Marco Ambiental y Social (MAS) del Banco Mundial.&nbsp;<\/p>\n\n\n\n<p><strong>La presentaci\u00f3n de los resultados cont\u00f3 con la presencia del ministro de la Presidencia, Jos\u00e9 Ignacio Paliza, en representaci\u00f3n del Gobierno dominicano, quien recibi\u00f3 de manos de Alexandria Valerio, representante residente del Banco Mundial las recomendaciones clave derivadas de este propicio proyecto. Este momento simboliza el compromiso y la colaboraci\u00f3n entre las diferentes instancias para impulsar el desarrollo sostenible y el bienestar del pa\u00eds.<\/strong><\/p>\n\n\n\n<p>\u201cEl Marco Ambiental y Social (MAS) es fundamental para garantizar que los proyectos del Banco Mundial no solo sean viables econ\u00f3micamente, sino tambi\u00e9n social y ambientalmente responsables. Esto asegura un desarrollo sostenible y el bienestar de las comunidades. Para impulsar el desarrollo sostenible y atraer inversiones, incluyendo las privadas, es crucial que los pa\u00edses fortalezcan su compromiso con la sostenibilidad y la inclusi\u00f3n. Reiteramos nuestro compromiso de apoyar a los pa\u00edses en este esfuerzo\u201d, expres\u00f3 Alexandria Valerio, representante residente del Banco Mundial en Rep\u00fablica Dominicana.<\/p>\n\n\n\n<p>La evaluaci\u00f3n, ejecutada entre 2024 y 2025, cont\u00f3 con la participaci\u00f3n de m\u00e1s de 100 representantes del sector p\u00fablico, privado y la sociedad civil para garantizar en su metodolog\u00eda una perspectiva inclusiva. Las conclusiones fueron validadas en enero de 2025, asegurando la participaci\u00f3n de todos los sectores pertinentes en el proceso.<\/p>\n\n\n\n<p>\u201cEsta evaluaci\u00f3n se alinea con los procesos de mejora institucional que desde el Gobierno del presidente Luis Abinader venimos impulsando, a trav\u00e9s del Ministerio de Medio Ambiente y Recursos Naturales, con el fin de fortalecer el Sistema de Gesti\u00f3n Ambiental. Un ejemplo claro de este compromiso es la reciente puesta en marcha de la Ley 368-22 de Ordenamiento Territorial, Uso de Suelo y Asentamientos Humanos, que marca un antes y un despu\u00e9s en la forma en que planificamos y gestionamos nuestro territorio\u201d, expres\u00f3 el ministro Paliza durante el acto.<\/p>\n\n\n\n<p>Las recomendaciones fueron presentadas en una publicaci\u00f3n y su implementaci\u00f3n busca fortalecer a corto, mediano y largo plazo el compromiso dominicano con el desarrollo sostenible, asegurando que las pol\u00edticas ambientales, sociales y de salud ocupacional cumplan con est\u00e1ndares internacionales.<\/p>\n\n\n\n<p>El documento identifica fortalezas y \u00e1reas de oportunidad en los sistemas nacionales, ofreciendo recomendaciones espec\u00edficas para alinear las normativas y pr\u00e1cticas locales con est\u00e1ndares internacionales. Las acciones recomendadas en la publicaci\u00f3n ayudar\u00e1n a la Rep\u00fablica Dominicana a tomar decisiones informadas, alineando sus esfuerzos ambientales, sociales y de seguridad laboral con las mejores pr\u00e1cticas internacionales.<\/p>\n\n\n\n<figure class=\"wp-block-image size-large\"><img loading=\"lazy\" decoding=\"async\" width=\"1024\" height=\"619\" src=\"https:\/\/elmundodelapolitica.com\/v1\/wp-content\/uploads\/2025\/06\/0-4-1024x619.jpg\" alt=\"\" class=\"wp-image-6186\" srcset=\"https:\/\/elmundodelapolitica.com\/v1\/wp-content\/uploads\/2025\/06\/0-4-1024x619.jpg 1024w, https:\/\/elmundodelapolitica.com\/v1\/wp-content\/uploads\/2025\/06\/0-4-300x181.jpg 300w, https:\/\/elmundodelapolitica.com\/v1\/wp-content\/uploads\/2025\/06\/0-4-768x464.jpg 768w, https:\/\/elmundodelapolitica.com\/v1\/wp-content\/uploads\/2025\/06\/0-4.jpg 1518w\" sizes=\"auto, (max-width: 1024px) 100vw, 1024px\" \/><\/figure>\n\n\n\n<p>&nbsp;&#8211;<\/p>\n","protected":false},"excerpt":{"rendered":"<p>Santo Domingo, Rep\u00fablica Dominicana, 2 de junio 2025.- El Banco Mundial present\u00f3 los resultados de la Evaluaci\u00f3n General del Marco Ambiental y Social de Rep\u00fablica Dominicana, un diagn\u00f3stico integral que&hellip; <\/p>\n","protected":false},"author":2,"featured_media":6186,"comment_status":"closed","ping_status":"closed","sticky":false,"template":"","format":"standard","meta":{"fifu_image_url":"","fifu_image_alt":"","footnotes":""},"categories":[16],"tags":[],"class_list":["post-6185","post","type-post","status-publish","format-standard","has-post-thumbnail","hentry","category-seguridad"],"_links":{"self":[{"href":"https:\/\/elmundodelapolitica.com\/v1\/wp-json\/wp\/v2\/posts\/6185","targetHints":{"allow":["GET"]}}],"collection":[{"href":"https:\/\/elmundodelapolitica.com\/v1\/wp-json\/wp\/v2\/posts"}],"about":[{"href":"https:\/\/elmundodelapolitica.com\/v1\/wp-json\/wp\/v2\/types\/post"}],"author":[{"embeddable":true,"href":"https:\/\/elmundodelapolitica.com\/v1\/wp-json\/wp\/v2\/users\/2"}],"replies":[{"embeddable":true,"href":"https:\/\/elmundodelapolitica.com\/v1\/wp-json\/wp\/v2\/comments?post=6185"}],"version-history":[{"count":1,"href":"https:\/\/elmundodelapolitica.com\/v1\/wp-json\/wp\/v2\/posts\/6185\/revisions"}],"predecessor-version":[{"id":6187,"href":"https:\/\/elmundodelapolitica.com\/v1\/wp-json\/wp\/v2\/posts\/6185\/revisions\/6187"}],"wp:featuredmedia":[{"embeddable":true,"href":"https:\/\/elmundodelapolitica.com\/v1\/wp-json\/wp\/v2\/media\/6186"}],"wp:attachment":[{"href":"https:\/\/elmundodelapolitica.com\/v1\/wp-json\/wp\/v2\/media?parent=6185"}],"wp:term":[{"taxonomy":"category","embeddable":true,"href":"https:\/\/elmundodelapolitica.com\/v1\/wp-json\/wp\/v2\/categories?post=6185"},{"taxonomy":"post_tag","embeddable":true,"href":"https:\/\/elmundodelapolitica.com\/v1\/wp-json\/wp\/v2\/tags?post=6185"}],"curies":[{"name":"wp","href":"https:\/\/api.w.org\/{rel}","templated":true}]}}