{"id":6179,"date":"2025-06-11T13:27:13","date_gmt":"2025-06-11T17:27:13","guid":{"rendered":"https:\/\/elmundodelapolitica.com\/v1\/?p=6179"},"modified":"2025-06-11T13:27:15","modified_gmt":"2025-06-11T17:27:15","slug":"articulo-elecciones-2028-nueva-oportunidad-para-fortalecer-la-democracia","status":"publish","type":"post","link":"https:\/\/elmundodelapolitica.com\/v1\/articulo-elecciones-2028-nueva-oportunidad-para-fortalecer-la-democracia\/","title":{"rendered":"ARTICULO: Elecciones 2028-nueva oportunidad para fortalecer la democracia"},"content":{"rendered":"\n<p>Por Adolfo P\u00e9rez De Le\u00f3n<\/p>\n\n\n\n<p>En per\u00edodos de cambio r\u00e1pido, problemas mundiales y cambios internos profundos, la pol\u00edtica no puede verse como habilidad o conflicto. A\u00fan menos cuando lo que est\u00e1 en juego es el futuro de un pa\u00eds que, como la Rep\u00fablica Dominicana, ha logrado mantener su estabilidad democr\u00e1tica en medio de un contexto regional a menudo turbulento.<\/p>\n\n\n\n<p>A medida que se acerca el pr\u00f3ximo per\u00edodo de votaci\u00f3n, y el futuro se ve cerca en 2028, es importante considerar: \u00bfqu\u00e9 estamos construyendo para ma\u00f1ana? \u00bfQu\u00e9 tipo de pa\u00eds queremos construir a partir de las pr\u00f3ximas decisiones pol\u00edticas?<\/p>\n\n\n\n<p>Si deseamos una soluci\u00f3n duradera y equitativa, debe originarse en una gu\u00eda directa: inicialmente, seguir construyendo ciudadan\u00eda. Esa fue la aspiraci\u00f3n de Jos\u00e9 Francisco Pe\u00f1a G\u00f3mez, y ahora m\u00e1s que nunca, debe servir como gu\u00eda. Colocar a las personas en el centro, en el fondo implica reconocer que el progreso no est\u00e1 medido \u00fanicamente por indicadores econ\u00f3micos a gran escala, sino como existencia, respeto, derecho y posibilidades genuinas para todos.<\/p>\n\n\n\n<p>La alta abstenci\u00f3n electoral registrada en los a\u00f1os 2020 y 2024 podr\u00eda ser una luz roja encendida en el tablero de nuestro sistema pol\u00edtico. Ya lo hemos le\u00eddo en la obra C\u00f3mo mueren las democracias: \u201cCuando los votantes pierden la fe en los partidos tradicionales, la puerta queda abierta para forasteros con discursos antisistema, que muchas veces erosionan las instituciones desde dentro\u201d.<\/p>\n\n\n\n<p>Rep\u00fablica Dominicana ha logrado un progreso significativo en cuestiones institucionales, econ\u00f3micas y sociales. Ha reforzado su democracia, mostr\u00f3 signos de madurez ciudadana y ha elegido una administraci\u00f3n m\u00e1s abierta mientras se concentra en los resultados. Pero no se asegura ning\u00fan \u00e9xito si la desafecci\u00f3n pol\u00edtica pare liderazgos carentes de un plan a largo plazo, armon\u00eda nacional y un compromiso de priorizar el bien com\u00fan sobre las agendas individuales.<\/p>\n\n\n\n<p>El tiempo requiere una estrategia que escuche esa conversaci\u00f3n, que comprenda c\u00f3mo crear consenso sobre los asuntos vitales: aprendizaje, bienestar, justicia, trabajo, ecolog\u00eda, gobernanza. No discutimos la equidad ni abandonamos las distinciones v\u00e1lidas que agregan valor a la democracia, sino para comprender c\u00f3mo separar lo trivial de lo significativo y lo temporal de lo permanente.<\/p>\n\n\n\n<p>Las elecciones del a\u00f1o 2028 no deben ser una pausa, sino una oportunidad para establecer una fase nueva. Para este prop\u00f3sito, es esencial que todos los l\u00edderes, los aut\u00e9nticamente comprometidos, de los diversos sectores pol\u00edticos, sociales y econ\u00f3micos, muestren una clara dedicaci\u00f3n a la construcci\u00f3n de un nuevo pacto social. Debido a que ning\u00fan proyecto de pa\u00eds es factible si se ve forzado sin discusi\u00f3n, si no se crea a partir de una aceptaci\u00f3n com\u00fan.<\/p>\n\n\n\n<p>Los l\u00edderes pol\u00edticos tienen un deber significativo: mejorar la discusi\u00f3n p\u00fablica, prevenir acciones que aumenten la divisi\u00f3n y establecer la confianza a trav\u00e9s de planes pr\u00e1cticos que cumplan con los requisitos genuinos de las personas. En una era donde la informaci\u00f3n falsa, el desorden en l\u00ednea y las declaraciones radicales pueden marcar el rumbo; la direcci\u00f3n, la precauci\u00f3n y la dedicaci\u00f3n al deber son esenciales.<\/p>\n\n\n\n<p>Apostar al consenso no es un signo de debilidad, sino de fuerza institucional. Sugiere comprender que ning\u00fan poder \u00fanico puede garantizar las profundas transformaciones que necesita la naci\u00f3n. Tambi\u00e9n sugiere que las personas anticipan menos compromisos y mayores logros, menos disputas y acuerdos m\u00e1s concretos.<\/p>\n\n\n\n<p>Poner gente en el centro no es un eslogan. Es una elecci\u00f3n moral, t\u00e1ctica y profundamente nacional. Es esencial darse cuenta de que la autoridad pol\u00edtica es significativa solo cuando se centra en el bien com\u00fan, cuando tambi\u00e9n sabe escuchar desde las afueras, desde la periferia, y cuando convierte el servicio p\u00fablico en una herramienta de fabricaci\u00f3n de cambios.<\/p>\n\n\n\n<p>El a\u00f1o 2028 est\u00e1 m\u00e1s cerca de lo que parece. No esperemos a que comience. El momento de construir las bases de ese futuro es ahora. Que nos encuentre con madurez, con di\u00e1logo, con una idea clara del pa\u00eds. Y, principalmente, con la creencia de que una rep\u00fablica dominicana m\u00e1s justa, m\u00e1s inclusiva y humana solo puede lograrse si la construimos todos juntos.<\/p>\n\n\n\n<p>Para el a\u00f1o 2028, es imperativo lograr un aumento significativo en la participaci\u00f3n electoral. Para este objetivo, es fundamental trabajar a fondo las causas que han provocado la abstenci\u00f3n, de manera que podamos, con tiempo y estrategia, motivar a los abstencionistas a cambiar su actitud.<\/p>\n\n\n\n<p>De manera especial, debemos enfocarnos en los j\u00f3venes, especialmente en aquellos que votar\u00e1n por primera vez. Que comprendan que el derecho al voto es, adem\u00e1s, un deber c\u00edvico sagrado que no puede ser ignorado. Esto no se logra solo con discursos, sino presentando candidatos que realmente les inspiren y reflejen sus aspiraciones.<\/p>\n\n\n\n<p>Reducir los niveles de abstenci\u00f3n electoral requiere campa\u00f1as persuasivas que conecten emocionalmente con los ciudadanos. Debemos apelar a sus sentimientos, sus sue\u00f1os y sus esperanzas, en especial de aquellos que han sido golpeados por la desilusi\u00f3n y la antipol\u00edtica.<\/p>\n\n\n\n<p>Nuestro reto es lograr que quienes hoy est\u00e1n desencantados con el sistema comprendan que la democracia y el desarrollo solo se construyen desde la participaci\u00f3n.-.<\/p>\n\n\n\n<p>&#8230;<\/p>\n\n\n\n<figure class=\"wp-block-image size-large\"><img loading=\"lazy\" decoding=\"async\" width=\"1024\" height=\"684\" src=\"https:\/\/elmundodelapolitica.com\/v1\/wp-content\/uploads\/2025\/06\/0-2-1024x684.jpg\" alt=\"\" class=\"wp-image-6180\" srcset=\"https:\/\/elmundodelapolitica.com\/v1\/wp-content\/uploads\/2025\/06\/0-2-1024x684.jpg 1024w, https:\/\/elmundodelapolitica.com\/v1\/wp-content\/uploads\/2025\/06\/0-2-300x200.jpg 300w, https:\/\/elmundodelapolitica.com\/v1\/wp-content\/uploads\/2025\/06\/0-2-768x513.jpg 768w, https:\/\/elmundodelapolitica.com\/v1\/wp-content\/uploads\/2025\/06\/0-2.jpg 1374w\" sizes=\"auto, (max-width: 1024px) 100vw, 1024px\" \/><\/figure>\n","protected":false},"excerpt":{"rendered":"<p>Por Adolfo P\u00e9rez De Le\u00f3n En per\u00edodos de cambio r\u00e1pido, problemas mundiales y cambios internos profundos, la pol\u00edtica no puede verse como habilidad o conflicto. A\u00fan menos cuando lo que&hellip; <\/p>\n","protected":false},"author":2,"featured_media":6180,"comment_status":"closed","ping_status":"closed","sticky":false,"template":"","format":"standard","meta":{"fifu_image_url":"","fifu_image_alt":"","footnotes":""},"categories":[17],"tags":[],"class_list":["post-6179","post","type-post","status-publish","format-standard","has-post-thumbnail","hentry","category-politica"],"_links":{"self":[{"href":"https:\/\/elmundodelapolitica.com\/v1\/wp-json\/wp\/v2\/posts\/6179","targetHints":{"allow":["GET"]}}],"collection":[{"href":"https:\/\/elmundodelapolitica.com\/v1\/wp-json\/wp\/v2\/posts"}],"about":[{"href":"https:\/\/elmundodelapolitica.com\/v1\/wp-json\/wp\/v2\/types\/post"}],"author":[{"embeddable":true,"href":"https:\/\/elmundodelapolitica.com\/v1\/wp-json\/wp\/v2\/users\/2"}],"replies":[{"embeddable":true,"href":"https:\/\/elmundodelapolitica.com\/v1\/wp-json\/wp\/v2\/comments?post=6179"}],"version-history":[{"count":1,"href":"https:\/\/elmundodelapolitica.com\/v1\/wp-json\/wp\/v2\/posts\/6179\/revisions"}],"predecessor-version":[{"id":6181,"href":"https:\/\/elmundodelapolitica.com\/v1\/wp-json\/wp\/v2\/posts\/6179\/revisions\/6181"}],"wp:featuredmedia":[{"embeddable":true,"href":"https:\/\/elmundodelapolitica.com\/v1\/wp-json\/wp\/v2\/media\/6180"}],"wp:attachment":[{"href":"https:\/\/elmundodelapolitica.com\/v1\/wp-json\/wp\/v2\/media?parent=6179"}],"wp:term":[{"taxonomy":"category","embeddable":true,"href":"https:\/\/elmundodelapolitica.com\/v1\/wp-json\/wp\/v2\/categories?post=6179"},{"taxonomy":"post_tag","embeddable":true,"href":"https:\/\/elmundodelapolitica.com\/v1\/wp-json\/wp\/v2\/tags?post=6179"}],"curies":[{"name":"wp","href":"https:\/\/api.w.org\/{rel}","templated":true}]}}