{"id":6176,"date":"2025-06-11T13:23:05","date_gmt":"2025-06-11T17:23:05","guid":{"rendered":"https:\/\/elmundodelapolitica.com\/v1\/?p=6176"},"modified":"2025-06-11T13:23:06","modified_gmt":"2025-06-11T17:23:06","slug":"articulo-30-de-mayo-una-fecha-para-recordar","status":"publish","type":"post","link":"https:\/\/elmundodelapolitica.com\/v1\/articulo-30-de-mayo-una-fecha-para-recordar\/","title":{"rendered":"ARTICULO: 30 de mayo-Una fecha para recordar"},"content":{"rendered":"\n<p>Por&nbsp;<strong>Odelis Matos<\/strong><\/p>\n\n\n\n<p>Abogado y especialista en temas electorales<\/p>\n\n\n\n<p>&nbsp;Hoy estamos a 30 de mayo, una fecha hist\u00f3rica, memorable; para m\u00ed, despu\u00e9s de las batallas que se produjeron para independizar al pueblo dominicano de la invasi\u00f3n de la naci\u00f3n haitiana, constituye una de las fechas m\u00e1s importante para nuestro pa\u00eds, porque este hecho que se produjo el d\u00eda 30 de mayo, nos liber\u00f3 de la opresi\u00f3n, de la direcci\u00f3n tir\u00e1nica que durante 31 a\u00f1os mantuvo Rafael Leonidas Trujillo, y no puede ser olvidado.<\/p>\n\n\n\n<p>Fechas como el 27 de febrero de 1844, las batallas del 19 y 30 de marzo de 1844, el 16 de agosto de 1863, el 24 de abril del 1965, el 12 de julio de 1924 cuando finaliz\u00f3 de la intervenci\u00f3n norteamericana, el 30 de mayo del 1961, entre otras, son fechas que deben permanecer en la mente de todo dominicano.<\/p>\n\n\n\n<p>Por lo que exhorto a que el Estado dominicano, a trav\u00e9s de las instituciones correspondientes, como Efem\u00e9rides Patria, el Instituto Duartiano y todos los organismos educativos, recuerden estas fechas, ya que dice un refr\u00e1n, \u201cel pueblo que olvida su historia est\u00e1 condenado a repetirla\u201d, jam\u00e1s debemos repetir lo que se vivi\u00f3 en Rep\u00fablica Dominicana del 1930 a 1961.<\/p>\n\n\n\n<p>Es necesario que todos los j\u00f3venes conozcan y recuerden estos acontecimientos, a trav\u00e9s de la promoci\u00f3n de audiovisuales y elementos en las redes sociales, de forma que se sepa lo que ocurri\u00f3 durante ese tiempo, con la finalidad de que no solamente no se repita la historia, sino adem\u00e1s, y lo m\u00e1s importante, para que valoremos nuestra democracia.<\/p>\n\n\n\n<p>En ese orden, valoremos las iniciativas de fortalecimiento de la democracia que ha tenido el actual gobierno encabezado por Luis Abinader, abriendo las puertas a la oposici\u00f3n y a todo el que desee participar en aportar para la soluci\u00f3n de los grandes problemas nacionales, como lo hizo en la reciente reuni\u00f3n con l\u00edderes de la oposici\u00f3n para tratar la problem\u00e1tica de la migraci\u00f3n ilegal.<\/p>\n\n\n\n<p>Acciones como esta, demuestran la voluntad de buscar soluciones en favor de los dominicanos; hoy no tenemos una amenaza tir\u00e1nica. No hay nadie que pueda perpetuarse en el poder y as\u00ed lo ha establecido bien claro en nuestra actual Constituci\u00f3n, el jefe de Estado.<\/p>\n\n\n\n<p>No obstante, hay otro problema que se cierne al occidente de la isla, donde pretenden una ocupaci\u00f3n pac\u00edfica del territorio dominicano por nacionales haitianos, sumado a la campa\u00f1a de descr\u00e9dito que desde el exterior organismos est\u00e1n orquestando en contra del pa\u00eds, para que se produzca la permisibilidad en la permanencia de esa gente en el pa\u00eds. Los organismos internacionales no buscan soluci\u00f3n a los problemas que afectan a Hait\u00ed, para que vean como soluci\u00f3n \u00fanica y exclusiva que ellos puedan venir a territorio dominicano, lo que resulta imposible para nuestra econom\u00eda y es imposible culturalmente que se produzcan dichas situaciones.<\/p>\n\n\n\n<p>Hoy m\u00e1s que nunca, debemos respaldar a nuestro Presidente en las medidas que ha adoptado y que mantiene de manera firme, siempre respetando los derechos humanos, para que nuestro pa\u00eds siga siendo libre, no solamente de una ocupaci\u00f3n pac\u00edfica, sino tambi\u00e9n de cualquier persona que quiera tiranizarse, porque nuestro pa\u00eds jam\u00e1s repetir\u00e1 dicha historia.<\/p>\n\n\n\n<figure class=\"wp-block-image size-large\"><img loading=\"lazy\" decoding=\"async\" width=\"1024\" height=\"683\" src=\"https:\/\/elmundodelapolitica.com\/v1\/wp-content\/uploads\/2025\/06\/0-1-1024x683.jpg\" alt=\"\" class=\"wp-image-6177\" srcset=\"https:\/\/elmundodelapolitica.com\/v1\/wp-content\/uploads\/2025\/06\/0-1-1024x683.jpg 1024w, https:\/\/elmundodelapolitica.com\/v1\/wp-content\/uploads\/2025\/06\/0-1-300x200.jpg 300w, https:\/\/elmundodelapolitica.com\/v1\/wp-content\/uploads\/2025\/06\/0-1-768x512.jpg 768w, https:\/\/elmundodelapolitica.com\/v1\/wp-content\/uploads\/2025\/06\/0-1.jpg 1200w\" sizes=\"auto, (max-width: 1024px) 100vw, 1024px\" \/><\/figure>\n","protected":false},"excerpt":{"rendered":"<p>Por&nbsp;Odelis Matos Abogado y especialista en temas electorales &nbsp;Hoy estamos a 30 de mayo, una fecha hist\u00f3rica, memorable; para m\u00ed, despu\u00e9s de las batallas que se produjeron para independizar al&hellip; <\/p>\n","protected":false},"author":2,"featured_media":6177,"comment_status":"closed","ping_status":"closed","sticky":false,"template":"","format":"standard","meta":{"fifu_image_url":"","fifu_image_alt":"","footnotes":""},"categories":[17],"tags":[],"class_list":["post-6176","post","type-post","status-publish","format-standard","has-post-thumbnail","hentry","category-politica"],"_links":{"self":[{"href":"https:\/\/elmundodelapolitica.com\/v1\/wp-json\/wp\/v2\/posts\/6176","targetHints":{"allow":["GET"]}}],"collection":[{"href":"https:\/\/elmundodelapolitica.com\/v1\/wp-json\/wp\/v2\/posts"}],"about":[{"href":"https:\/\/elmundodelapolitica.com\/v1\/wp-json\/wp\/v2\/types\/post"}],"author":[{"embeddable":true,"href":"https:\/\/elmundodelapolitica.com\/v1\/wp-json\/wp\/v2\/users\/2"}],"replies":[{"embeddable":true,"href":"https:\/\/elmundodelapolitica.com\/v1\/wp-json\/wp\/v2\/comments?post=6176"}],"version-history":[{"count":1,"href":"https:\/\/elmundodelapolitica.com\/v1\/wp-json\/wp\/v2\/posts\/6176\/revisions"}],"predecessor-version":[{"id":6178,"href":"https:\/\/elmundodelapolitica.com\/v1\/wp-json\/wp\/v2\/posts\/6176\/revisions\/6178"}],"wp:featuredmedia":[{"embeddable":true,"href":"https:\/\/elmundodelapolitica.com\/v1\/wp-json\/wp\/v2\/media\/6177"}],"wp:attachment":[{"href":"https:\/\/elmundodelapolitica.com\/v1\/wp-json\/wp\/v2\/media?parent=6176"}],"wp:term":[{"taxonomy":"category","embeddable":true,"href":"https:\/\/elmundodelapolitica.com\/v1\/wp-json\/wp\/v2\/categories?post=6176"},{"taxonomy":"post_tag","embeddable":true,"href":"https:\/\/elmundodelapolitica.com\/v1\/wp-json\/wp\/v2\/tags?post=6176"}],"curies":[{"name":"wp","href":"https:\/\/api.w.org\/{rel}","templated":true}]}}