{"id":6173,"date":"2025-06-11T13:15:45","date_gmt":"2025-06-11T17:15:45","guid":{"rendered":"https:\/\/elmundodelapolitica.com\/v1\/?p=6173"},"modified":"2025-06-11T13:15:47","modified_gmt":"2025-06-11T17:15:47","slug":"taveras-advierte-cualquier-crisis-afecte-seguridad-haitianos-amenaza-republica-dominicana","status":"publish","type":"post","link":"https:\/\/elmundodelapolitica.com\/v1\/taveras-advierte-cualquier-crisis-afecte-seguridad-haitianos-amenaza-republica-dominicana\/","title":{"rendered":"Taveras advierte cualquier crisis afecte seguridad haitianos amenaza Rep\u00fablica Dominicana"},"content":{"rendered":"\n<p><strong>Santo Domingo. &#8211;<\/strong>&nbsp;El exdirector de Migraci\u00f3n, Jos\u00e9 Ricardo Taveras, advirti\u00f3 que cualquier crisis que afecte la seguridad de los haitianos, que en alg\u00fan momento los lleve a correr por sus vidas hacia otra direcci\u00f3n, es una amenaza permanente para Rep\u00fablica Dominicana.<\/p>\n\n\n\n<p>\u00a8Es una amenaza porque en alg\u00fan momento determinado podr\u00eda detonar un proceso de migraci\u00f3n masiva que se salga de control y que Rep\u00fablica Dominicana tenga que enfrentar a trav\u00e9s de procedimientos policiales dada la magnitud del evento, lo cual, crea un problema internacional\u00a8, expres\u00f3 Taveras.<\/p>\n\n\n\n<p>Afirm\u00f3 que mientras dicho riesgo est\u00e9 ah\u00ed el pa\u00eds est\u00e1 bajo amenaza y no dejar\u00e1 de ser as\u00ed si Hait\u00ed no es reconducido y el mundo no comprende que ese territorio necesita ser fideicomitido, tras enfatizar, que los haitianos han demostrado durante d\u00e9cadas que son incapaces de redimirse por sus propios medios.<\/p>\n\n\n\n<p>Entrevistado en el programa Toque Final con Julio Mart\u00ednez Pozo que se transmite por Antena 7, el abogado explic\u00f3 que un territorio que no genera esperanzas en su poblaci\u00f3n, que subsiste y que necesita buscar espacios vitales porque se est\u00e1 quedando sin agua, es una amenaza para su vecino.<\/p>\n\n\n\n<p>El tambi\u00e9n secretario general de la Fuerza Nacional Progresista (FNP) asegur\u00f3 que hay problemas muy serios en Hait\u00ed, ya que cuando un espacio territorial no responde con los recursos indispensable para la vida de un ser humano termina expulsando poblaci\u00f3n, y si a eso se suma una crisis de seguridad como la que hoy les afecta, es una amenaza permanente. &nbsp;&nbsp;<\/p>\n\n\n\n<p>Por otro lado, el exdirector de Migraci\u00f3n record\u00f3 que cuando se aprob\u00f3 la Ley General de Migraci\u00f3n 285-04 se concibi\u00f3 un Plan Nacional de Regularizaci\u00f3n de Extranjeros para atender un problema porque la administraci\u00f3n p\u00fablica nunca habilit\u00f3 un libro de nacimiento de extranjeros.<\/p>\n\n\n\n<p>Inform\u00f3 que cuando se produc\u00eda un nacimiento ocurr\u00edan dos cosas, se asentaban en el registro civil com\u00fan, que sentaba la imagen de que esas personas eran dominicanas, o no se asentaban, en el caso de ciudadanos haitianos muy especialmente.<\/p>\n\n\n\n<figure class=\"wp-block-image size-full\"><img loading=\"lazy\" decoding=\"async\" width=\"850\" height=\"552\" src=\"https:\/\/elmundodelapolitica.com\/v1\/wp-content\/uploads\/2025\/06\/0.png\" alt=\"\" class=\"wp-image-6174\" srcset=\"https:\/\/elmundodelapolitica.com\/v1\/wp-content\/uploads\/2025\/06\/0.png 850w, https:\/\/elmundodelapolitica.com\/v1\/wp-content\/uploads\/2025\/06\/0-300x195.png 300w, https:\/\/elmundodelapolitica.com\/v1\/wp-content\/uploads\/2025\/06\/0-768x499.png 768w\" sizes=\"auto, (max-width: 850px) 100vw, 850px\" \/><\/figure>\n","protected":false},"excerpt":{"rendered":"<p>Santo Domingo. &#8211;&nbsp;El exdirector de Migraci\u00f3n, Jos\u00e9 Ricardo Taveras, advirti\u00f3 que cualquier crisis que afecte la seguridad de los haitianos, que en alg\u00fan momento los lleve a correr por sus&hellip; <\/p>\n","protected":false},"author":2,"featured_media":6174,"comment_status":"closed","ping_status":"closed","sticky":false,"template":"","format":"standard","meta":{"fifu_image_url":"","fifu_image_alt":"","footnotes":""},"categories":[16],"tags":[],"class_list":["post-6173","post","type-post","status-publish","format-standard","has-post-thumbnail","hentry","category-seguridad"],"_links":{"self":[{"href":"https:\/\/elmundodelapolitica.com\/v1\/wp-json\/wp\/v2\/posts\/6173","targetHints":{"allow":["GET"]}}],"collection":[{"href":"https:\/\/elmundodelapolitica.com\/v1\/wp-json\/wp\/v2\/posts"}],"about":[{"href":"https:\/\/elmundodelapolitica.com\/v1\/wp-json\/wp\/v2\/types\/post"}],"author":[{"embeddable":true,"href":"https:\/\/elmundodelapolitica.com\/v1\/wp-json\/wp\/v2\/users\/2"}],"replies":[{"embeddable":true,"href":"https:\/\/elmundodelapolitica.com\/v1\/wp-json\/wp\/v2\/comments?post=6173"}],"version-history":[{"count":1,"href":"https:\/\/elmundodelapolitica.com\/v1\/wp-json\/wp\/v2\/posts\/6173\/revisions"}],"predecessor-version":[{"id":6175,"href":"https:\/\/elmundodelapolitica.com\/v1\/wp-json\/wp\/v2\/posts\/6173\/revisions\/6175"}],"wp:featuredmedia":[{"embeddable":true,"href":"https:\/\/elmundodelapolitica.com\/v1\/wp-json\/wp\/v2\/media\/6174"}],"wp:attachment":[{"href":"https:\/\/elmundodelapolitica.com\/v1\/wp-json\/wp\/v2\/media?parent=6173"}],"wp:term":[{"taxonomy":"category","embeddable":true,"href":"https:\/\/elmundodelapolitica.com\/v1\/wp-json\/wp\/v2\/categories?post=6173"},{"taxonomy":"post_tag","embeddable":true,"href":"https:\/\/elmundodelapolitica.com\/v1\/wp-json\/wp\/v2\/tags?post=6173"}],"curies":[{"name":"wp","href":"https:\/\/api.w.org\/{rel}","templated":true}]}}