{"id":6170,"date":"2025-06-11T13:14:58","date_gmt":"2025-06-11T17:14:58","guid":{"rendered":"https:\/\/elmundodelapolitica.com\/v1\/?p=6170"},"modified":"2025-06-11T13:14:59","modified_gmt":"2025-06-11T17:14:59","slug":"alcanzo-superintendencia-de-seguros-100-en-transparencia-y-gestion-presupuestaria-en-gestion-valentin","status":"publish","type":"post","link":"https:\/\/elmundodelapolitica.com\/v1\/alcanzo-superintendencia-de-seguros-100-en-transparencia-y-gestion-presupuestaria-en-gestion-valentin\/","title":{"rendered":"Alcanzo Superintendencia de Seguros 100% en Transparencia y Gesti\u00f3n Presupuestaria en gesti\u00f3n Valent\u00edn"},"content":{"rendered":"\n<p><strong>Santo Domingo<\/strong>. \u2013 La Superintendencia de Seguros contin\u00faa consolid\u00e1ndose como un referente de gesti\u00f3n p\u00fablica eficiente y responsable, al obtener la m\u00e1xima puntuaci\u00f3n (100%) en la evaluaci\u00f3n del subportal de Transparencia, correspondiente al mes de marzo, de acuerdo con el monitoreo realizado por la Direcci\u00f3n General de \u00c9tica e Integridad Gubernamental (DIGEIG).<\/p>\n\n\n\n<p>Este resultado refleja el compromiso de la instituci\u00f3n con los principios de acceso a la informaci\u00f3n, rendici\u00f3n de cuentas y fortalecimiento institucional, ejes fundamentales de una administraci\u00f3n moderna y cercana a la ciudadan\u00eda.<\/p>\n\n\n\n<p>La puntuaci\u00f3n alcanzada es una expresi\u00f3n directa del liderazgo que ha impreso el Superintendente Julio C\u00e9sar Valent\u00edn Jimini\u00e1n, y el equipo de colaboradores que le acompa\u00f1a, quienes han asumido con determinaci\u00f3n el fortalecimiento de la cultura institucional, la modernizaci\u00f3n de los procesos y el cumplimiento riguroso de los est\u00e1ndares \u00e9ticos que exige la gesti\u00f3n p\u00fablica.<\/p>\n\n\n\n<p>La Superintendencia tambi\u00e9n obtuvo recientemente un 100% en el Indicador de la Gesti\u00f3n Presupuestaria (IGP) en la evaluaci\u00f3n correspondiente al primer trimestre del a\u00f1o en curso, ratificando la solidez y disciplina con la que se administra cada recurso p\u00fablico en esta gesti\u00f3n.<\/p>\n\n\n\n<p>Ambos resultados evidencian el esfuerzo sostenido de todo el equipo t\u00e9cnico y administrativo de la Superintendencia de Seguros, con una visi\u00f3n estrat\u00e9gica que orienta sus acciones hacia la excelencia institucional y la confianza ciudadana.<\/p>\n\n\n\n<figure class=\"wp-block-image size-large\"><img loading=\"lazy\" decoding=\"async\" width=\"1024\" height=\"835\" src=\"https:\/\/elmundodelapolitica.com\/v1\/wp-content\/uploads\/2025\/06\/0-1024x835.jpg\" alt=\"\" class=\"wp-image-6171\" srcset=\"https:\/\/elmundodelapolitica.com\/v1\/wp-content\/uploads\/2025\/06\/0-1024x835.jpg 1024w, https:\/\/elmundodelapolitica.com\/v1\/wp-content\/uploads\/2025\/06\/0-300x245.jpg 300w, https:\/\/elmundodelapolitica.com\/v1\/wp-content\/uploads\/2025\/06\/0-768x626.jpg 768w, https:\/\/elmundodelapolitica.com\/v1\/wp-content\/uploads\/2025\/06\/0.jpg 1126w\" sizes=\"auto, (max-width: 1024px) 100vw, 1024px\" \/><\/figure>\n","protected":false},"excerpt":{"rendered":"<p>Santo Domingo. \u2013 La Superintendencia de Seguros contin\u00faa consolid\u00e1ndose como un referente de gesti\u00f3n p\u00fablica eficiente y responsable, al obtener la m\u00e1xima puntuaci\u00f3n (100%) en la evaluaci\u00f3n del subportal de&hellip; <\/p>\n","protected":false},"author":2,"featured_media":6171,"comment_status":"closed","ping_status":"closed","sticky":false,"template":"","format":"standard","meta":{"fifu_image_url":"","fifu_image_alt":"","footnotes":""},"categories":[46],"tags":[],"class_list":["post-6170","post","type-post","status-publish","format-standard","has-post-thumbnail","hentry","category-seguros"],"_links":{"self":[{"href":"https:\/\/elmundodelapolitica.com\/v1\/wp-json\/wp\/v2\/posts\/6170","targetHints":{"allow":["GET"]}}],"collection":[{"href":"https:\/\/elmundodelapolitica.com\/v1\/wp-json\/wp\/v2\/posts"}],"about":[{"href":"https:\/\/elmundodelapolitica.com\/v1\/wp-json\/wp\/v2\/types\/post"}],"author":[{"embeddable":true,"href":"https:\/\/elmundodelapolitica.com\/v1\/wp-json\/wp\/v2\/users\/2"}],"replies":[{"embeddable":true,"href":"https:\/\/elmundodelapolitica.com\/v1\/wp-json\/wp\/v2\/comments?post=6170"}],"version-history":[{"count":1,"href":"https:\/\/elmundodelapolitica.com\/v1\/wp-json\/wp\/v2\/posts\/6170\/revisions"}],"predecessor-version":[{"id":6172,"href":"https:\/\/elmundodelapolitica.com\/v1\/wp-json\/wp\/v2\/posts\/6170\/revisions\/6172"}],"wp:featuredmedia":[{"embeddable":true,"href":"https:\/\/elmundodelapolitica.com\/v1\/wp-json\/wp\/v2\/media\/6171"}],"wp:attachment":[{"href":"https:\/\/elmundodelapolitica.com\/v1\/wp-json\/wp\/v2\/media?parent=6170"}],"wp:term":[{"taxonomy":"category","embeddable":true,"href":"https:\/\/elmundodelapolitica.com\/v1\/wp-json\/wp\/v2\/categories?post=6170"},{"taxonomy":"post_tag","embeddable":true,"href":"https:\/\/elmundodelapolitica.com\/v1\/wp-json\/wp\/v2\/tags?post=6170"}],"curies":[{"name":"wp","href":"https:\/\/api.w.org\/{rel}","templated":true}]}}