{"id":6165,"date":"2025-06-02T11:24:50","date_gmt":"2025-06-02T15:24:50","guid":{"rendered":"https:\/\/elmundodelapolitica.com\/v1\/?p=6165"},"modified":"2025-06-02T11:24:52","modified_gmt":"2025-06-02T15:24:52","slug":"direccion-general-de-migracion-asegura-que-se-cumple-el-protocolo-de-control-de-extranjeros-indocumentados-en-hospitales-de-rd","status":"publish","type":"post","link":"https:\/\/elmundodelapolitica.com\/v1\/direccion-general-de-migracion-asegura-que-se-cumple-el-protocolo-de-control-de-extranjeros-indocumentados-en-hospitales-de-rd\/","title":{"rendered":"Direcci\u00f3n General de Migraci\u00f3n asegura que se cumple el protocolo de control de extranjeros indocumentados en hospitales de RD"},"content":{"rendered":"\n<p>Santo Domingo.-&nbsp;<strong>La Direcci\u00f3n General de Migraci\u00f3n<\/strong>&nbsp;inform\u00f3 que desde el inicio de la implementaci\u00f3n de las&nbsp;<strong>medidas especiales de control migratorio en los hospitales<\/strong>&nbsp;del Estado dominicano, se tienen algunos resultados importantes a partir del d\u00eda 21 de abril del presente a\u00f1o y que se ha dado&nbsp;<strong>cumplimiento al protocolo<\/strong>&nbsp;elaborado para tales fines.<\/p>\n\n\n\n<p>El resultado de estas medidas de control migratorio es que,&nbsp;<strong>al finalizar el mes de mayo<\/strong>, el Servicio Nacional de Salud ha reportado una&nbsp;<strong>notable reducci\u00f3n del flujo de inmigrantes indocumentados<\/strong>, porque se cumple con la exigencia de presentar la&nbsp;<strong>documentaci\u00f3n<\/strong>&nbsp;que emite el Estado para regular la presencia de extranjeros en territorio nacional.<\/p>\n\n\n\n<p>Explica que esta labor se hace en coordinaci\u00f3n con las&nbsp;<strong>autoridades del Servicio Nacional de Salud<\/strong>&nbsp;y con&nbsp; el personal a cargo de los hospitales,&nbsp;<strong>asegurando el acceso a los servicios de salud<\/strong>&nbsp;para cada requerimiento de las personas que est\u00e1n en territorio nacional,&nbsp;<strong>a\u00fan cuando est\u00e9n en condici\u00f3n irregular.<\/strong><\/p>\n\n\n\n<p>La DGM comunic\u00f3 que mantiene&nbsp;<strong>presencia en los 33 hospitales definidos como centros priorizados<\/strong>. Adem\u00e1s, acude a los dem\u00e1s centros a requerimiento del personal de seguridad de los hospitales, cuando es necesario enviar una unidad para llevar a un&nbsp;<strong>centro de acogida<\/strong>&nbsp;de la DGM&nbsp;<strong>la persona que ha sido atendida y dada de alta, pero cuya permanencia en el pa\u00eds es irregular.&nbsp;<\/strong><\/p>\n\n\n\n<p>Igualmente la DGM se\u00f1ala que, aparte de que estas tareas operacionales se ejecutan cumpliendo con el protocolo establecido para dichos casos, se verifica que se enmarquen dentro del marco legal vigente y<strong>&nbsp;respetando los derechos humanos de los extranjeros<\/strong>&nbsp;<strong>indocumentados<\/strong>&nbsp;que son detenidos para fines de&nbsp;<strong>deportaci\u00f3n<\/strong>.<\/p>\n\n\n\n<p>Las disposiciones vigentes establecen que&nbsp;<strong>una vez que los pacientes reciben el alta m\u00e9dica<\/strong>, principalmente mujeres en proceso postparto, se procede a su&nbsp;<strong>traslado,<\/strong>&nbsp;luego de validar que se ha cumplido con el per\u00edodo de observaci\u00f3n de&nbsp;<strong>3 d\u00edas en partos naturales y 7 d\u00edas para ces\u00e1reas<\/strong>, seg\u00fan establece en el protocolo.<\/p>\n\n\n\n<p>En todos los casos, asegura la DGM, se ofrece el&nbsp;<strong>trato humano<\/strong>&nbsp;que corresponde, y en los casos de repatriaci\u00f3n de&nbsp;<strong>mujeres y menores de edad<\/strong>, se usan&nbsp;<strong>veh\u00edculos de transporte adecuados<\/strong>&nbsp;para el viaje de varias horas hasta la frontera, con la atenci\u00f3n y cuidados que sean necesarios.<\/p>\n\n\n\n<p>La instituci\u00f3n asegura que la DGM continuar\u00e1 trabajando en estrecha coordinaci\u00f3n con el SNS y dem\u00e1s organismos correspondientes para&nbsp;<strong>salvaguardar la salud p\u00fablica<\/strong>, garantizar el&nbsp;<strong>uso adecuado de los recursos del Estado<\/strong>&nbsp;y mantener el&nbsp;<strong>orden migratorio<\/strong>&nbsp;garantizando el&nbsp;<strong>respeto a la dignidad humana.<\/strong><\/p>\n\n\n\n<p><strong>Cifras recientes<\/strong><\/p>\n\n\n\n<p>La DGM destaca que desde el 21 de abril al 30 de mayo 2025,&nbsp;<strong>han sido detenidas 2,188 personas en condici\u00f3n migratoria irregular<\/strong>, como resultado de la implementaci\u00f3n del protocolo acordado por el SNS y la DGM, en al menos&nbsp;<strong>642 acciones ejecutadas en centros de salud<\/strong>&nbsp;distribuidos a nivel nacional.<\/p>\n\n\n\n<p>Solo en&nbsp;<strong>Santo Domingo<\/strong>, se realizaron&nbsp;<strong>218<\/strong>, mientras que las provincias fronterizas muestran los siguientes datos: en&nbsp;<strong>Dajab\u00f3n 21, El\u00edas Pi\u00f1a 60, Independencia 24, Montecristi 25 y Pedernales 33.<\/strong><\/p>\n\n\n\n<p>En estas acciones, informa, han sido detenidos&nbsp;<strong>353 hombres y 442 mujeres<\/strong>, 186 de ellas en estado de gestaci\u00f3n, 559 parturientas y menores de edad (178 ni\u00f1as y 470 ni\u00f1os). En el caso de la poblaci\u00f3n m\u00e1s vulnerable, tales como mujeres embarazadas, parturientas y menores de edad, en cada operativo los agentes de la DGM act\u00faan acorde a lo que establece la&nbsp;<strong>Ley General de Migraci\u00f3n 285-04.<\/strong><\/p>\n\n\n\n<p>La DGM adem\u00e1s, invita a la ciudadan\u00eda a mantenerse informada a trav\u00e9s de los canales oficiales de la instituci\u00f3n, para obtener&nbsp;<strong>datos actualizados y precisos sobre las acciones migratorias en el pa\u00eds.<\/strong><\/p>\n","protected":false},"excerpt":{"rendered":"<p>Santo Domingo.-&nbsp;La Direcci\u00f3n General de Migraci\u00f3n&nbsp;inform\u00f3 que desde el inicio de la implementaci\u00f3n de las&nbsp;medidas especiales de control migratorio en los hospitales&nbsp;del Estado dominicano, se tienen algunos resultados importantes a&hellip; <\/p>\n","protected":false},"author":2,"featured_media":6167,"comment_status":"closed","ping_status":"closed","sticky":false,"template":"","format":"standard","meta":{"fifu_image_url":"https:\/\/presidencia.gob.do\/sites\/default\/files\/styles\/large\/public\/news\/2025-06\/IMG_8651.png?itok=FSBV775u","fifu_image_alt":"","footnotes":""},"categories":[28],"tags":[],"class_list":["post-6165","post","type-post","status-publish","format-standard","has-post-thumbnail","hentry","category-migracion"],"_links":{"self":[{"href":"https:\/\/elmundodelapolitica.com\/v1\/wp-json\/wp\/v2\/posts\/6165","targetHints":{"allow":["GET"]}}],"collection":[{"href":"https:\/\/elmundodelapolitica.com\/v1\/wp-json\/wp\/v2\/posts"}],"about":[{"href":"https:\/\/elmundodelapolitica.com\/v1\/wp-json\/wp\/v2\/types\/post"}],"author":[{"embeddable":true,"href":"https:\/\/elmundodelapolitica.com\/v1\/wp-json\/wp\/v2\/users\/2"}],"replies":[{"embeddable":true,"href":"https:\/\/elmundodelapolitica.com\/v1\/wp-json\/wp\/v2\/comments?post=6165"}],"version-history":[{"count":1,"href":"https:\/\/elmundodelapolitica.com\/v1\/wp-json\/wp\/v2\/posts\/6165\/revisions"}],"predecessor-version":[{"id":6166,"href":"https:\/\/elmundodelapolitica.com\/v1\/wp-json\/wp\/v2\/posts\/6165\/revisions\/6166"}],"wp:featuredmedia":[{"embeddable":true,"href":"https:\/\/elmundodelapolitica.com\/v1\/wp-json\/wp\/v2\/media\/6167"}],"wp:attachment":[{"href":"https:\/\/elmundodelapolitica.com\/v1\/wp-json\/wp\/v2\/media?parent=6165"}],"wp:term":[{"taxonomy":"category","embeddable":true,"href":"https:\/\/elmundodelapolitica.com\/v1\/wp-json\/wp\/v2\/categories?post=6165"},{"taxonomy":"post_tag","embeddable":true,"href":"https:\/\/elmundodelapolitica.com\/v1\/wp-json\/wp\/v2\/tags?post=6165"}],"curies":[{"name":"wp","href":"https:\/\/api.w.org\/{rel}","templated":true}]}}