{"id":6155,"date":"2025-04-15T14:10:57","date_gmt":"2025-04-15T18:10:57","guid":{"rendered":"https:\/\/elmundodelapolitica.com\/v1\/?p=6155"},"modified":"2025-04-15T14:10:59","modified_gmt":"2025-04-15T18:10:59","slug":"recibe-canciller-alvarez-copias-cartas-credenciales-embajador-designado-de-rusia-siendo-primer-jefe-mision-diplomatica-residente-en-r-d","status":"publish","type":"post","link":"https:\/\/elmundodelapolitica.com\/v1\/recibe-canciller-alvarez-copias-cartas-credenciales-embajador-designado-de-rusia-siendo-primer-jefe-mision-diplomatica-residente-en-r-d\/","title":{"rendered":"Recibe canciller \u00c1lvarez copias Cartas Credenciales embajador designado de Rusia siendo primer jefe misi\u00f3n diplom\u00e1tica residente en R.D."},"content":{"rendered":"\n<p><strong>Santo Domingo de Guzm\u00e1n, Rep\u00fablica Dominicana. &#8211; <\/strong>El ministro de Relaciones Exteriores, Roberto \u00c1lvarez, recibi\u00f3 este lunes las Copias de Estilo de las Cartas Credenciales del embajador designado de la Federaci\u00f3n de Rusia, Alexey Victorovich Seredin, quien es el primer jefe de misi\u00f3n diplom\u00e1tica de su pa\u00eds residente en Rep\u00fablica Dominicana.&nbsp;&nbsp;<\/p>\n\n\n<div class=\"wp-block-image\">\n<figure class=\"aligncenter\"><a href=\"http:\/\/elmundodelosnegocios.com.do\/v1\/wp-content\/uploads\/2025\/04\/WhatsApp-Image-2025-04-14-at-6.13.36-PM.jpeg\"><img decoding=\"async\" src=\"http:\/\/elmundodelosnegocios.com.do\/v1\/wp-content\/uploads\/2025\/04\/WhatsApp-Image-2025-04-14-at-6.13.36-PM.jpeg\" alt=\"\" class=\"wp-image-70707\"\/><\/a><\/figure>\n<\/div>\n\n\n<p>Luego de recibir el documento oficial, el canciller \u00c1lvarez procedi\u00f3 a dar la bienvenida al nuevo funcionario diplom\u00e1tico y, posteriormente, conversaron sobre temas de inter\u00e9s com\u00fan para ambas naciones, que este 2025 cumplen 80 a\u00f1os de relaciones diplom\u00e1ticas.<\/p>\n\n\n\n<p>En el servicio diplom\u00e1tico para su pa\u00eds, el embajador designado Seredin, ha desempe\u00f1ado diversos cargos: en la Embajada de la Federaci\u00f3n de Rusia en Bolivia entre los a\u00f1os 1996-2000; adem\u00e1s, asesor de la Embajada de la Federaci\u00f3n de Rusia en la Rep\u00fablica Bolivariana de Venezuela 2003\u20132011; tambi\u00e9n se desempe\u00f1\u00f3 como subdirector del Departamento de Am\u00e9rica Latina del 2021-2025.&nbsp;<\/p>\n\n\n\n<p>Anterior a su llegada al pa\u00eds, la Embajada de la Federaci\u00f3n de Rusia en Venezuela era concurrente a la Rep\u00fablica Dominicana. El embajador Alexey Victorovich Seredin encabezar\u00e1 la embajada rusa que por primera vez se instalar\u00e1 en territorio nacional.&nbsp;<\/p>\n\n\n\n<p>El Ministerio de Relaciones Exteriores destac\u00f3 que con la llegada del diplom\u00e1tico ruso, todos los Estados miembros permanentes del Consejo de Seguridad de la Organizaci\u00f3n de las Naciones Unidas tienen un jefe de misi\u00f3n residente en el pa\u00eds.&nbsp;<\/p>\n\n\n\n<p>En lo adelante, se espera que el embajador designado presente al presidente Luis Abinader las Cartas Credenciales para ejercer formalmente sus funciones diplom\u00e1ticas en el pa\u00eds.<\/p>\n","protected":false},"excerpt":{"rendered":"<p>Santo Domingo de Guzm\u00e1n, Rep\u00fablica Dominicana. &#8211; El ministro de Relaciones Exteriores, Roberto \u00c1lvarez, recibi\u00f3 este lunes las Copias de Estilo de las Cartas Credenciales del embajador designado de la&hellip; <\/p>\n","protected":false},"author":2,"featured_media":6156,"comment_status":"closed","ping_status":"closed","sticky":false,"template":"","format":"standard","meta":{"fifu_image_url":"","fifu_image_alt":"","footnotes":""},"categories":[54],"tags":[],"class_list":["post-6155","post","type-post","status-publish","format-standard","has-post-thumbnail","hentry","category-politica_exterior"],"_links":{"self":[{"href":"https:\/\/elmundodelapolitica.com\/v1\/wp-json\/wp\/v2\/posts\/6155","targetHints":{"allow":["GET"]}}],"collection":[{"href":"https:\/\/elmundodelapolitica.com\/v1\/wp-json\/wp\/v2\/posts"}],"about":[{"href":"https:\/\/elmundodelapolitica.com\/v1\/wp-json\/wp\/v2\/types\/post"}],"author":[{"embeddable":true,"href":"https:\/\/elmundodelapolitica.com\/v1\/wp-json\/wp\/v2\/users\/2"}],"replies":[{"embeddable":true,"href":"https:\/\/elmundodelapolitica.com\/v1\/wp-json\/wp\/v2\/comments?post=6155"}],"version-history":[{"count":1,"href":"https:\/\/elmundodelapolitica.com\/v1\/wp-json\/wp\/v2\/posts\/6155\/revisions"}],"predecessor-version":[{"id":6157,"href":"https:\/\/elmundodelapolitica.com\/v1\/wp-json\/wp\/v2\/posts\/6155\/revisions\/6157"}],"wp:featuredmedia":[{"embeddable":true,"href":"https:\/\/elmundodelapolitica.com\/v1\/wp-json\/wp\/v2\/media\/6156"}],"wp:attachment":[{"href":"https:\/\/elmundodelapolitica.com\/v1\/wp-json\/wp\/v2\/media?parent=6155"}],"wp:term":[{"taxonomy":"category","embeddable":true,"href":"https:\/\/elmundodelapolitica.com\/v1\/wp-json\/wp\/v2\/categories?post=6155"},{"taxonomy":"post_tag","embeddable":true,"href":"https:\/\/elmundodelapolitica.com\/v1\/wp-json\/wp\/v2\/tags?post=6155"}],"curies":[{"name":"wp","href":"https:\/\/api.w.org\/{rel}","templated":true}]}}