{"id":6078,"date":"2024-10-17T09:00:42","date_gmt":"2024-10-17T13:00:42","guid":{"rendered":"https:\/\/elmundodelapolitica.com\/v1\/?p=6078"},"modified":"2024-10-17T09:00:42","modified_gmt":"2024-10-17T13:00:42","slug":"firma-indotel-convenio-interior-y-policia-dotar-modernizacion-policia-y-mejorar-niveles-eficiencia-registro-delitos","status":"publish","type":"post","link":"https:\/\/elmundodelapolitica.com\/v1\/firma-indotel-convenio-interior-y-policia-dotar-modernizacion-policia-y-mejorar-niveles-eficiencia-registro-delitos\/","title":{"rendered":"Firma INDOTEL convenio Interior y Polic\u00eda dotar modernizaci\u00f3n Polic\u00eda y mejorar niveles eficiencia registro delitos"},"content":{"rendered":"<div>\n<div><b>Santo Domingo<\/b>, R.D. Octubre, 2024.- El Instituto Dominicano de las Telecomunicaciones (INDOTEL) y el Ministerio de Interior y Polic\u00eda (MIP) firmaron un memor\u00e1ndum de entendimiento para llevar a cabo un proyecto de conectividad en 63 destacamentos policiales, con el objetivo de dotar a estos espacios de acceso a internet y equipos tecnol\u00f3gicos.<\/div>\n<div><a href=\"https:\/\/i0.wp.com\/elmundodelosnegocios.com.do\/v1\/wp-content\/uploads\/2024\/10\/IMG_0583.jpeg\"><img data-recalc-dims=\"1\" loading=\"lazy\" decoding=\"async\" class=\"aligncenter size-full wp-image-54983\" src=\"https:\/\/i0.wp.com\/elmundodelosnegocios.com.do\/v1\/wp-content\/uploads\/2024\/10\/IMG_0583.jpeg?resize=1110,766\" alt=\"\" width=\"1110\" height=\"766\" srcset=\"https:\/\/i0.wp.com\/elmundodelosnegocios.com.do\/v1\/wp-content\/uploads\/2024\/10\/IMG_0583.jpeg?w=1769&amp;ssl=1 1769w, https:\/\/i0.wp.com\/elmundodelosnegocios.com.do\/v1\/wp-content\/uploads\/2024\/10\/IMG_0583.jpeg?resize=300%2C207&amp;ssl=1 300w, https:\/\/i0.wp.com\/elmundodelosnegocios.com.do\/v1\/wp-content\/uploads\/2024\/10\/IMG_0583.jpeg?resize=1024%2C707&amp;ssl=1 1024w, https:\/\/i0.wp.com\/elmundodelosnegocios.com.do\/v1\/wp-content\/uploads\/2024\/10\/IMG_0583.jpeg?resize=768%2C530&amp;ssl=1 768w, https:\/\/i0.wp.com\/elmundodelosnegocios.com.do\/v1\/wp-content\/uploads\/2024\/10\/IMG_0583.jpeg?resize=1536%2C1060&amp;ssl=1 1536w\" sizes=\"auto, (max-width: 1110px) 100vw, 1110px\"><\/a><\/div>\n<div><\/div>\n<div>Adem\u00e1s, los oficiales que est\u00e9n en estos destacamentos ser\u00e1n beneficiados con un programa de orientaci\u00f3n y uso adecuado de las tecnolog\u00edas para hacer m\u00e1s eficiente sus funciones.<\/div>\n<div><\/div>\n<div>El acto de firma estuvo encabezado por el presidente del Consejo Directivo del INDOTEL, Guido G\u00f3mez Mazara, y la ministra de Interior y Polic\u00eda, Faride Raful, quienes destacaron que esta iniciativa busca convertir a los destacamentos en puntos claves de seguridad p\u00fablica para mejorar la gesti\u00f3n de denuncias y la operatividad de los cuerpos policiales.<\/div>\n<div><a href=\"https:\/\/i0.wp.com\/elmundodelosnegocios.com.do\/v1\/wp-content\/uploads\/2024\/10\/IMG_0584.jpeg\"><img data-recalc-dims=\"1\" loading=\"lazy\" decoding=\"async\" class=\"aligncenter size-full wp-image-54984\" src=\"https:\/\/i0.wp.com\/elmundodelosnegocios.com.do\/v1\/wp-content\/uploads\/2024\/10\/IMG_0584.jpeg?resize=1110,757\" alt=\"\" width=\"1110\" height=\"757\" srcset=\"https:\/\/i0.wp.com\/elmundodelosnegocios.com.do\/v1\/wp-content\/uploads\/2024\/10\/IMG_0584.jpeg?w=1877&amp;ssl=1 1877w, https:\/\/i0.wp.com\/elmundodelosnegocios.com.do\/v1\/wp-content\/uploads\/2024\/10\/IMG_0584.jpeg?resize=300%2C205&amp;ssl=1 300w, https:\/\/i0.wp.com\/elmundodelosnegocios.com.do\/v1\/wp-content\/uploads\/2024\/10\/IMG_0584.jpeg?resize=1024%2C698&amp;ssl=1 1024w, https:\/\/i0.wp.com\/elmundodelosnegocios.com.do\/v1\/wp-content\/uploads\/2024\/10\/IMG_0584.jpeg?resize=768%2C524&amp;ssl=1 768w, https:\/\/i0.wp.com\/elmundodelosnegocios.com.do\/v1\/wp-content\/uploads\/2024\/10\/IMG_0584.jpeg?resize=1536%2C1047&amp;ssl=1 1536w\" sizes=\"auto, (max-width: 1110px) 100vw, 1110px\"><\/a><\/div>\n<div><\/div>\n<div>G\u00f3mez Mazara afirm\u00f3 que esta contribuci\u00f3n aportar\u00e1 al proceso de modernizaci\u00f3n de la Polic\u00eda Nacional y la capacidad de respuesta en materia de seguridad para beneficio de la ciudadan\u00eda.<\/div>\n<div><\/div>\n<div>\u201cEsta es una pieza importante para reducir los niveles de inseguridad, y como el Ministerio de Interior y Polic\u00eda es la cabeza institucional de este esfuerzo, hacemos esta contribuci\u00f3n. Es el inter\u00e9s del presidente de la Rep\u00fablica, la se\u00f1ora ministra, y la gesti\u00f3n que desarrollamos\u201d, precis\u00f3.<\/div>\n<div>El funcionario indic\u00f3 que este proceso iniciar\u00e1 el 11 de noviembre.<\/div>\n<div><\/div>\n<div>De su lado, Raful manifest\u00f3 que este tipo de acuerdos es fundamental y dijo sentirse honrada de la contribuci\u00f3n recibida por parte del INDOTEL.<\/div>\n<div><\/div>\n<div>\u201cLa seguridad ciudadana es una contribuci\u00f3n de todos nosotros, y en la media que hacemos este tipo de acuerdos se fortalecen\u201d, detall\u00f3 la ministra.<\/div>\n<div><\/div>\n<div>La primera etapa del proyecto se centrar\u00e1 en las provincias de Santo Domingo, Azua, Bahoruco, Barahona, El\u00edas Pi\u00f1a, Independencia, Pedernales, San Crist\u00f3bal, San Jos\u00e9 de Ocoa y San Juan.<\/div>\n<div><\/div>\n<div>El acuerdo tambi\u00e9n indica que el INDOTEL se encargar\u00e1 de la identificaci\u00f3n y asignaci\u00f3n de fondos, instalaci\u00f3n de la infraestructura tecnol\u00f3gica y medidas de seguridad cibern\u00e9tica. Por su parte, el MIP ser\u00e1 responsable del mantenimiento de los equipos, gesti\u00f3n del servicio de internet y provisi\u00f3n de mobiliario.<\/div>\n<div><\/div>\n<div>Desde el inicio de su gesti\u00f3n, G\u00f3mez Mazara ha mostrado su inter\u00e9s en contribuir a la seguridad ciudadana del pa\u00eds, al mismo tiempo que con ello la instituci\u00f3n trabaja para reducir la brecha digital en el pa\u00eds.<\/div>\n<\/div>\n","protected":false},"excerpt":{"rendered":"<p>Santo Domingo, R.D. Octubre, 2024.- El Instituto Dominicano de las Telecomunicaciones (INDOTEL) y el Ministerio de Interior y Polic\u00eda (MIP) firmaron un memor\u00e1ndum de entendimiento para llevar a cabo un&hellip; <\/p>\n","protected":false},"author":2,"featured_media":6079,"comment_status":"closed","ping_status":"closed","sticky":false,"template":"","format":"standard","meta":{"fifu_image_url":"https:\/\/i0.wp.com\/elmundodelosnegocios.com.do\/v1\/wp-content\/uploads\/2024\/10\/IMG_0583.jpeg?resize=1110,766","fifu_image_alt":"Firma INDOTEL convenio Interior y Polic\u00eda dotar modernizaci\u00f3n Polic\u00eda y mejorar niveles eficiencia registro delitos","footnotes":""},"categories":[63],"tags":[],"class_list":["post-6078","post","type-post","status-publish","format-standard","has-post-thumbnail","hentry","category-actualidad"],"_links":{"self":[{"href":"https:\/\/elmundodelapolitica.com\/v1\/wp-json\/wp\/v2\/posts\/6078","targetHints":{"allow":["GET"]}}],"collection":[{"href":"https:\/\/elmundodelapolitica.com\/v1\/wp-json\/wp\/v2\/posts"}],"about":[{"href":"https:\/\/elmundodelapolitica.com\/v1\/wp-json\/wp\/v2\/types\/post"}],"author":[{"embeddable":true,"href":"https:\/\/elmundodelapolitica.com\/v1\/wp-json\/wp\/v2\/users\/2"}],"replies":[{"embeddable":true,"href":"https:\/\/elmundodelapolitica.com\/v1\/wp-json\/wp\/v2\/comments?post=6078"}],"version-history":[{"count":0,"href":"https:\/\/elmundodelapolitica.com\/v1\/wp-json\/wp\/v2\/posts\/6078\/revisions"}],"wp:featuredmedia":[{"embeddable":true,"href":"https:\/\/elmundodelapolitica.com\/v1\/wp-json\/wp\/v2\/media\/6079"}],"wp:attachment":[{"href":"https:\/\/elmundodelapolitica.com\/v1\/wp-json\/wp\/v2\/media?parent=6078"}],"wp:term":[{"taxonomy":"category","embeddable":true,"href":"https:\/\/elmundodelapolitica.com\/v1\/wp-json\/wp\/v2\/categories?post=6078"},{"taxonomy":"post_tag","embeddable":true,"href":"https:\/\/elmundodelapolitica.com\/v1\/wp-json\/wp\/v2\/tags?post=6078"}],"curies":[{"name":"wp","href":"https:\/\/api.w.org\/{rel}","templated":true}]}}