{"id":6057,"date":"2024-09-26T23:23:30","date_gmt":"2024-09-27T03:23:30","guid":{"rendered":"https:\/\/elmundodelapolitica.com\/v1\/?p=6057"},"modified":"2024-09-26T23:23:33","modified_gmt":"2024-09-27T03:23:33","slug":"presidente-abinader-se-reune-con-ejecutivos-e-inversionistas-del-consejo-de-las-americas","status":"publish","type":"post","link":"https:\/\/elmundodelapolitica.com\/v1\/presidente-abinader-se-reune-con-ejecutivos-e-inversionistas-del-consejo-de-las-americas\/","title":{"rendered":"Presidente Abinader se re\u00fane con ejecutivos e inversionistas del Consejo de las Am\u00e9ricas"},"content":{"rendered":"\n<p>Nueva York.-&nbsp;<strong>El presidente Luis Abinader<\/strong>&nbsp;sostuvo una reuni\u00f3n la ma\u00f1ana de este jueves con&nbsp;<strong>ejecutivos e inversionistas del Consejo de las Am\u00e9ricas<\/strong>, con quienes intercambi\u00f3 informaciones sobre el curso de la&nbsp;<strong>econom\u00eda dominicana y las perspectivas futuras.<\/strong><\/p>\n\n\n\n<p>El mandatario se refiri\u00f3 a la&nbsp;<strong>estabilidad pol\u00edtica, al crecimiento de la econom\u00eda<\/strong>&nbsp;y a las facilidades para los&nbsp;<strong>inversionistas.<\/strong><\/p>\n\n\n\n<p>En esta reuni\u00f3n participaron, junto con el mandatario, los ministros, de Relaciones Exteriores,&nbsp;<strong>Roberto \u00c1lvarez, y V\u00edctor -Ito- Bison\u00f3<\/strong>, de Industria, Comercio y Mipymes.<\/p>\n\n\n\n<p>Por el Consejo de las Am\u00e9ricas, sus principales ejecutivos,&nbsp;<strong>Susan Segal<\/strong>, presidenta, y&nbsp;<strong>Andr\u00e9s Gluski<\/strong>, presidente de la Junta Directiva.<\/p>\n\n\n\n<p><strong>Visita Hospital Montefiore<\/strong><\/p>\n\n\n\n<figure class=\"wp-block-image\"><img decoding=\"async\" src=\"https:\/\/presidencia.gob.do\/sites\/default\/files\/inline-images\/WhatsApp%20Image%202024-09-26%20at%2017.27.02%20%281%29.jpeg\" alt=\"\"\/><\/figure>\n\n\n\n<p>El mandatario dominicano tuvo la oportunidad de visitar el famoso&nbsp;<strong>Hospital Montefiore<\/strong>, en esta ciudad de Nueva York, para conocer de la experiencia de este centro&nbsp;<strong>en el tratamiento del C\u00e1ncer<\/strong>.<\/p>\n\n\n\n<p>El presidente Abinader lleg\u00f3 acompa\u00f1ado del&nbsp;<strong>ministro de Salud,<\/strong>&nbsp;V\u00edctor Atallah, y el de Industria, Comercio y Mipymes,&nbsp;<strong>V\u00edctor-<\/strong>&nbsp;<strong>Ito Bison\u00f3.<\/strong><\/p>\n\n\n\n<p>Los doctores&nbsp;<strong>Shalom Kalnicki, Amit Verma, Mario Garc\u00eda y Philip O. Ozuah<\/strong>&nbsp;dieron un&nbsp;<strong>recorrido al presidente Abinader y sus acompa\u00f1antes<\/strong>, para que conociera el servicio que se brinda a los pacientes y la&nbsp;<strong>medicina de alto nivel<\/strong>&nbsp;que all\u00ed se practica.<\/p>\n","protected":false},"excerpt":{"rendered":"<p>Nueva York.-&nbsp;El presidente Luis Abinader&nbsp;sostuvo una reuni\u00f3n la ma\u00f1ana de este jueves con&nbsp;ejecutivos e inversionistas del Consejo de las Am\u00e9ricas, con quienes intercambi\u00f3 informaciones sobre el curso de la&nbsp;econom\u00eda dominicana&hellip; <\/p>\n","protected":false},"author":2,"featured_media":6058,"comment_status":"open","ping_status":"open","sticky":false,"template":"","format":"standard","meta":{"fifu_image_url":"","fifu_image_alt":"","footnotes":""},"categories":[54],"tags":[],"class_list":["post-6057","post","type-post","status-publish","format-standard","has-post-thumbnail","hentry","category-politica_exterior"],"_links":{"self":[{"href":"https:\/\/elmundodelapolitica.com\/v1\/wp-json\/wp\/v2\/posts\/6057","targetHints":{"allow":["GET"]}}],"collection":[{"href":"https:\/\/elmundodelapolitica.com\/v1\/wp-json\/wp\/v2\/posts"}],"about":[{"href":"https:\/\/elmundodelapolitica.com\/v1\/wp-json\/wp\/v2\/types\/post"}],"author":[{"embeddable":true,"href":"https:\/\/elmundodelapolitica.com\/v1\/wp-json\/wp\/v2\/users\/2"}],"replies":[{"embeddable":true,"href":"https:\/\/elmundodelapolitica.com\/v1\/wp-json\/wp\/v2\/comments?post=6057"}],"version-history":[{"count":1,"href":"https:\/\/elmundodelapolitica.com\/v1\/wp-json\/wp\/v2\/posts\/6057\/revisions"}],"predecessor-version":[{"id":6059,"href":"https:\/\/elmundodelapolitica.com\/v1\/wp-json\/wp\/v2\/posts\/6057\/revisions\/6059"}],"wp:featuredmedia":[{"embeddable":true,"href":"https:\/\/elmundodelapolitica.com\/v1\/wp-json\/wp\/v2\/media\/6058"}],"wp:attachment":[{"href":"https:\/\/elmundodelapolitica.com\/v1\/wp-json\/wp\/v2\/media?parent=6057"}],"wp:term":[{"taxonomy":"category","embeddable":true,"href":"https:\/\/elmundodelapolitica.com\/v1\/wp-json\/wp\/v2\/categories?post=6057"},{"taxonomy":"post_tag","embeddable":true,"href":"https:\/\/elmundodelapolitica.com\/v1\/wp-json\/wp\/v2\/tags?post=6057"}],"curies":[{"name":"wp","href":"https:\/\/api.w.org\/{rel}","templated":true}]}}