{"id":6051,"date":"2024-09-19T20:04:58","date_gmt":"2024-09-20T00:04:58","guid":{"rendered":"https:\/\/elmundodelapolitica.com\/v1\/?p=6051"},"modified":"2024-09-19T20:05:00","modified_gmt":"2024-09-20T00:05:00","slug":"presidente-abinader-designa-a-la-vicepresidenta-raquel-pena-como-presidenta-del-gabinete-de-educacion","status":"publish","type":"post","link":"https:\/\/elmundodelapolitica.com\/v1\/presidente-abinader-designa-a-la-vicepresidenta-raquel-pena-como-presidenta-del-gabinete-de-educacion\/","title":{"rendered":"Presidente Abinader designa a la vicepresidenta Raquel Pe\u00f1a como presidenta del Gabinete de Educaci\u00f3n"},"content":{"rendered":"\n<p>Santo Domingo.-&nbsp;<strong>El presidente Luis Abinader<\/strong>&nbsp;emiti\u00f3 el&nbsp;<strong>Decreto n\u00fam.&nbsp;<\/strong><a href=\"https:\/\/presidencia.gob.do\/decretos\/540-24\"><strong>540-24<\/strong><\/a>, mediante el cual designa a la&nbsp;<strong>vicepresidenta de la Rep\u00fablica, Raquel Pe\u00f1a Rodr\u00edguez<\/strong>, como presidenta del&nbsp;<strong>Gabinete de Educaci\u00f3n<\/strong>, para lo cual&nbsp;<strong>se modifica<\/strong>&nbsp;el numeral 1 del p\u00e1rrafo I del art\u00edculo 4 del&nbsp;<strong>Decreto n\u00fam. 117-21,<\/strong>&nbsp;del 22 de&nbsp;<strong>febrero de 2021<\/strong>.<\/p>\n\n\n\n<p>En el mismo decreto, el mandatario designa a&nbsp;<strong>Joel Adri\u00e1n Santos Echavarr\u00eda<\/strong>&nbsp;como presidente del&nbsp;<strong>Gabinete del Sector El\u00e9ctrico.<\/strong><\/p>\n\n\n\n<p><strong>El art\u00edculo 3<\/strong>&nbsp;del referido decreto establece que&nbsp;<strong>queda derogado<\/strong>&nbsp;el art\u00edculo 1 del&nbsp;<strong>Decreto n\u00fam. 594-22,<\/strong>&nbsp;del 11 de&nbsp;<strong>octubre de 2022.<\/strong><\/p>\n","protected":false},"excerpt":{"rendered":"<p>Santo Domingo.-&nbsp;El presidente Luis Abinader&nbsp;emiti\u00f3 el&nbsp;Decreto n\u00fam.&nbsp;540-24, mediante el cual designa a la&nbsp;vicepresidenta de la Rep\u00fablica, Raquel Pe\u00f1a Rodr\u00edguez, como presidenta del&nbsp;Gabinete de Educaci\u00f3n, para lo cual&nbsp;se modifica&nbsp;el numeral 1&hellip; <\/p>\n","protected":false},"author":2,"featured_media":6052,"comment_status":"open","ping_status":"open","sticky":false,"template":"","format":"standard","meta":{"fifu_image_url":"","fifu_image_alt":"","footnotes":""},"categories":[12],"tags":[],"class_list":["post-6051","post","type-post","status-publish","format-standard","has-post-thumbnail","hentry","category-agenda-politica"],"_links":{"self":[{"href":"https:\/\/elmundodelapolitica.com\/v1\/wp-json\/wp\/v2\/posts\/6051","targetHints":{"allow":["GET"]}}],"collection":[{"href":"https:\/\/elmundodelapolitica.com\/v1\/wp-json\/wp\/v2\/posts"}],"about":[{"href":"https:\/\/elmundodelapolitica.com\/v1\/wp-json\/wp\/v2\/types\/post"}],"author":[{"embeddable":true,"href":"https:\/\/elmundodelapolitica.com\/v1\/wp-json\/wp\/v2\/users\/2"}],"replies":[{"embeddable":true,"href":"https:\/\/elmundodelapolitica.com\/v1\/wp-json\/wp\/v2\/comments?post=6051"}],"version-history":[{"count":1,"href":"https:\/\/elmundodelapolitica.com\/v1\/wp-json\/wp\/v2\/posts\/6051\/revisions"}],"predecessor-version":[{"id":6053,"href":"https:\/\/elmundodelapolitica.com\/v1\/wp-json\/wp\/v2\/posts\/6051\/revisions\/6053"}],"wp:featuredmedia":[{"embeddable":true,"href":"https:\/\/elmundodelapolitica.com\/v1\/wp-json\/wp\/v2\/media\/6052"}],"wp:attachment":[{"href":"https:\/\/elmundodelapolitica.com\/v1\/wp-json\/wp\/v2\/media?parent=6051"}],"wp:term":[{"taxonomy":"category","embeddable":true,"href":"https:\/\/elmundodelapolitica.com\/v1\/wp-json\/wp\/v2\/categories?post=6051"},{"taxonomy":"post_tag","embeddable":true,"href":"https:\/\/elmundodelapolitica.com\/v1\/wp-json\/wp\/v2\/tags?post=6051"}],"curies":[{"name":"wp","href":"https:\/\/api.w.org\/{rel}","templated":true}]}}