{"id":6045,"date":"2024-09-15T16:15:48","date_gmt":"2024-09-15T20:15:48","guid":{"rendered":"https:\/\/elmundodelapolitica.com\/v1\/?p=6045"},"modified":"2024-09-15T16:15:49","modified_gmt":"2024-09-15T20:15:49","slug":"republica-dominicana-llama-a-la-unidad-regional-para-enfrentar-desafios-ambientales-en-conferencias-de-la-onu","status":"publish","type":"post","link":"https:\/\/elmundodelapolitica.com\/v1\/republica-dominicana-llama-a-la-unidad-regional-para-enfrentar-desafios-ambientales-en-conferencias-de-la-onu\/","title":{"rendered":"Rep\u00fablica Dominicana llama a la unidad regional para enfrentar desaf\u00edos ambientales en conferencias de la ONU"},"content":{"rendered":"\n<p>R\u00edo de Janeiro, Brasil.-&nbsp;<strong>El ministro de Medio Ambiente y Recursos Naturales de la Rep\u00fablica Dominicana,<\/strong>&nbsp;Pa\u00edno Henr\u00edquez, inst\u00f3 a presentar una&nbsp;<strong>posici\u00f3n conjunta<\/strong>&nbsp;en las conferencias de las partes que&nbsp;<strong>Naciones Unidas<\/strong>&nbsp;celebrar\u00e1 en el&nbsp;<strong>\u00faltimo trimestre<\/strong>&nbsp;de este a\u00f1o.<\/p>\n\n\n\n<p><strong>Pa\u00edno Henr\u00edquez<\/strong>, durante su intervenci\u00f3n en el&nbsp;<strong>F<\/strong><strong>oro de Ministras y Ministros de Medio Ambiente de Am\u00e9rica Latina y el Caribe&nbsp;<\/strong>(ALC) exhort\u00f3 a unirse y acordar&nbsp;<em>\u201cpuntos esenciales en una mesa t\u00e9cnica de trabajo permanente que permita llevar propuestas objetivas, claras, medibles\u201d&nbsp;<\/em>y en bloque exigir<em>&nbsp;\u201csu ejecuci\u00f3n inmediata\u201d.<\/em><\/p>\n\n\n\n<p>Tambi\u00e9n enfatiz\u00f3 la necesidad de mejorar los&nbsp;<strong>mecanismos de financiamiento ambiental<\/strong>&nbsp;existentes.&nbsp;<em>\u201cSi sabemos que los mecanismos de financiamiento no est\u00e1n funcionando por la excesiva burocracia y tardanza en la disponibilidad de los fondos \u00bfPor qu\u00e9 de manera unida no llevamos una propuesta formal sobre ese tema?\u201d,<\/em>&nbsp;dijo.<\/p>\n\n\n\n<p>Consider\u00f3 que, como bloque, Am\u00e9rica Latina y el Caribe pueden demandar de manera en\u00e9rgica que se modifiquen las&nbsp;<strong>pol\u00edticas de acceso y transparencia<\/strong>&nbsp;de los fondos ambientales e incluso&nbsp;<strong>solicitar una reforma a los mismos.<\/strong><\/p>\n\n\n\n<p><em>\u201cLuego de acordados estos puntos involucramos a nuestra ciudadan\u00eda, las organizaciones, la clase pol\u00edtica de nuestros pa\u00edses para transformar estas metas en una causa, no hay nada m\u00e1s poderoso que el empoderamiento ciudadano y sobre todo cuando se hace por una hermosa causa como esta\u201d,<\/em>&nbsp;agreg\u00f3.<\/p>\n\n\n\n<p>Henr\u00edquez record\u00f3 con nostalgia el impacto que tuvo en su vida la&nbsp;<strong>Cumbre sobre la Tierra en 1992,<\/strong>&nbsp;cuando&nbsp;<strong>172 pa\u00edses<\/strong>&nbsp;se comprometieron a&nbsp;<strong>enfrentar los desaf\u00edos ambientales globales<\/strong>. \"<em>Ese evento marc\u00f3 profundamente mi vida y, de alguna manera, me llev\u00f3 a estar aqu\u00ed hoy\",<\/em>&nbsp;afirm\u00f3.<\/p>\n\n\n\n<p>Puntualiz\u00f3 que&nbsp;<strong>la Rep\u00fablica Dominicana<\/strong>&nbsp;reafirma su compromiso con una acci\u00f3n&nbsp;<strong>decidida y colaborativa<\/strong>&nbsp;para enfrentar la&nbsp;<strong>crisis clim\u00e1tica<\/strong>&nbsp;y concluy\u00f3 su intervenci\u00f3n con un llamado a transformar el sue\u00f1o en realidad:&nbsp;<em>\"No podemos venir a Brasil el a\u00f1o que viene con el mismo discurso y los mismos lamentos. Debemos actuar ahora y unirnos para enfrentar la crisis que ya est\u00e1 aqu\u00ed\",<\/em>&nbsp;expres\u00f3.<\/p>\n\n\n\n<p><strong>El Programa de las Naciones Unidas para el Medio Ambiente<\/strong>&nbsp;(PNUMA) convoc\u00f3 la sesi\u00f3n especial del Foro de Ministros de Ambiente de la regi\u00f3n, para fortalecer el intercambio de ideas sobre&nbsp;<strong>acci\u00f3n clim\u00e1tica, biodiversidad, degradaci\u00f3n y restauraci\u00f3n de tierras<\/strong>&nbsp;en la regi\u00f3n, con miras a las pr\u00f3ximas conferencias de las partes.<\/p>\n\n\n\n<p>El Foro de Ministras y Ministros de Medio Ambiente de Am\u00e9rica Latina y el Caribe, establecido en 1982, es el principal espacio de&nbsp;<strong>di\u00e1logo pol\u00edtico y colaboraci\u00f3n en<\/strong>&nbsp;materia ambiental en la regi\u00f3n. La sesi\u00f3n especial, promovida por el Fondo para el Medio Ambiente de las Naciones Unidas, reuni\u00f3 a delegados de&nbsp;<strong>33 pa\u00edses<\/strong>&nbsp;para abordar los&nbsp;<strong>desaf\u00edos ambientales&nbsp;<\/strong>comunes y buscar&nbsp;<strong>soluciones conjuntas.<\/strong><\/p>\n\n\n\n<p>Las conferencias de las partes de las tres convenciones derivadas de la Cumbre de la Tierra realizada en 1992, conocidas como&nbsp;<strong>Convenciones de R\u00edo<\/strong>, (COP 16 de Biodiversidad, COP 29 de Cambio Clim\u00e1tico y COP 16 de Lucha contra la Desertificaci\u00f3n) que celebrar\u00e1 Naciones Unidas este a\u00f1o, son especialmente importantes para los pa\u00edses Am\u00e9rica Latina y el Caribe, regi\u00f3n que se encuentra entre&nbsp;<strong>las m\u00e1s vulnerables a los impactos del cambio clim\u00e1tico<\/strong>&nbsp;y que alberga la&nbsp;<strong>mayor diversidad biol\u00f3gica del mundo<\/strong>, adem\u00e1s de enfrentar impactos crecientes de&nbsp;<strong>la sequ\u00eda y la desertificaci\u00f3n<\/strong>. Esto hace relevante que estos pa\u00edses participen y contribuyan efectivamente al avance del trabajo acordado en estas convenciones.<\/p>\n","protected":false},"excerpt":{"rendered":"<p>R\u00edo de Janeiro, Brasil.-&nbsp;El ministro de Medio Ambiente y Recursos Naturales de la Rep\u00fablica Dominicana,&nbsp;Pa\u00edno Henr\u00edquez, inst\u00f3 a presentar una&nbsp;posici\u00f3n conjunta&nbsp;en las conferencias de las partes que&nbsp;Naciones Unidas&nbsp;celebrar\u00e1 en el&nbsp;\u00faltimo&hellip; <\/p>\n","protected":false},"author":2,"featured_media":6046,"comment_status":"open","ping_status":"open","sticky":false,"template":"","format":"standard","meta":{"fifu_image_url":"","fifu_image_alt":"","footnotes":""},"categories":[39],"tags":[],"class_list":["post-6045","post","type-post","status-publish","format-standard","has-post-thumbnail","hentry","category-medio-ambiente"],"_links":{"self":[{"href":"https:\/\/elmundodelapolitica.com\/v1\/wp-json\/wp\/v2\/posts\/6045","targetHints":{"allow":["GET"]}}],"collection":[{"href":"https:\/\/elmundodelapolitica.com\/v1\/wp-json\/wp\/v2\/posts"}],"about":[{"href":"https:\/\/elmundodelapolitica.com\/v1\/wp-json\/wp\/v2\/types\/post"}],"author":[{"embeddable":true,"href":"https:\/\/elmundodelapolitica.com\/v1\/wp-json\/wp\/v2\/users\/2"}],"replies":[{"embeddable":true,"href":"https:\/\/elmundodelapolitica.com\/v1\/wp-json\/wp\/v2\/comments?post=6045"}],"version-history":[{"count":1,"href":"https:\/\/elmundodelapolitica.com\/v1\/wp-json\/wp\/v2\/posts\/6045\/revisions"}],"predecessor-version":[{"id":6047,"href":"https:\/\/elmundodelapolitica.com\/v1\/wp-json\/wp\/v2\/posts\/6045\/revisions\/6047"}],"wp:featuredmedia":[{"embeddable":true,"href":"https:\/\/elmundodelapolitica.com\/v1\/wp-json\/wp\/v2\/media\/6046"}],"wp:attachment":[{"href":"https:\/\/elmundodelapolitica.com\/v1\/wp-json\/wp\/v2\/media?parent=6045"}],"wp:term":[{"taxonomy":"category","embeddable":true,"href":"https:\/\/elmundodelapolitica.com\/v1\/wp-json\/wp\/v2\/categories?post=6045"},{"taxonomy":"post_tag","embeddable":true,"href":"https:\/\/elmundodelapolitica.com\/v1\/wp-json\/wp\/v2\/tags?post=6045"}],"curies":[{"name":"wp","href":"https:\/\/api.w.org\/{rel}","templated":true}]}}