{"id":6038,"date":"2024-09-12T21:55:08","date_gmt":"2024-09-13T01:55:08","guid":{"rendered":"https:\/\/elmundodelapolitica.com\/v1\/?p=6038"},"modified":"2024-09-12T21:55:11","modified_gmt":"2024-09-13T01:55:11","slug":"platea-pld-con-el-prm-todos-los-indicadores-han-vuelto-atras","status":"publish","type":"post","link":"https:\/\/elmundodelapolitica.com\/v1\/platea-pld-con-el-prm-todos-los-indicadores-han-vuelto-atras\/","title":{"rendered":"Platea PLD con el PRM todos los indicadores han vuelto atr\u00e1s"},"content":{"rendered":"\n<p>Danilo D\u00edaz: \u201cEs el PLD la organizaci\u00f3n pol\u00edtica partidaria dominicana en la que predomina la democracia y la transparencia\u201d<\/p>\n\n\n\n<p>Danilo D\u00edaz, miembro del Comit\u00e9 Pol\u00edtico del Partido de la Liberaci\u00f3n Dominicana (PLD), a prop\u00f3sito del desarrollo de la etapa deliberativa del X Congreso Ordinario Reinaldo Pared P\u00e9rez, defini\u00f3 su partido como la organizaci\u00f3n pol\u00edtica partidaria de Rep\u00fablica Dominicana en donde predomina la democracia y la transparencia.<\/p>\n\n\n\n<p>Explic\u00f3 a sus entrevistadores del programa El Despertador que hist\u00f3ricamente el PLD presta atenci\u00f3n a la etapa deliberativa de sus congresos ordinarios, porque es ah\u00ed donde queda establecida la normativa y la estructura partidaria.<\/p>\n\n\n\n<p>\u201cEs el Partido de la Liberaci\u00f3n Dominicana, el \u00fanico del sistema de partidos que ha hecho su congreso ordinario cada cuatro a\u00f1os\u201d, dijo significando as\u00ed que en 50 a\u00f1os de existencia son ya diez los congresos realizados.<\/p>\n\n\n\n<p>Los estatutos del PLD definen al Congreso como el m\u00e1s alto organismo de direcci\u00f3n del Partido, integrado por los miembros del Comit\u00e9 Central, los presidentes de los Comit\u00e9s Provinciales, Municipales, Circunscripciones Electorales, Seccionales, de Distritos Municipales y de Comit\u00e9s Intermedios.<\/p>\n\n\n\n<p>Danilo D\u00edaz dijo que el pasado lunes inici\u00f3 la etapa de discusi\u00f3n de los ejes tem\u00e1ticos que en esta oportunidad son quince los temas que abordan los organismos teniendo un documento base que puede ser enriquecido en las deliberaciones org\u00e1nicas.<\/p>\n\n\n\n<p>Apunt\u00f3 tambi\u00e9n que se incluy\u00f3 en el actual congreso una etapa de evaluaci\u00f3n cr\u00edtica y autocr\u00edtica aplicada mediante un formulario que contiene preguntas abiertas y cerradas, cuyos resultados se digitalizan para su tabulaci\u00f3n, que facilite entonces recoger sus recomendaciones.<\/p>\n\n\n\n<p>Danilo D\u00edaz adelant\u00f3 que el X Congreso Ordinario Reinaldo Pared P\u00e9rez, el PLD facilitar\u00e1 la reconexi\u00f3n del Partido con el electorado, que ha hecho la comparaci\u00f3n de la gesti\u00f3n actual con la dirigida por el presidente Danilo Medina.<\/p>\n\n\n\n<p>\u201cCuando usted contrasta en el d\u00eda de la cotidianidad de lo que el dominicano necesita para vivir, es por la milla que le lleva a este gobierno que, en todos los indicadores, econ\u00f3micos y sociales, ha vuelto atr\u00e1s el pa\u00eds\u201d, concluy\u00f3.<\/p>\n","protected":false},"excerpt":{"rendered":"<p>Danilo D\u00edaz: \u201cEs el PLD la organizaci\u00f3n pol\u00edtica partidaria dominicana en la que predomina la democracia y la transparencia\u201d Danilo D\u00edaz, miembro del Comit\u00e9 Pol\u00edtico del Partido de la Liberaci\u00f3n&hellip; <\/p>\n","protected":false},"author":2,"featured_media":6039,"comment_status":"open","ping_status":"open","sticky":false,"template":"","format":"standard","meta":{"fifu_image_url":"","fifu_image_alt":"","footnotes":""},"categories":[12],"tags":[],"class_list":["post-6038","post","type-post","status-publish","format-standard","has-post-thumbnail","hentry","category-agenda-politica"],"_links":{"self":[{"href":"https:\/\/elmundodelapolitica.com\/v1\/wp-json\/wp\/v2\/posts\/6038","targetHints":{"allow":["GET"]}}],"collection":[{"href":"https:\/\/elmundodelapolitica.com\/v1\/wp-json\/wp\/v2\/posts"}],"about":[{"href":"https:\/\/elmundodelapolitica.com\/v1\/wp-json\/wp\/v2\/types\/post"}],"author":[{"embeddable":true,"href":"https:\/\/elmundodelapolitica.com\/v1\/wp-json\/wp\/v2\/users\/2"}],"replies":[{"embeddable":true,"href":"https:\/\/elmundodelapolitica.com\/v1\/wp-json\/wp\/v2\/comments?post=6038"}],"version-history":[{"count":1,"href":"https:\/\/elmundodelapolitica.com\/v1\/wp-json\/wp\/v2\/posts\/6038\/revisions"}],"predecessor-version":[{"id":6040,"href":"https:\/\/elmundodelapolitica.com\/v1\/wp-json\/wp\/v2\/posts\/6038\/revisions\/6040"}],"wp:featuredmedia":[{"embeddable":true,"href":"https:\/\/elmundodelapolitica.com\/v1\/wp-json\/wp\/v2\/media\/6039"}],"wp:attachment":[{"href":"https:\/\/elmundodelapolitica.com\/v1\/wp-json\/wp\/v2\/media?parent=6038"}],"wp:term":[{"taxonomy":"category","embeddable":true,"href":"https:\/\/elmundodelapolitica.com\/v1\/wp-json\/wp\/v2\/categories?post=6038"},{"taxonomy":"post_tag","embeddable":true,"href":"https:\/\/elmundodelapolitica.com\/v1\/wp-json\/wp\/v2\/tags?post=6038"}],"curies":[{"name":"wp","href":"https:\/\/api.w.org\/{rel}","templated":true}]}}