{"id":6009,"date":"2024-07-28T18:34:27","date_gmt":"2024-07-28T22:34:27","guid":{"rendered":"https:\/\/elmundodelapolitica.com\/v1\/?p=6009"},"modified":"2024-07-28T18:34:28","modified_gmt":"2024-07-28T22:34:28","slug":"inabie-y-fao-saludan-camara-de-diputados-aprobara-el-proyecto-de-ley-de-alimentacion-y-nutricion-escolar","status":"publish","type":"post","link":"https:\/\/elmundodelapolitica.com\/v1\/inabie-y-fao-saludan-camara-de-diputados-aprobara-el-proyecto-de-ley-de-alimentacion-y-nutricion-escolar\/","title":{"rendered":"Inabie y FAO saludan C\u00e1mara de Diputados aprobara el Proyecto de Ley de Alimentaci\u00f3n y Nutrici\u00f3n Escolar"},"content":{"rendered":"\n<p>Santo Domingo.-&nbsp;<strong>El Instituto Nacional de Bienestar Estudiantil&nbsp;<\/strong>(Inabie) y la Organizaci\u00f3n de las Naciones Unidas para la Alimentaci\u00f3n y la Agricultura&nbsp;<strong>(FAO)<\/strong>&nbsp;saludaron la aprobaci\u00f3n un\u00e1nime este mi\u00e9rcoles, en la C\u00e1mara de Diputados, del&nbsp;<strong>Proyecto de Ley de Alimentaci\u00f3n y Nutrici\u00f3n Escolar<\/strong>.<\/p>\n\n\n\n<p>Se trata de una iniciativa del&nbsp;<strong>Frente Parlamentario contra el Hambre, Inabie y FAO&nbsp;<\/strong>&nbsp;impulsada en marzo del a\u00f1o pasado en el Congreso Nacional por la diputada&nbsp;<strong>Shoraya Su\u00e1rez.&nbsp;<\/strong><\/p>\n\n\n\n<p>La pieza fue aprobada en segunda lectura y cont\u00f3 con el voto favorable del&nbsp;<strong>100 % de los diputados<\/strong>&nbsp;que sesionaron este mi\u00e9rcoles.&nbsp;<\/p>\n\n\n\n<p>Tras el voto de los diputados,<strong>&nbsp;el proyecto legislativo pasa al Senado<\/strong>&nbsp;de la Rep\u00fablica para su conocimiento y sanci\u00f3n.&nbsp;<\/p>\n\n\n\n<p><em>\u201cSaludamos la decisi\u00f3n de la C\u00e1mara de Diputados y exhortamos al Senado a acoger este proyecto, que tiene como objetivo garantizar que la alimentaci\u00f3n escolar sea una pol\u00edtica de Estado y no la voluntad de un gobierno de turno, como he reiterado\",<\/em>&nbsp;expres\u00f3&nbsp;<strong>V\u00edctor Castro<\/strong>, director ejecutivo del Inabie, quien la semana pasada sostuvo una reuni\u00f3n con el presidente de la C\u00e1mara Baja&nbsp;<strong>Alfredo Pacheco<\/strong>.&nbsp;<\/p>\n\n\n\n<p>De su lado,&nbsp;<strong>Rodrigo Casta\u00f1eda<\/strong>, representante de FAO en el pa\u00eds resalt\u00f3 que&nbsp;<em>\u201cel Programa de Alimentaci\u00f3n Escolar es crucial para asegurar que los ni\u00f1os y ni\u00f1as reciban los nutrientes necesarios para su desarrollo y bienestar. Ha sido, adem\u00e1s, una de las principales razones de la disminuci\u00f3n de la subalimentaci\u00f3n en Rep\u00fablica Dominicana. Al proporcionar comidas nutritivas en las escuelas, no solo se combate la inseguridad alimentaria y los \u00edndices de obesidad en la comunidad educativa, sino que tambi\u00e9n se mejora la salud de los estudiantes, se incentiva la asistencia y el rendimiento acad\u00e9mico a trav\u00e9s de herramientas pedag\u00f3gicas propias del Programa, como los huertos escolares que promovemos desde nuestra organizaci\u00f3n\u201d.<\/em><\/p>\n\n\n\n<p>Entre las propuestas del proyecto est\u00e1 la misi\u00f3n de que los&nbsp;<strong>alimentos escolares<\/strong>&nbsp;sean preparados por los suplidores&nbsp;<strong>dentro del centro educativo<\/strong>, dotar de&nbsp;<strong>agua potable<\/strong>&nbsp;estos espacios, as\u00ed como promover la&nbsp;<strong>educaci\u00f3n alimentaria y nutricional<\/strong>&nbsp;en las escuelas y prohibir la venta de comida chatarra en las escuelas.<\/p>\n\n\n\n<p>&nbsp;aprobaci\u00f3n, el proyecto recibi\u00f3 un informe favorable de la&nbsp;<strong>Comisi\u00f3n Permanente de Educaci\u00f3n<\/strong>&nbsp;de la C\u00e1mara de Diputados.&nbsp;<\/p>\n\n\n\n<p>La redacci\u00f3n del proyecto de Ley de Alimentaci\u00f3n fue fruto del extenso trabajo participativo de representantes del Inabie, la FAO, el Frente Parlamentario contra el Hambre, el Centro de Investigaci\u00f3n y Promoci\u00f3n Social&nbsp;<strong>(Cipros)<\/strong>, entre otras entidades, as\u00ed como las&nbsp;<strong>consultas a m\u00e1s de una veintena de actores clave<\/strong>&nbsp;en territorio nacional, del \u00e1rea de agricultura, salud, educaci\u00f3n, nutrici\u00f3n, compras y contrataciones, al igual que l\u00edderes de organizaciones de la sociedad civil, as\u00ed como leyes dominicanas y extranjeras en materia de alimentaci\u00f3n escolar.<\/p>\n\n\n\n<p>Esta pieza consta de&nbsp;<strong>105 art\u00edculos y seis cap\u00edtulos,&nbsp;<\/strong>con los que se busca dotar a la Rep\u00fablica Dominicana de una ley que garantice los&nbsp;<strong>derechos de los estudian<\/strong>tes del sistema p\u00fablico y privado en materia de&nbsp;<strong>alimentaci\u00f3n y nutrici\u00f3n<\/strong>.<\/p>\n\n\n\n<p>El \u00e1mbito de aplicaci\u00f3n de la normativa solo excluye a los colegios privados en lo referente a las disposiciones y requerimientos sobre el&nbsp;<strong>Programa de Alimentaci\u00f3n Escolar<\/strong>&nbsp;que se entrega \u00fanicamente en centros p\u00fablicos habilitados por el Ministerio de Educaci\u00f3n.<\/p>\n","protected":false},"excerpt":{"rendered":"<p>Santo Domingo.-&nbsp;El Instituto Nacional de Bienestar Estudiantil&nbsp;(Inabie) y la Organizaci\u00f3n de las Naciones Unidas para la Alimentaci\u00f3n y la Agricultura&nbsp;(FAO)&nbsp;saludaron la aprobaci\u00f3n un\u00e1nime este mi\u00e9rcoles, en la C\u00e1mara de Diputados,&hellip; <\/p>\n","protected":false},"author":2,"featured_media":6010,"comment_status":"open","ping_status":"open","sticky":false,"template":"","format":"standard","meta":{"fifu_image_url":"","fifu_image_alt":"","footnotes":""},"categories":[55],"tags":[],"class_list":["post-6009","post","type-post","status-publish","format-standard","has-post-thumbnail","hentry","category-congreso-y-legislacion"],"_links":{"self":[{"href":"https:\/\/elmundodelapolitica.com\/v1\/wp-json\/wp\/v2\/posts\/6009","targetHints":{"allow":["GET"]}}],"collection":[{"href":"https:\/\/elmundodelapolitica.com\/v1\/wp-json\/wp\/v2\/posts"}],"about":[{"href":"https:\/\/elmundodelapolitica.com\/v1\/wp-json\/wp\/v2\/types\/post"}],"author":[{"embeddable":true,"href":"https:\/\/elmundodelapolitica.com\/v1\/wp-json\/wp\/v2\/users\/2"}],"replies":[{"embeddable":true,"href":"https:\/\/elmundodelapolitica.com\/v1\/wp-json\/wp\/v2\/comments?post=6009"}],"version-history":[{"count":1,"href":"https:\/\/elmundodelapolitica.com\/v1\/wp-json\/wp\/v2\/posts\/6009\/revisions"}],"predecessor-version":[{"id":6011,"href":"https:\/\/elmundodelapolitica.com\/v1\/wp-json\/wp\/v2\/posts\/6009\/revisions\/6011"}],"wp:featuredmedia":[{"embeddable":true,"href":"https:\/\/elmundodelapolitica.com\/v1\/wp-json\/wp\/v2\/media\/6010"}],"wp:attachment":[{"href":"https:\/\/elmundodelapolitica.com\/v1\/wp-json\/wp\/v2\/media?parent=6009"}],"wp:term":[{"taxonomy":"category","embeddable":true,"href":"https:\/\/elmundodelapolitica.com\/v1\/wp-json\/wp\/v2\/categories?post=6009"},{"taxonomy":"post_tag","embeddable":true,"href":"https:\/\/elmundodelapolitica.com\/v1\/wp-json\/wp\/v2\/tags?post=6009"}],"curies":[{"name":"wp","href":"https:\/\/api.w.org\/{rel}","templated":true}]}}