{"id":6001,"date":"2024-07-21T21:44:06","date_gmt":"2024-07-22T01:44:06","guid":{"rendered":"https:\/\/elmundodelapolitica.com\/v1\/?p=6001"},"modified":"2024-07-21T21:44:08","modified_gmt":"2024-07-22T01:44:08","slug":"diferencias-en-fuerza-del-pueblo-impiden-integrar-comision-electoral","status":"publish","type":"post","link":"https:\/\/elmundodelapolitica.com\/v1\/diferencias-en-fuerza-del-pueblo-impiden-integrar-comision-electoral\/","title":{"rendered":"Diferencias en Fuerza del Pueblo impiden integrar comisi\u00f3n electoral"},"content":{"rendered":"\n<p>Las disidencias a lo interno de la Fuerza del Pueblo (FP) han impedido que la organizaci\u00f3n escoja a los miembros de la Comisi\u00f3n Organizadora del II Congreso Franklin Almeyda Rancier.<br><br>La organizaci\u00f3n pospuso para el pr\u00f3ximo lunes 22 de este mes la ratificaci\u00f3n de los 25 miembros de la Comisi\u00f3n Organizadora debido a que en la reuni\u00f3n del pasado lunes no pudo completar la tarea por desacuerdos entre los representantes de la circunscripci\u00f3n uno del exterior y una \u201cconfusi\u00f3n\u201d en la lista de los nombres de los nueve integrantes propuestos por la Direcci\u00f3n Pol\u00edtica.<br><br>La primera reuni\u00f3n de la Direcci\u00f3n Central para la integraci\u00f3n de los miembros de la Comisi\u00f3n Organizadora, se realiz\u00f3 el lunes 26 de junio, pero los miembros presentes en esa asamblea cuestionaron la propuesta de comisi\u00f3n que hizo la Direcci\u00f3n Pol\u00edtica. Producto de esa situaci\u00f3n, en lugar de 16 integrantes de la Direcci\u00f3n Pol\u00edtica que formaban parte de la comisi\u00f3n, se redujo a nueve.<br><br>Sin embargo, el presidente de la organizaci\u00f3n, Leonel Fern\u00e1ndez, en la reuni\u00f3n del pasado lunes tuvo que posponer el encuentro para el 22 de este mes, debido a que la lista contentiva de los nombres de los nueve miembros de la Direcci\u00f3n Pol\u00edtica que se ley\u00f3 para la aprobaci\u00f3n conten\u00eda nombres distintos a los que se hab\u00edan aprobado previamente en el m\u00e1ximo \u00f3rgano de direcci\u00f3n de la FP.<br><br>La raz\u00f3n oficial que se dijo en la reuni\u00f3n para la posposici\u00f3n del encuentro fue que hab\u00eda un conflicto no resuelto entre los representantes de la comisi\u00f3n escogidos en la circunscripci\u00f3n uno de Nueva York, Estados Unidos.<br><br>\u201cLa decisi\u00f3n fue tomada tras una amplia agenda en la que no se termin\u00f3 de agotar todos los temas para dar m\u00e1s participaci\u00f3n a los miembros del partido y poder agotar el proceso de elecci\u00f3n de los representantes que formar\u00e1n parte de la comisi\u00f3n que organizar\u00e1 el proceso y reestructuraci\u00f3n del principal partido de la oposici\u00f3n\u201d, inform\u00f3 la FP en un comunicado oficial en el que inform\u00f3 la convocatoria del pr\u00f3ximo lunes.<br><br>A pesar de esa afirmaci\u00f3n del partido verde en la que sostiene que no ha concluido el proceso de selecci\u00f3n, el pasado domingo difundi\u00f3 un comunicado de prensa en el que establec\u00eda que ya hab\u00eda concluido la elecci\u00f3n de los 14 miembros de la Direcci\u00f3n Central de las distintas regiones que integrar\u00e1n la comisi\u00f3n y que la reuni\u00f3n del lunes 15 ser\u00eda para la ratificaci\u00f3n de esos dirigentes y los nueve integrantes de la Direcci\u00f3n Pol\u00edtica.<br><br>\u201cLos 25 integrantes de la Comisi\u00f3n Organizadora que coordinar\u00e1n los trabajos, electos en asambleas regionales y seccionales en el exterior (virtuales) ser\u00e1n presentados para su ratificaci\u00f3n o validaci\u00f3n en la asamblea general de la Direcci\u00f3n Central pautada para el lunes 15, la cual ser\u00e1 realizada en el Pabell\u00f3n de la Fama del Deporte Dominicano\u201d, puntualiza el comunicado difundido por el partido de oposici\u00f3n el pasado domingo 14 de este mes.<br><br>Adem\u00e1s de los 25 integrantes de la Comisi\u00f3n Electoral, 9 de la Direcci\u00f3n Pol\u00edtica y 14 de la Direcci\u00f3n Central, que estar\u00e1 presidida por Henry Mer\u00e1n, forman parte dos miembros exoficio.<br><br>La dificultad con los nombres de los nueve integrantes de la Comisi\u00f3n Electoral de la Direcci\u00f3n Pol\u00edtica se origina porque fue necesario excluir a siete de los 16 que inicialmente fueron escogidos en una reuni\u00f3n de la Direcci\u00f3n Pol\u00edtica.<br><br>Adem\u00e1s de Mer\u00e1n estar\u00edan N\u00e9lsida Marmolejos, Ligia Amada, F\u00e9lix Bautista, Ruth M\u00e9ndez, Omar Liriano, Adalgisa Pujols y Franklin Labour. Tambi\u00e9n Bautista Rojas G\u00f3mez, titular de organizaci\u00f3n y un representante de la secretar\u00eda de Asuntos Electorales, en sustituci\u00f3n de Luis Toral, que la encabeza.<br><br>Los integrantes de la comisi\u00f3n de la Direcci\u00f3n Central son Francisco An\u00edbal, Jes\u00fas F\u00e9liz, Andr\u00e9s Antonio Mart\u00ednez, Hamlet Melo, Ra\u00fal Custodio, Xiomara Valerio, Jos\u00e9 Luis Cosme, Pedro Rafael Cruz P\u00e9rez, Jos\u00e9 Medina y Juan Rodr\u00edguez. Se inform\u00f3 que antes de la reuni\u00f3n del pr\u00f3ximo lunes habr\u00e1 una de la Direcci\u00f3n Pol\u00edtica para corregir los errores que se han producido en la lista de miembros.<\/p>\n\n\n\n<p><strong>FP aprob\u00f3 elegir todos los cargos por votos<\/strong><\/p>\n\n\n\n<p>La FP inform\u00f3 que todos los cargos ser\u00e1n escogidos mediante el voto universal de los miembros de la organizaci\u00f3n. Hasta el momento los puestos de presidente y vicepresidente, que ocupan Leonel Fern\u00e1ndez y Radham\u00e9s Jim\u00e9nez, respectivamente, no tienen aspirantes. Lo contrario ocurre con la secretar\u00eda general, que encabeza Antonio Flori\u00e1n (Pe\u00f1ita), cargo que tiene varios aspirantes. La lista la encabezan Franklin Rodr\u00edguez, Manolo Pichardo y Dionis S\u00e1nchez. Los miembros de la Direcci\u00f3n Central, m\u00e1s de mil, tambi\u00e9n ser\u00e1n escogidos mediante el voto universal. Hay propuestas de modificaci\u00f3n de los estatutos que plantean reducir ese \u00f3rgano y la Direcci\u00f3n Pol\u00edtica.<\/p>\n","protected":false},"excerpt":{"rendered":"<p>Las disidencias a lo interno de la Fuerza del Pueblo (FP) han impedido que la organizaci\u00f3n escoja a los miembros de la Comisi\u00f3n Organizadora del II Congreso Franklin Almeyda Rancier.&hellip; <\/p>\n","protected":false},"author":2,"featured_media":6002,"comment_status":"open","ping_status":"open","sticky":false,"template":"","format":"standard","meta":{"fifu_image_url":"","fifu_image_alt":"","footnotes":""},"categories":[63],"tags":[],"class_list":["post-6001","post","type-post","status-publish","format-standard","has-post-thumbnail","hentry","category-actualidad"],"_links":{"self":[{"href":"https:\/\/elmundodelapolitica.com\/v1\/wp-json\/wp\/v2\/posts\/6001","targetHints":{"allow":["GET"]}}],"collection":[{"href":"https:\/\/elmundodelapolitica.com\/v1\/wp-json\/wp\/v2\/posts"}],"about":[{"href":"https:\/\/elmundodelapolitica.com\/v1\/wp-json\/wp\/v2\/types\/post"}],"author":[{"embeddable":true,"href":"https:\/\/elmundodelapolitica.com\/v1\/wp-json\/wp\/v2\/users\/2"}],"replies":[{"embeddable":true,"href":"https:\/\/elmundodelapolitica.com\/v1\/wp-json\/wp\/v2\/comments?post=6001"}],"version-history":[{"count":1,"href":"https:\/\/elmundodelapolitica.com\/v1\/wp-json\/wp\/v2\/posts\/6001\/revisions"}],"predecessor-version":[{"id":6003,"href":"https:\/\/elmundodelapolitica.com\/v1\/wp-json\/wp\/v2\/posts\/6001\/revisions\/6003"}],"wp:featuredmedia":[{"embeddable":true,"href":"https:\/\/elmundodelapolitica.com\/v1\/wp-json\/wp\/v2\/media\/6002"}],"wp:attachment":[{"href":"https:\/\/elmundodelapolitica.com\/v1\/wp-json\/wp\/v2\/media?parent=6001"}],"wp:term":[{"taxonomy":"category","embeddable":true,"href":"https:\/\/elmundodelapolitica.com\/v1\/wp-json\/wp\/v2\/categories?post=6001"},{"taxonomy":"post_tag","embeddable":true,"href":"https:\/\/elmundodelapolitica.com\/v1\/wp-json\/wp\/v2\/tags?post=6001"}],"curies":[{"name":"wp","href":"https:\/\/api.w.org\/{rel}","templated":true}]}}