{"id":60,"date":"2022-09-02T00:32:40","date_gmt":"2022-09-02T04:32:40","guid":{"rendered":"https:\/\/elmundodelapolitica.com\/v1\/?p=25727"},"modified":"2022-09-26T10:36:26","modified_gmt":"2022-09-26T14:36:26","slug":"prd-llama-la-atencion-sobre-critico-deterioro-en-la-situacion-del-pais","status":"publish","type":"post","link":"https:\/\/elmundodelapolitica.com\/v1\/prd-llama-la-atencion-sobre-critico-deterioro-en-la-situacion-del-pais\/","title":{"rendered":"PRD llama la atenci\u00f3n sobre cr\u00edtico deterioro en la situaci\u00f3n del pa\u00eds"},"content":{"rendered":"\n<p>SANTO DOMINGO.- El Partido Revolucionario Dominicano (PRD) advirti\u00f3 sobre el \u00abpreocupante deterioro\u00bb de la situaci\u00f3n que enfrenta la Rep\u00fablica Dominicana debido a \u201cun elevado grado de incompetencia gubernamental que se revela en el desplome y carest\u00eda de los servicios b\u00e1sicos, incremento del crimen y la inseguridad\u201d.<\/p>\n\n\n<div class=\"wp-block-image\">\n<figure class=\"alignleft size-large is-resized\"><img loading=\"lazy\" decoding=\"async\" src=\"https:\/\/www.miprd.org\/wp-content\/uploads\/2022\/08\/IMG-20220831-WA0018.jpg\" alt=\"\" width=\"323\" height=\"512\"\/><figcaption>Presidente del PRD, Miguel Vargas Maldonado<\/figcaption><\/figure>\n<\/div>\n\n\n<p>En un comunicado le\u00eddo por el presidente del PRD, Miguel Vargas Maldonado, llam\u00f3 la atenci\u00f3n sobre el \u00abmenoscabo progresivo de los sistemas de salud, educaci\u00f3n y seguridad social en el pa\u00eds\u00bb.<\/p>\n\n\n\n<p><strong>A continuaci\u00f3n, el comunicado \u00edntegro del PRD:<\/strong><\/p>\n\n\n\n<p>COMUNICADO AL PA\u00cdS<\/p>\n\n\n\n<p>Por la gente y la democracia:<\/p>\n\n\n\n<p>Con el prop\u00f3sito de velar por una Rep\u00fablica Dominicana en capacidad de superar los graves retos que nos plantea la actual crisis nacional e internacional, comparecemos hoy ante ustedes en nombre del Partido Revolucionario Dominicano para hacer un llamado a las autoridades de gobierno y al liderazgo nacional en todas sus vertientes a hacer conciencia ante el marcado deterioro que acusa el pa\u00eds, en su norte de garantizar el Estado de derecho, el orden institucional y el bienestar de la poblaci\u00f3n, elementos vitales para la fortaleza y sostenimiento de la democracia y la gobernabilidad.<\/p>\n\n\n\n<p>Desde nuestra \u00f3ptica, siempre enmarcada en un ejercicio pol\u00edtico cr\u00edtico y propositivo, el pa\u00eds acusa un elevado grado de incompetencia gubernamental que se revela en la carest\u00eda de los alimentos, el deterioro y aumento del costo de los servicios p\u00fablicos, el desempleo, incremento del crimen y la inseguridad, as\u00ed como el&nbsp; desplome de los sistemas de salud, educaci\u00f3n y seguridad social.<\/p>\n\n\n\n<p>Ante este preocupante cuadro, la actual administraci\u00f3n se empe\u00f1a en dar palos a ciegas, donde predomina la improvisaci\u00f3n que conlleva al fracaso y pone en evidencia la incapacidad del gobierno para afrontar la crisis que ha desmejorado la calidad de vida de nuestra gente.<\/p>\n\n\n\n<p>Lejos de reconocer estas falencias que, en el caso de los precios y los servicios atormentan al pueblo, y sin que se observen se\u00f1ales en la direcci\u00f3n de propiciar un clima para el di\u00e1logo y la concertaci\u00f3n, lo que se percibe en el gobierno es una administraci\u00f3n indiferente, petulante y excluyente.<\/p>\n\n\n\n<p>A este err\u00e1tico desempe\u00f1o, el sector oficial suma la provocadora postura de propiciar e imponer leyes y resoluciones que ponen en riesgo la seguridad jur\u00eddica o la leal competencia, como acontece con el r\u00e9gimen de importaciones, entre otras.<\/p>\n\n\n\n<p>Constituye un golpe a la clase media el desprop\u00f3sito gubernamental de gravar las compras por Internet y colocar impuestos a plataformas digitales como Airbnb que, adem\u00e1s de contribuir al aumento del turismo, tambi\u00e9n estimulan la industria de la construcci\u00f3n.<\/p>\n\n\n\n<p>Igual ocurre en el campo de la salud, donde, por ejemplo, se cuadruplican los casos de dengue, colapsa el programa de Atenci\u00f3n Primaria y es insuficiente la inversi\u00f3n en medicinas y equipos en la red nacional de hospitales.<\/p>\n\n\n\n<p>\u00bfDe qu\u00e9 manera no reclamar salirle al frente a situaciones que nos degradan y atormentan como ocupar el primer lugar en todo el mundo en muertes por accidentes de tr\u00e1nsito y estar colocados en el fat\u00eddico n\u00famero uno en el Caribe en casos&nbsp; de fallecidos intentando abandonar el pa\u00eds en fr\u00e1giles embarcaciones, como lo acaba de establecer la Organizaci\u00f3n Internacional para las Migraciones?<\/p>\n\n\n\n<p>Estamos compelidos a detener el acoso sobre nuestra pujante, productiva, pero sacrificada clase media, agobiada por una carga de costos operativos en sus peque\u00f1as y medianas empresas y por los efectos de la carest\u00eda en la canasta b\u00e1sica familiar.<\/p>\n\n\n\n<p>En otro orden, llama la atenci\u00f3n que mientras se enfatiza en la persecuci\u00f3n de la corrupci\u00f3n, en una batalla que todos debemos respaldar, se perciben excesos y violaciones al debido proceso que terminan por desacreditar el buen prop\u00f3sito de esas acciones, afectando la imagen del sistema de justicia, mientras, por otro lado, no cesan los esc\u00e1ndalos y escarceos en licitaciones y compras en diferentes instancias del actual gobierno.<\/p>\n\n\n\n<p><strong>Crisis en Hait\u00ed<\/strong><\/p>\n\n\n\n<p>Merece una atenci\u00f3n especial la preocupante situaci\u00f3n en Hait\u00ed, cuya crisis pol\u00edtica e institucional constituye una grave amenaza a nuestra seguridad y estabilidad econ\u00f3mica, pol\u00edtica y social.<\/p>\n\n\n\n<p>Reiteramos nuestra advertencia acerca de la posibilidad cierta de una guerra civil en Hait\u00ed de imprevisibles consecuencias para la Rep\u00fablica Dominicana.<\/p>\n\n\n\n<p>Nuevamente, llamamos la atenci\u00f3n del gobierno para que pase del discurso a los hechos y asuma con decisi\u00f3n y firmeza su sagrada responsabilidad de proteger el inter\u00e9s nacional y salvaguardar nuestra soberan\u00eda.<\/p>\n\n\n\n<p>El pa\u00eds precisa, de igual manera, de mayores esfuerzos en nuestro reclamo a la comunidad internacional para que intervenga en la b\u00fasqueda de soluci\u00f3n a la crisis haitiana que empeora y que nos golpea con masivas incursiones de ciudadanos haitianos indocumentados, constituy\u00e9ndose en una peligrosa amenaza para nuestra naci\u00f3n.<\/p>\n\n\n\n<p>Por eso reiteramos el llamado a la Oficina Integrada de la ONU en Hait\u00ed (BINUH), Para que, atendiendo a sus facultades, implemente la conformaci\u00f3n de un bloque de fuerza regional para promover la pacificaci\u00f3n, estabilidad y la institucionalidad que permitan lograr el escenario adecuado para la celebraci\u00f3n de unas elecciones libres y democr\u00e1ticas&nbsp; en el vecino pa\u00eds.<\/p>\n\n\n\n<p>Para afrontar con \u00e9xito la situaci\u00f3n calamitosa de Hait\u00ed y el consecuente \u00e9xodo ilegal masivo hacia nuestro territorio se requiere la unidad de todos los dominicanos para preservar la integridad de la naci\u00f3n y, especialmente, la coherencia de quienes nos gobiernan.<\/p>\n\n\n\n<p>Es inconcebible e inaceptable que en el propio seno del gobierno hayan voces disonantes que, adem\u00e1s de ir contra la postura oficial del pa\u00eds ante la comunidad internacional sobre la situaci\u00f3n en Hait\u00ed, se atrevan a propalar ofensas contra el pueblo dominicano sin que el Presidente de la Rep\u00fablica tome medidas claras y firmes para reivindicar el respeto por la dominicanidad.<\/p>\n\n\n\n<p><strong>La inseguridad<\/strong><\/p>\n\n\n\n<p>Los niveles de inseguridad que afectan a nuestro pa\u00eds son realmente alarmantes, al punto tal que en 2021 se registr\u00f3 un aumento de los homicidios intencionales con respecto a 2019 y 2020, hecho que rompe la tendencia a la baja que ven\u00eda registr\u00e1ndose en esa estad\u00edstica durante la \u00faltima d\u00e9cada.<\/p>\n\n\n\n<p>Este dato por s\u00ed solo revela la incompetencia de las autoridades para garantizar la seguridad ciudadana, mientras las familias dominicanas sucumben ante el temor de que los delincuentes les arrebaten sus vidas y sus bienes m\u00e1s preciados.<\/p>\n\n\n\n<p>Por eso, invitamos al&nbsp; gobierno a que reaccione, abandone la improvisaci\u00f3n que le caracteriza y comience a ofrecer resultados en este delicado asunto, ejecutando acciones concretas y eficaces para evitar que el crimen se adue\u00f1e de la Rep\u00fablica Dominicana.<\/p>\n\n\n\n<p><strong>Falta de respuestas efectivas<\/strong><\/p>\n\n\n\n<p>A dos a\u00f1os de gobierno, el tiempo de presentar la crisis global como excusa ya termin\u00f3. La realidad es que tenemos una poblaci\u00f3n que siente y padece la falta de respuestas efectivas ante el deterioro de su calidad de vida, que observa y deplora el incumplimiento de promesas, la dispersi\u00f3n y la multimillonaria inversi\u00f3n en propaganda dirigida a ocultar o distorsionar la realidad.<\/p>\n\n\n\n<p>Queremos recordar al gobierno que gobernar es hacer, no prometer, que es lo que han venido haciendo estas autoridades: promesas y m\u00e1s promesas.<\/p>\n\n\n\n<p><strong>Compra indiscriminada de dirigentes<\/strong><\/p>\n\n\n\n<p>En cuanto al accionar pol\u00edtico del gobierno, queremos manifestar nuestro rechazo a la compra indiscriminada de dirigentes pol\u00edticos opositores, a quienes muestra como trofeos a la sociedad dominicana en actos p\u00fablicos, tratando de aparentar un apoyo que la ciudadan\u00eda le niega cada d\u00eda por su evidente ineficacia y con el objetivo de distraernos a todos de los agravados males que afectan a la naci\u00f3n.<\/p>\n\n\n\n<p>El oficialismo debe desistir ya de esa pr\u00e1ctica perniciosa de promover el transfuguismo, pues con ello contribuye a socavar la democracia, el sistema de partidos y a erosionar nuestras instituciones.<\/p>\n\n\n\n<p><strong>Pol\u00edticas ante crisis econ\u00f3mica<\/strong><\/p>\n\n\n\n<p>En medio de esta crisis econ\u00f3mica, creada por factores internos y externos e innecesariamente azuzada con p\u00e9simas actuaciones gubernamentales, se precisa detener la posibilidad de que la situaci\u00f3n pueda devenir en una crisis de inestabilidad social y pol\u00edtica que amenace no s\u00f3lo nuestra econom\u00eda, sino nuestra paz pol\u00edtica y social.<\/p>\n\n\n\n<p>Por ello es preciso emprender pol\u00edticas de apoyo focalizado -y no clientelista- a los sectores m\u00e1s pobres y vulnerables, sobre todo, a trav\u00e9s del fomento a las micro, peque\u00f1as y medianas empresas, dirigidas a generar m\u00e1s y mejores empleos y a hacer de nuestra naci\u00f3n una verdadera Rep\u00fablica del trabajo, con empleos dignos y formales, que son la base del desarrollo, la propiedad, la competitividad y la justicia social.<\/p>\n\n\n\n<p>Para ello es clave un Estado no s\u00f3lo social, sino garante de las inversiones p\u00fablicas y privadas y de la seguridad jur\u00eddica sin la cual no es posible atraer inversi\u00f3n nacional y extranjera y hacernos l\u00edderes en la regi\u00f3n como el destino favorito de la inversi\u00f3n.<\/p>\n\n\n\n<p><strong>Propiciar clima de certidumbre<\/strong><\/p>\n\n\n\n<p>El PRD proclama la necesidad de corregir estos desvar\u00edos oficiales y propiciar un clima de certidumbre y confianza que garantice la gobernanza y el sosiego de la ciudadan\u00eda.<\/p>\n\n\n\n<p>Ese cambio de actitud que reclamamos del gobierno permitir\u00e1 volver sobre los espacios de di\u00e1logo y concertaci\u00f3n, vitales para afrontar los retos.<\/p>\n\n\n\n<p>Nuestro partido reitera su vocaci\u00f3n cr\u00edtica y propositiva, confiado en abonar el camino que nos conduzca a una verdadera y sostenible estabilidad social, econ\u00f3mica y pol\u00edtica para el fortalecimiento de la democracia y el bienestar del pueblo dominicano.<\/p>\n\n\n\n<p>Les recordamos y advertimos al Presidente de la Rep\u00fablica y al partido gobernante que la principal responsabilidad del Poder Ejecutivo es velar y accionar por el desarrollo y el bienestar de la gente.<\/p>\n\n\n\n<p>Que no ignoren y, mucho menos, burlen que esa responsabilidad conlleva tambi\u00e9n auspiciar una mejor distribuci\u00f3n de nuestra riqueza en el marco del Estado de derecho,&nbsp; garante por dem\u00e1s de un ambiente de paz,&nbsp; sosiego y felicidad del pueblo dominicano.<\/p>\n\n\n\n<p>Ante esta cr\u00edtica situaci\u00f3n del pa\u00eds que acabamos de describir, el Partido Revolucionario Dominicano, apegado a su hist\u00f3rico compromiso con las mejores causas de nuestro pueblo, trabaja arduamente por el crecimiento y fortalecimiento de nuestra organizaci\u00f3n.<\/p>\n\n\n\n<p>Tenemos el firme prop\u00f3sito como partido de presentar candidaturas propias a todos los niveles: municipal, congresual y a la Presidencia de la Rep\u00fablica en los comicios del 2024, y as\u00ed&nbsp; restituir la fe y la esperanza de la gente, con una oferta electoral realizable e innovadora, y construir una nueva oportunidad para la Rep\u00fablica Dominicana.<\/p>\n\n\n\n<p>\u00a1Que Dios les bendiga!\u00bb<\/p>\n","protected":false},"excerpt":{"rendered":"<p>SANTO DOMINGO.- El Partido Revolucionario Dominicano (PRD) advirti\u00f3 sobre el \u00abpreocupante deterioro\u00bb de la situaci\u00f3n que enfrenta la Rep\u00fablica Dominicana debido a \u201cun elevado grado de incompetencia gubernamental que se&hellip; <\/p>\n","protected":false},"author":2,"featured_media":61,"comment_status":"closed","ping_status":"open","sticky":false,"template":"","format":"standard","meta":{"fifu_image_url":"","fifu_image_alt":"","footnotes":""},"categories":[5],"tags":[],"class_list":["post-60","post","type-post","status-publish","format-standard","has-post-thumbnail","hentry","category-partidos"],"_links":{"self":[{"href":"https:\/\/elmundodelapolitica.com\/v1\/wp-json\/wp\/v2\/posts\/60","targetHints":{"allow":["GET"]}}],"collection":[{"href":"https:\/\/elmundodelapolitica.com\/v1\/wp-json\/wp\/v2\/posts"}],"about":[{"href":"https:\/\/elmundodelapolitica.com\/v1\/wp-json\/wp\/v2\/types\/post"}],"author":[{"embeddable":true,"href":"https:\/\/elmundodelapolitica.com\/v1\/wp-json\/wp\/v2\/users\/2"}],"replies":[{"embeddable":true,"href":"https:\/\/elmundodelapolitica.com\/v1\/wp-json\/wp\/v2\/comments?post=60"}],"version-history":[{"count":1,"href":"https:\/\/elmundodelapolitica.com\/v1\/wp-json\/wp\/v2\/posts\/60\/revisions"}],"predecessor-version":[{"id":456,"href":"https:\/\/elmundodelapolitica.com\/v1\/wp-json\/wp\/v2\/posts\/60\/revisions\/456"}],"wp:featuredmedia":[{"embeddable":true,"href":"https:\/\/elmundodelapolitica.com\/v1\/wp-json\/wp\/v2\/media\/61"}],"wp:attachment":[{"href":"https:\/\/elmundodelapolitica.com\/v1\/wp-json\/wp\/v2\/media?parent=60"}],"wp:term":[{"taxonomy":"category","embeddable":true,"href":"https:\/\/elmundodelapolitica.com\/v1\/wp-json\/wp\/v2\/categories?post=60"},{"taxonomy":"post_tag","embeddable":true,"href":"https:\/\/elmundodelapolitica.com\/v1\/wp-json\/wp\/v2\/tags?post=60"}],"curies":[{"name":"wp","href":"https:\/\/api.w.org\/{rel}","templated":true}]}}