{"id":5995,"date":"2024-07-05T07:02:32","date_gmt":"2024-07-05T11:02:32","guid":{"rendered":"https:\/\/elmundodelapolitica.com\/v1\/?p=5995"},"modified":"2024-07-05T07:03:08","modified_gmt":"2024-07-05T11:03:08","slug":"articulo-defendamos-la-dominicanidad-no-a-la-invasion-haitiana-opinion","status":"publish","type":"post","link":"https:\/\/elmundodelapolitica.com\/v1\/articulo-defendamos-la-dominicanidad-no-a-la-invasion-haitiana-opinion\/","title":{"rendered":"ART\u00cdCULO: Defendamos la dominicanidad-no a la invasi\u00f3n haitiana (OPINI\u00d3N)"},"content":{"rendered":"\n<p><strong>Por ODELIS ALSINA<\/strong><\/p>\n\n\n\n<p>Ejecutiva de ventas. Reside en Nueva York<\/p>\n\n\n\n<p>La Rep\u00fablica Dominicana se enfrenta hoy a lo que muchos denominan una \u00abinvasi\u00f3n silente\u00bb por parte de Hait\u00ed. Este fen\u00f3meno no solo representa una amenaza a nuestra soberan\u00eda territorial, sino que tambi\u00e9n pone en peligro nuestra identidad cultural y cristiana. Ante esta situaci\u00f3n, es imperativo alzar la voz y actuar con determinaci\u00f3n para proteger nuestra naci\u00f3n, nuestras creencias y nuestra herencia.<\/p>\n\n\n\n<p>Invasi\u00f3n silente<\/p>\n\n\n\n<p>La inmigraci\u00f3n ilegal masiva desde Hait\u00ed ha generado preocupaci\u00f3n entre los dominicanos. No se trata simplemente de un asunto de n\u00fameros, sino de un desaf\u00edo directo a nuestra capacidad para mantener nuestra identidad y nuestros valores como pueblo.<\/p>\n\n\n\n<p>Rep\u00fablica Dominicana es una naci\u00f3n con profundas ra\u00edces cristianas, mientras que muchos inmigrantes haitianos traen consigo pr\u00e1cticas religiosas y culturales diferentes, que en algunos casos pueden estar en contradicci\u00f3n con nuestras creencias.<\/p>\n\n\n\n<p>Nuestra naci\u00f3n ha sido hist\u00f3ricamente un basti\u00f3n del cristianismo en el Caribe. La fe cristiana es el pilar sobre el cual se ha construido nuestra sociedad y nuestros valores. La llegada masiva de personas con pr\u00e1cticas religiosas diferentes pone en riesgo esta base espiritual.<\/p>\n\n\n\n<p>No se trata de discriminar, sino de proteger lo que somos y lo que creemos. Como cristianos, debemos estar alerta y defender nuestra fe contra cualquier influencia que busque socavarla.<\/p>\n\n\n\n<p>Preservaci\u00f3n de nuestra cultura<\/p>\n\n\n\n<p>La cultura dominicana es rica y diversa, pero tambi\u00e9n fr\u00e1gil ante la presi\u00f3n de influencias externas. La presencia creciente de inmigrantes haitianos sin un proceso de integraci\u00f3n adecuado amenaza con diluir nuestra cultura y tradiciones. La m\u00fasica, la danza, las festividades y, sobre todo, nuestra lengua espa\u00f1ola son elementos que deben ser preservados y defendidos. No podemos permitir que la identidad dominicana se vea comprometida por una falta de control en nuestras fronteras.<\/p>\n\n\n\n<p>La soberan\u00eda de una naci\u00f3n se mide, entre otras cosas, por su capacidad de controlar sus fronteras. La falta de regulaci\u00f3n y la permeabilidad de nuestras fronteras con Hait\u00ed es una se\u00f1al de debilidad que no podemos permitirnos. Es crucial reforzar nuestras pol\u00edticas migratorias y asegurar que quienes ingresen a nuestro pa\u00eds lo hagan de manera legal y respetando nuestras leyes y cultura.<\/p>\n\n\n\n<p>Llamado a la acci\u00f3n<\/p>\n\n\n\n<p>Este no es un llamado a la violencia, sino a la defensa activa y pac\u00edfica de nuestra patria. La educaci\u00f3n, la concientizaci\u00f3n y el fortalecimiento de nuestras instituciones son herramientas fundamentales en esta lucha. Debemos exigir a nuestros l\u00edderes que implementen pol\u00edticas efectivas para controlar la inmigraci\u00f3n y proteger nuestra soberan\u00eda.<\/p>\n\n\n\n<p>En definitiva la invasi\u00f3n silente desde Hait\u00ed es una amenaza real y presente para la Rep\u00fablica Dominicana. Como pueblo cristiano, tenemos el deber de proteger nuestra fe, nuestra cultura y nuestra soberan\u00eda.<br>No podemos permitir que la falta de acci\u00f3n comprometa lo que somos. Debemos levantarnos con determinaci\u00f3n y defender nuestra naci\u00f3n a capa y espada, con la firme convicci\u00f3n de que nuestra identidad y nuestra fe son innegociables.<\/p>\n\n\n\n<p>No a la invasi\u00f3n haitiana! \u00a1Defendamos nuestra dominicanidad y soberan\u00eda con todas nuestras fuerzas!<br>Este art\u00edculo pretende ser un llamado a la conciencia y a la acci\u00f3n, recordando que la protecci\u00f3n de nuestra naci\u00f3n es un deber de todos los dominicanos.<\/p>\n","protected":false},"excerpt":{"rendered":"<p>Por ODELIS ALSINA Ejecutiva de ventas. Reside en Nueva York La Rep\u00fablica Dominicana se enfrenta hoy a lo que muchos denominan una \u00abinvasi\u00f3n silente\u00bb por parte de Hait\u00ed. Este fen\u00f3meno&hellip; <\/p>\n","protected":false},"author":2,"featured_media":5996,"comment_status":"open","ping_status":"open","sticky":false,"template":"","format":"standard","meta":{"fifu_image_url":"","fifu_image_alt":"","footnotes":""},"categories":[4],"tags":[],"class_list":["post-5995","post","type-post","status-publish","format-standard","has-post-thumbnail","hentry","category-articulo"],"_links":{"self":[{"href":"https:\/\/elmundodelapolitica.com\/v1\/wp-json\/wp\/v2\/posts\/5995","targetHints":{"allow":["GET"]}}],"collection":[{"href":"https:\/\/elmundodelapolitica.com\/v1\/wp-json\/wp\/v2\/posts"}],"about":[{"href":"https:\/\/elmundodelapolitica.com\/v1\/wp-json\/wp\/v2\/types\/post"}],"author":[{"embeddable":true,"href":"https:\/\/elmundodelapolitica.com\/v1\/wp-json\/wp\/v2\/users\/2"}],"replies":[{"embeddable":true,"href":"https:\/\/elmundodelapolitica.com\/v1\/wp-json\/wp\/v2\/comments?post=5995"}],"version-history":[{"count":2,"href":"https:\/\/elmundodelapolitica.com\/v1\/wp-json\/wp\/v2\/posts\/5995\/revisions"}],"predecessor-version":[{"id":5999,"href":"https:\/\/elmundodelapolitica.com\/v1\/wp-json\/wp\/v2\/posts\/5995\/revisions\/5999"}],"wp:featuredmedia":[{"embeddable":true,"href":"https:\/\/elmundodelapolitica.com\/v1\/wp-json\/wp\/v2\/media\/5996"}],"wp:attachment":[{"href":"https:\/\/elmundodelapolitica.com\/v1\/wp-json\/wp\/v2\/media?parent=5995"}],"wp:term":[{"taxonomy":"category","embeddable":true,"href":"https:\/\/elmundodelapolitica.com\/v1\/wp-json\/wp\/v2\/categories?post=5995"},{"taxonomy":"post_tag","embeddable":true,"href":"https:\/\/elmundodelapolitica.com\/v1\/wp-json\/wp\/v2\/tags?post=5995"}],"curies":[{"name":"wp","href":"https:\/\/api.w.org\/{rel}","templated":true}]}}