{"id":5973,"date":"2024-06-19T07:30:57","date_gmt":"2024-06-19T11:30:57","guid":{"rendered":"https:\/\/elmundodelapolitica.com\/v1\/?p=5973"},"modified":"2024-06-19T07:30:59","modified_gmt":"2024-06-19T11:30:59","slug":"presidente-abinader-informa-buscan-convertir-dominicana-pais-desarrollado-en-una-decada","status":"publish","type":"post","link":"https:\/\/elmundodelapolitica.com\/v1\/presidente-abinader-informa-buscan-convertir-dominicana-pais-desarrollado-en-una-decada\/","title":{"rendered":"Presidente Abinader informa buscan convertir Dominicana pa\u00eds desarrollado en una d\u00e9cada"},"content":{"rendered":"\n<p>Santo Domingo, R.D. Junio 18, 2024.- El presidente Luis Abinader present\u00f3 todas las acciones que implementa el gobierno para que el pa\u00eds vaya hacia una Rep\u00fablica Dominicana plenamente desarrollada, para lo cual destac\u00f3 se requiere del compromiso y apoyo de todos los dominicanos.<\/p>\n\n\n\n<p>Asimismo, el jefe de Estado inform\u00f3 que el gobierno se propone convertir a Rep\u00fablica Dominicana en un pa\u00eds plenamente desarrollado en una d\u00e9cada, \"con la meta de duplicar su PIB a 2036&#8243;.<\/p>\n\n\n\n<p>Precis\u00f3 que hasta el momento se han superado los obst\u00e1culos de pandemia, COVID 19, paralizaci\u00f3n de sectores claves, la guerra Rusia-Ucrania, la desaceleraci\u00f3n de la econom\u00eda para combatir la inflaci\u00f3n y el conflicto fronterizo.<\/p>\n\n\n\n<p>Estas declaraciones las ofreci\u00f3 el mandatario durante la realizaci\u00f3n de LA Semanal con la Prensa que se realiza en el sal\u00f3n Las Cari\u00e1tides del Palacio Nacional.<\/p>\n\n\n\n<p>*<strong>Organismos internacionales*<\/strong><\/p>\n\n\n\n<p>En ese mismo sentido, el presidente Abinader destac\u00f3 el reconocimiento de los organismos internacionales respecto a la econom\u00eda del pa\u00eds, los cuales valoran el liderazgo de Rep\u00fablica Dominicana en cuanto al crecimiento econ\u00f3mico en Am\u00e9rica Latina.&nbsp;<\/p>\n\n\n\n<p>*<strong>\u00bfQu\u00e9 implica convertirnos en un pa\u00eds plenamente desarrollado?*<\/strong><\/p>\n\n\n\n<p>El mandatario sostuvo que lo que implica convertirnos en un pa\u00eds plenamente desarrollado es crear 1,7 millones de nuevos empleos, triplicar el salario medio, eliminar la pobreza extrema, extender 6 a\u00f1os la expectativa de vida, alcanzar mayor grado de inversi\u00f3n y ser la econom\u00eda m\u00e1s prospera de Latinoam\u00e9rica.<\/p>\n\n\n\n<p><strong>*\u00bfC\u00f3mo lograrlo?*<\/strong><\/p>\n\n\n\n<p>Para lograr todo lo antes expuesto, el gobernante precis\u00f3 que se deben lograr reformas en \u00e1reas como la institucionalidad, justicia y democracia, infraestructura y energ\u00eda, estabilidad fiscal y macroecon\u00f3mica, salud y educaci\u00f3n, din\u00e1mica laboral e innovaci\u00f3n, tecnolog\u00eda y din\u00e1mica empresarial.<\/p>\n\n\n\n<p>*<strong>Acciones transversales implementadas*<\/strong><\/p>\n\n\n\n<p>Las acciones implementadas han sido la independencia de la justicia, lucha contra la corrupci\u00f3n, hacia burocracia 0, proyectos de leyes responsabilidad fiscal, reforma de la polic\u00eda y seguridad ciudadana, ley de aduanas, fomento de las exportaciones e inversi\u00f3n extranjera directa, el plan nacional de log\u00edstica de carga, plan de movilidad urbana y el plan nacional de desarrollo territorial.<\/p>\n\n\n\n<p>Estas acciones han permitido que la Rep\u00fablica Dominicana avance significativamente en importantes indicadores internacionales.<\/p>\n\n\n\n<p>*<strong>Impacto de las acciones transversales sobre los indicadores priorizados*<\/strong><\/p>\n\n\n\n<p>En este sentido, las estad\u00edsticas demuestran avances en los siguientes pilares: acceso a cuentas bancarias y ahorros, control de la corrupci\u00f3n, regulaci\u00f3n energ\u00e9tica, empleo intensivo en conocimiento, apertura comercial e internacional, legitimidad del Estado, polarizaci\u00f3n social sobre temas pol\u00edticos, din\u00e1mica deuda-d\u00e9ficit, calidad crediticia del pa\u00eds y consumo de energ\u00eda renovable.<\/p>\n\n\n\n<p>Asimismo, la afinidad de habilidades con mercado, independencia de la justicia, calidad de la polic\u00eda, acceso al transporte y a la vivienda, personas usando el internet, trabas regulatorias, distribuci\u00f3n del ingreso, a\u00f1os medio educaci\u00f3n, falta de protecci\u00f3n social y distribuci\u00f3n energ\u00e9tica.<\/p>\n\n\n\n<p>*<strong>Comisiones sectoriales*<\/strong><\/p>\n\n\n\n<p>En adici\u00f3n a las reformas se necesitan acciones sectoriales y territoriales para alcanzar la meta, tales como: una comisi\u00f3n 2035, comit\u00e9 sectorial, plan y cronograma y la unidad de gesti\u00f3n de resultados.<\/p>\n","protected":false},"excerpt":{"rendered":"<p>Santo Domingo, R.D. Junio 18, 2024.- El presidente Luis Abinader present\u00f3 todas las acciones que implementa el gobierno para que el pa\u00eds vaya hacia una Rep\u00fablica Dominicana plenamente desarrollada, para&hellip; <\/p>\n","protected":false},"author":2,"featured_media":5974,"comment_status":"open","ping_status":"open","sticky":false,"template":"","format":"standard","meta":{"fifu_image_url":"","fifu_image_alt":"","footnotes":""},"categories":[12],"tags":[],"class_list":["post-5973","post","type-post","status-publish","format-standard","has-post-thumbnail","hentry","category-agenda-politica"],"_links":{"self":[{"href":"https:\/\/elmundodelapolitica.com\/v1\/wp-json\/wp\/v2\/posts\/5973","targetHints":{"allow":["GET"]}}],"collection":[{"href":"https:\/\/elmundodelapolitica.com\/v1\/wp-json\/wp\/v2\/posts"}],"about":[{"href":"https:\/\/elmundodelapolitica.com\/v1\/wp-json\/wp\/v2\/types\/post"}],"author":[{"embeddable":true,"href":"https:\/\/elmundodelapolitica.com\/v1\/wp-json\/wp\/v2\/users\/2"}],"replies":[{"embeddable":true,"href":"https:\/\/elmundodelapolitica.com\/v1\/wp-json\/wp\/v2\/comments?post=5973"}],"version-history":[{"count":1,"href":"https:\/\/elmundodelapolitica.com\/v1\/wp-json\/wp\/v2\/posts\/5973\/revisions"}],"predecessor-version":[{"id":5975,"href":"https:\/\/elmundodelapolitica.com\/v1\/wp-json\/wp\/v2\/posts\/5973\/revisions\/5975"}],"wp:featuredmedia":[{"embeddable":true,"href":"https:\/\/elmundodelapolitica.com\/v1\/wp-json\/wp\/v2\/media\/5974"}],"wp:attachment":[{"href":"https:\/\/elmundodelapolitica.com\/v1\/wp-json\/wp\/v2\/media?parent=5973"}],"wp:term":[{"taxonomy":"category","embeddable":true,"href":"https:\/\/elmundodelapolitica.com\/v1\/wp-json\/wp\/v2\/categories?post=5973"},{"taxonomy":"post_tag","embeddable":true,"href":"https:\/\/elmundodelapolitica.com\/v1\/wp-json\/wp\/v2\/tags?post=5973"}],"curies":[{"name":"wp","href":"https:\/\/api.w.org\/{rel}","templated":true}]}}