{"id":5964,"date":"2024-06-11T20:47:25","date_gmt":"2024-06-12T00:47:25","guid":{"rendered":"https:\/\/elmundodelapolitica.com\/v1\/?p=5964"},"modified":"2024-06-11T20:47:27","modified_gmt":"2024-06-12T00:47:27","slug":"acuerdan-impulsar-proteccion-cibernetica-de-las-entidades-de-la-administracion-publica","status":"publish","type":"post","link":"https:\/\/elmundodelapolitica.com\/v1\/acuerdan-impulsar-proteccion-cibernetica-de-las-entidades-de-la-administracion-publica\/","title":{"rendered":"Acuerdan impulsar protecci\u00f3n cibern\u00e9tica de las entidades de la Administraci\u00f3n P\u00fablica"},"content":{"rendered":"\n<p>Santo Domingo.-&nbsp;<strong>El Centro Nacional De Ciberseguridad<\/strong>&nbsp;(CNCS) y el&nbsp;<strong>Ministerio de Administraci\u00f3n P\u00fablica&nbsp;<\/strong>(MAP) firmaron un convenio interinstitucional, mediante el cual se impulsar\u00e1 la aplicaci\u00f3n de una&nbsp;<strong>cultura nacional de ciberseguridad<\/strong>&nbsp;que se fundamente en la&nbsp;<strong>protecci\u00f3n efectiva del Estado dominicano<\/strong>, tal y como lo indica la&nbsp;<strong>Estrategia Nacional de Ciberseguridad 2030.<\/strong><\/p>\n\n\n\n<p>El acuerdo, rubricado por el director ejecutivo del CNCS,&nbsp;<strong>general PN Juan Gabriel Gautreaux Mart\u00ednez<\/strong>&nbsp;y el titular del MAP,&nbsp;<strong>Dar\u00edo Castillo Lugo<\/strong>, tiene por objeto establecer un marco general de&nbsp;<strong>cooperaci\u00f3n y colaboraci\u00f3n<\/strong>&nbsp;interinstitucional, para&nbsp;<strong>impulsar y promover<\/strong>&nbsp;una cultura nacional de ciberseguridad, que se fundamente en la protecci\u00f3n efectiva del Estado dominicano.<\/p>\n\n\n\n<p>Al hacer uso de la palabra durante el acto de firma, realizado en la sede de este Ministerio, Castillo Lugo se\u00f1al\u00f3 que la firma de este convenio representa un paso importante en la&nbsp;<strong>transformaci\u00f3n digital<\/strong>&nbsp;que se encuentra ejecutando la<strong>&nbsp;Administraci\u00f3n P\u00fablica dominicana<\/strong>.<\/p>\n\n\n\n<p>Mientras que, el general Gautreaux Mart\u00ednez indic\u00f3 que, tras la rubricaci\u00f3n del pacto, el&nbsp;<strong>CNCS<\/strong>&nbsp;pone todas sus herramientas a disposici\u00f3n del MAP, para que puedan realizar una&nbsp;<strong>autoevaluaci\u00f3n&nbsp;<\/strong>en el tema de ciberseguridad y&nbsp;<strong>aplicar las mejoras que sean necesarias.<\/strong><\/p>\n\n\n\n<figure class=\"wp-block-image\"><img decoding=\"async\" src=\"https:\/\/presidencia.gob.do\/sites\/default\/files\/inline-images\/Captura%20de%20Pantalla%202024-06-11%20a%20la%28s%29%203.52.08%20p.%C2%A0m..png\" alt=\"\"\/><\/figure>\n\n\n\n<p>A trav\u00e9s del acuerdo, ambas instituciones se comprometen a difundir el contenido de sus respectivas&nbsp;<strong>leyes y normativas<\/strong>&nbsp;reglamentarias; intercambiar&nbsp;<strong>pol\u00edticas, experiencias, conocimientos, mejores pr\u00e1cticas<\/strong>, material bibliogr\u00e1fico y normativo, estad\u00edsticas y cualesquiera otros materiales o&nbsp;<em>know how<\/em>&nbsp;que resulten de mutuo inter\u00e9s, adem\u00e1s de&nbsp;<strong>dise\u00f1ar y ejecutar tareas<\/strong>&nbsp;tendentes a compartir recursos humanos y tecnol\u00f3gicos.<\/p>\n\n\n\n<p>Adem\u00e1s, las instituciones se comprometen a celebrar&nbsp;<strong>conferencias, seminarios, talleres, cursos<\/strong>, programas de formaci\u00f3n y otros encuentros acad\u00e9micos, que generen espacios para la discusi\u00f3n y el&nbsp;<strong>intercambio de experiencias<\/strong>, y para la difusi\u00f3n de informaci\u00f3n a los ciudadanos, en materia de ciberseguridad y de&nbsp;<strong>uso responsable&nbsp;<\/strong>de las tecnolog\u00edas de la informaci\u00f3n.<\/p>\n\n\n\n<p>De igual forma, a ejecutar de forma conjunta,&nbsp;<strong>proyectos de cooperaci\u00f3n de inter\u00e9s mutuo<\/strong>, contemplando una posible integraci\u00f3n de otras entidades del sector p\u00fablico y privado y de la sociedad civil;&nbsp;&nbsp;<strong>colaborar en la transferencia&nbsp;<\/strong>e intercambio de conocimiento, informaci\u00f3n y experiencias para la implementaci\u00f3n de proyectos de ciberseguridad, tanto a nivel estrat\u00e9gico como a nivel operativo o t\u00e9cnico en el \u00e1mbito de la ciberseguridad y en las acciones coordinadas, dirigidas a la&nbsp;<strong>sensibilizaci\u00f3n, concienciaci\u00f3n, capacitaci\u00f3n y formaci\u00f3n en ciberseguridad.<\/strong><\/p>\n\n\n\n<p>Para dar seguimiento al&nbsp;<strong>cumplimiento e implementaci\u00f3n<\/strong>&nbsp;de las actividades acordadas, se crear\u00e1 una mesa de trabajo que estar\u00e1 compuesta por cuatro personas, dos por cada instituci\u00f3n.<\/p>\n\n\n\n<p>Esa mesa de trabajo deber\u00e1 definir los principios, y crear los&nbsp;<strong>mecanismos y procedimientos<\/strong>&nbsp;que permitan la&nbsp;<strong>implantaci\u00f3n y ejecuci\u00f3n<\/strong>&nbsp;efectiva de las actividades a desarrollar que est\u00e9n pautadas en el convenio.<\/p>\n","protected":false},"excerpt":{"rendered":"<p>Santo Domingo.-&nbsp;El Centro Nacional De Ciberseguridad&nbsp;(CNCS) y el&nbsp;Ministerio de Administraci\u00f3n P\u00fablica&nbsp;(MAP) firmaron un convenio interinstitucional, mediante el cual se impulsar\u00e1 la aplicaci\u00f3n de una&nbsp;cultura nacional de ciberseguridad&nbsp;que se fundamente en&hellip; <\/p>\n","protected":false},"author":2,"featured_media":5965,"comment_status":"open","ping_status":"open","sticky":false,"template":"","format":"standard","meta":{"fifu_image_url":"","fifu_image_alt":"","footnotes":""},"categories":[12],"tags":[],"class_list":["post-5964","post","type-post","status-publish","format-standard","has-post-thumbnail","hentry","category-agenda-politica"],"_links":{"self":[{"href":"https:\/\/elmundodelapolitica.com\/v1\/wp-json\/wp\/v2\/posts\/5964","targetHints":{"allow":["GET"]}}],"collection":[{"href":"https:\/\/elmundodelapolitica.com\/v1\/wp-json\/wp\/v2\/posts"}],"about":[{"href":"https:\/\/elmundodelapolitica.com\/v1\/wp-json\/wp\/v2\/types\/post"}],"author":[{"embeddable":true,"href":"https:\/\/elmundodelapolitica.com\/v1\/wp-json\/wp\/v2\/users\/2"}],"replies":[{"embeddable":true,"href":"https:\/\/elmundodelapolitica.com\/v1\/wp-json\/wp\/v2\/comments?post=5964"}],"version-history":[{"count":1,"href":"https:\/\/elmundodelapolitica.com\/v1\/wp-json\/wp\/v2\/posts\/5964\/revisions"}],"predecessor-version":[{"id":5966,"href":"https:\/\/elmundodelapolitica.com\/v1\/wp-json\/wp\/v2\/posts\/5964\/revisions\/5966"}],"wp:featuredmedia":[{"embeddable":true,"href":"https:\/\/elmundodelapolitica.com\/v1\/wp-json\/wp\/v2\/media\/5965"}],"wp:attachment":[{"href":"https:\/\/elmundodelapolitica.com\/v1\/wp-json\/wp\/v2\/media?parent=5964"}],"wp:term":[{"taxonomy":"category","embeddable":true,"href":"https:\/\/elmundodelapolitica.com\/v1\/wp-json\/wp\/v2\/categories?post=5964"},{"taxonomy":"post_tag","embeddable":true,"href":"https:\/\/elmundodelapolitica.com\/v1\/wp-json\/wp\/v2\/tags?post=5964"}],"curies":[{"name":"wp","href":"https:\/\/api.w.org\/{rel}","templated":true}]}}