{"id":5958,"date":"2024-06-09T19:03:44","date_gmt":"2024-06-09T23:03:44","guid":{"rendered":"https:\/\/elmundodelapolitica.com\/v1\/?p=5958"},"modified":"2024-06-09T19:03:46","modified_gmt":"2024-06-09T23:03:46","slug":"comite-central-del-pld-completa-comision-organizadora-del-x-congreso","status":"publish","type":"post","link":"https:\/\/elmundodelapolitica.com\/v1\/comite-central-del-pld-completa-comision-organizadora-del-x-congreso\/","title":{"rendered":"Comit\u00e9 Central del PLD completa comisi\u00f3n organizadora del X Congreso"},"content":{"rendered":"\n<p>El Partido de la Liberaci\u00f3n Dominicana&nbsp;aprob\u00f3 la apertura de su X Congreso Ordinario para el 30 de junio de este a\u00f1o; as\u00ed como 14 temas de discusi\u00f3n y el cronograma de actividades que marcar\u00e1n el inicio, desarrollo y clausura del mismo; adem\u00e1s present\u00f3 los integrantes de la Comisi\u00f3n Organizadora de dicho Congreso, tres de los cuales fueron escogidos en la de hoy en Asamblea del Comit\u00e9 Central.<\/p>\n\n\n<div class=\"wp-block-image\">\n<figure class=\"aligncenter size-large\"><img loading=\"lazy\" decoding=\"async\" width=\"1024\" height=\"682\" src=\"https:\/\/elmundodelapolitica.com\/v1\/wp-content\/uploads\/2024\/06\/6-1024x682.jpeg\" alt=\"\" class=\"wp-image-5959\" srcset=\"https:\/\/elmundodelapolitica.com\/v1\/wp-content\/uploads\/2024\/06\/6-1024x682.jpeg 1024w, https:\/\/elmundodelapolitica.com\/v1\/wp-content\/uploads\/2024\/06\/6-300x200.jpeg 300w, https:\/\/elmundodelapolitica.com\/v1\/wp-content\/uploads\/2024\/06\/6-768x512.jpeg 768w, https:\/\/elmundodelapolitica.com\/v1\/wp-content\/uploads\/2024\/06\/6.jpeg 1280w\" sizes=\"auto, (max-width: 1024px) 100vw, 1024px\" \/><\/figure>\n<\/div>\n\n\n<p>La informaci\u00f3n fue dada a conocer por&nbsp;Cristina Lizardo, miembro del Comit\u00e9 Pol\u00edtico y coordinadora de la Comisi\u00f3n Organizadora del X Congreso Ordinario del Partido de la Liberaci\u00f3n Dominicana,&nbsp;quien encabez\u00f3 la rueda de prensa en la que se dieron a conocer los puntos aprobados por el Comit\u00e9 Central&nbsp; &nbsp;y se present\u00f3 los integrantes de dicha comisi\u00f3n.<\/p>\n\n\n\n<p>\u201cCon esta realizaci\u00f3n de la reuni\u00f3n del Comit\u00e9 Central, el PLD demuestra que es y seguir\u00e1 siendo un partido s\u00f3lido y comprometido con los mejores intereses de la patria; un partido que seguir\u00e1 trabajando para su crecimiento y fortalecimiento en el sentimiento de la gente, porque el PLD es y ser\u00e1 en todo este proceso la garant\u00eda de la esperanza de todos los dominicanos y dominicanas\u201d, precis\u00f3 la dirigente pelede\u00edsta en declaraciones a la representaci\u00f3n de los medios de comunicaci\u00f3n.<\/p>\n\n\n\n<p>Lizardo dijo que de los 1,281 miembros del Comit\u00e9 Central que fueron convocados a la Asamblea de este domingo, 9 de junio de 2024, asistieron 787 (61.04%), quienes determinaron el qu\u00f3rum necesario para las decisiones que se tomaron a partir del inicio de la reuni\u00f3n a las 10:00 de la ma\u00f1ana.<\/p>\n\n\n\n<p>Indic\u00f3 que luego de pronunciar el lema y de entonar el Himno del PLD, se dio a conocer la agenda propuesta por el Comit\u00e9 Pol\u00edtico, para ser sometida a consideraci\u00f3n de los miembros del Comit\u00e9 Central.<\/p>\n\n\n\n<p>Explic\u00f3 que la agenda contemplaba la aprobaci\u00f3n del Inicio de la fecha del Congreso Ordinario; la autorizaci\u00f3n o delegaci\u00f3n a la Comisi\u00f3n Organizadora para gestionar el nombre y el lema del X Congreso Ordinario y solicitar al Comit\u00e9 Central la Comisi\u00f3n Organizadora para elaborar el Reglamento del mismo.<\/p>\n\n\n\n<p>Declar\u00f3 que tambi\u00e9n se someti\u00f3 para el conocimiento y aprobaci\u00f3n del Comit\u00e9 Central un cronograma de actividades para la realizaci\u00f3n del Congreso, el cual fue aprobado.<\/p>\n\n\n\n<p>El cronograma aprobado contempla el inicio del X Congreso Ordinario para el d\u00eda 30 de junio, D\u00eda del Maestro y fecha en que se celebra el nacimiento del Profesor Juan Bosch, l\u00edder y gu\u00eda del PLD, para concluir en el mes de septiembre.<\/p>\n\n\n\n<p>Manifest\u00f3 que la fase preparatoria de la apertura del Congreso, que se contempla para el 30 de junio; la aplicaci\u00f3n del diagn\u00f3stico de evaluaci\u00f3n con un instrumento que permitir\u00e1 asistir a cada una de las provincias en condici\u00f3n de miembros del COMIT\u00c9 CENTRAL o CP para evaluar todos los procesos el PLD desde el 2020 hasta el 2024.<\/p>\n\n\n\n<p>Adem\u00e1s fue aprobado que se someter\u00e1n 14 temas para la Conformaci\u00f3n de las Comisiones, entre los que se encuentran: La Declaraci\u00f3n de Principios, Estatutos, L\u00ednea Organizativa y Electoral; Formaci\u00f3n Pol\u00edtica, Partido y Sociedad, Tecnolog\u00eda, \u00c9tica y Disciplina, Pol\u00edtica internacional, L\u00ednea Pol\u00edtica Internacional, Pol\u00edtica de Igualdad y Equidad de G\u00e9nero, Juventud, Participaci\u00f3n e Inclusi\u00f3n, Gobiernos Locales y Desarrollo Sostenible, Comunicaci\u00f3n Estrat\u00e9gica y Tics, Medioambiente y Cambio Clim\u00e1tico, Poder Congresual e Iniciativas Legislativas, Dominicanos en el Exterior y Codesarrollo.<\/p>\n\n\n\n<p>Cristina Lizardo asegur\u00f3 que esa agenda de trabajo permitir\u00e1 que el PLD escuche y tenga contacto con cada uno de los organismos del partido y la libertad de someter sugerencias, propuestas de cambio en cada una de las \u00e1reas tem\u00e1ticas.&nbsp;<\/p>\n","protected":false},"excerpt":{"rendered":"<p>El Partido de la Liberaci\u00f3n Dominicana&nbsp;aprob\u00f3 la apertura de su X Congreso Ordinario para el 30 de junio de este a\u00f1o; as\u00ed como 14 temas de discusi\u00f3n y el cronograma&hellip; <\/p>\n","protected":false},"author":2,"featured_media":5959,"comment_status":"open","ping_status":"open","sticky":false,"template":"","format":"standard","meta":{"fifu_image_url":"","fifu_image_alt":"","footnotes":""},"categories":[12],"tags":[],"class_list":["post-5958","post","type-post","status-publish","format-standard","has-post-thumbnail","hentry","category-agenda-politica"],"_links":{"self":[{"href":"https:\/\/elmundodelapolitica.com\/v1\/wp-json\/wp\/v2\/posts\/5958","targetHints":{"allow":["GET"]}}],"collection":[{"href":"https:\/\/elmundodelapolitica.com\/v1\/wp-json\/wp\/v2\/posts"}],"about":[{"href":"https:\/\/elmundodelapolitica.com\/v1\/wp-json\/wp\/v2\/types\/post"}],"author":[{"embeddable":true,"href":"https:\/\/elmundodelapolitica.com\/v1\/wp-json\/wp\/v2\/users\/2"}],"replies":[{"embeddable":true,"href":"https:\/\/elmundodelapolitica.com\/v1\/wp-json\/wp\/v2\/comments?post=5958"}],"version-history":[{"count":1,"href":"https:\/\/elmundodelapolitica.com\/v1\/wp-json\/wp\/v2\/posts\/5958\/revisions"}],"predecessor-version":[{"id":5960,"href":"https:\/\/elmundodelapolitica.com\/v1\/wp-json\/wp\/v2\/posts\/5958\/revisions\/5960"}],"wp:featuredmedia":[{"embeddable":true,"href":"https:\/\/elmundodelapolitica.com\/v1\/wp-json\/wp\/v2\/media\/5959"}],"wp:attachment":[{"href":"https:\/\/elmundodelapolitica.com\/v1\/wp-json\/wp\/v2\/media?parent=5958"}],"wp:term":[{"taxonomy":"category","embeddable":true,"href":"https:\/\/elmundodelapolitica.com\/v1\/wp-json\/wp\/v2\/categories?post=5958"},{"taxonomy":"post_tag","embeddable":true,"href":"https:\/\/elmundodelapolitica.com\/v1\/wp-json\/wp\/v2\/tags?post=5958"}],"curies":[{"name":"wp","href":"https:\/\/api.w.org\/{rel}","templated":true}]}}