{"id":5955,"date":"2024-06-06T22:08:23","date_gmt":"2024-06-07T02:08:23","guid":{"rendered":"https:\/\/elmundodelapolitica.com\/v1\/?p=5955"},"modified":"2024-06-06T22:08:24","modified_gmt":"2024-06-07T02:08:24","slug":"map-afirma-medida-que-regula-asesores-busca-racionalizar-la-nomina-y-el-gasto-publico","status":"publish","type":"post","link":"https:\/\/elmundodelapolitica.com\/v1\/map-afirma-medida-que-regula-asesores-busca-racionalizar-la-nomina-y-el-gasto-publico\/","title":{"rendered":"MAP afirma medida que regula asesores busca racionalizar la n\u00f3mina y el gasto p\u00fablico"},"content":{"rendered":"\n<p>Santo Domingo.-&nbsp; El titular del&nbsp;<strong>Ministerio de Administraci\u00f3n P\u00fablica&nbsp;<\/strong>(MAP),&nbsp;<strong>Dar\u00edo Castillo<\/strong>&nbsp;<strong>Lugo<\/strong>, asegur\u00f3 que la reciente medida que regula la&nbsp;<strong>cantidad de asesores<\/strong>&nbsp;en los \u00f3rganos y entes del Poder Ejecutivo busca<strong>&nbsp;<\/strong>racionalizar y transparentar la n\u00f3mina p\u00fablica, as\u00ed como la&nbsp;<strong>mejora del gasto<\/strong>, en coherencia con los planes y compromisos del Gobierno de&nbsp;<strong>eficientizar la gesti\u00f3n p\u00fablica.<\/strong><\/p>\n\n\n\n<p>Al referirse a la&nbsp;<strong>Resoluci\u00f3n n\u00fam. 184-2024<\/strong>, la cual establece que las instituciones del Poder Ejecutivo solo podr\u00e1n nombrar dentro de su estructura organizativa, una&nbsp;<strong>cantidad m\u00e1xima de asesores<\/strong>, equivalente al n\u00famero de viceministerios, subdirecciones generales o nacionales, intendencias, subadministraciones o equivalentes que tenga la instituci\u00f3n, Castillo Lugo indic\u00f3 que esas medidas fueron tomadas de acuerdo con&nbsp;<strong>lo dispuesto en la Ley n\u00fam. 1-12<\/strong>&nbsp;de la Estrategia Nacional de Desarrollo, la&nbsp;<strong>Ley n\u00fam. 247-12<\/strong>&nbsp;Org\u00e1nica de la Administraci\u00f3n P\u00fablica,&nbsp;<strong>Ley n\u00fam. 41-08<\/strong>&nbsp;de Funci\u00f3n P\u00fablica y la&nbsp;<strong>Ley n\u00fam. 423-06<\/strong>&nbsp;Org\u00e1nica de Presupuesto para el Sector P\u00fablico; adem\u00e1s de la&nbsp;<strong>Ley 105-13<\/strong>, sobre Regulaci\u00f3n Salarial del Estado dominicano, entre otras normativas vigentes.<\/p>\n\n\n\n<p>Castillo Lugo record\u00f3 que, seg\u00fan la<strong>&nbsp;Ley n\u00fam. 247-12<\/strong>, la Administraci\u00f3n p\u00fablica se rige por el ordenamiento jur\u00eddico del Estado y se organiza y desarrolla en base a principios, como el de&nbsp;<strong>eficiencia de la actividad administrativa y de racionalidad<\/strong>, entre otros, que indican que tanto la asignaci\u00f3n de recursos a las instituciones p\u00fablicas como la conformaci\u00f3n de sus estructuras internas, deben propender al logro de metas y a la utilizaci\u00f3n racional de los recursos del Estado.<\/p>\n\n\n\n<p>En ese sentido, el funcionario destac\u00f3 que, conforme al mandato presidencial, el MAP est\u00e1 inmerso en el proceso de reforma y modernizaci\u00f3n de la Administraci\u00f3n P\u00fablica&nbsp;<strong>(Reformap),<\/strong>&nbsp;tal como establece el&nbsp;<strong>Decreto n\u00fam. 149-21<\/strong>, que incluye el&nbsp;<strong>fortalecimiento<\/strong>&nbsp;del marco normativo y la&nbsp;<strong>reestructuraci\u00f3n<\/strong>&nbsp;del cuerpo administrativo del Poder Ejecutivo.<\/p>\n\n\n\n<p>Asimismo, explic\u00f3 que la Ley n\u00fam. 1-12 de Estrategia Nacional de Desarrollo tiene como primer objetivo general, la conformaci\u00f3n de una&nbsp;<strong>Administraci\u00f3n p\u00fablica eficiente, transparente y orientada a resultados.<\/strong><\/p>\n\n\n\n<p><em>\"Para alcanzar este objetivo, es crucial que nuestro aparato p\u00fablico se organice y ejecute acciones basadas en criterios de necesidad, eficiencia, eficacia y econom\u00eda\",<\/em>&nbsp;puntualiz\u00f3 mediante un comunicado de prensa.<\/p>\n\n\n\n<p>En el documento se recalca que, con miras a la&nbsp;<strong>elaboraci\u00f3n de los anteproyectos de presupuesto para el a\u00f1o 2025<\/strong>, los entes y \u00f3rganos deber\u00e1n presentar al MAP, antes del 30 de junio de 2024, sus propuestas de modificaci\u00f3n a la&nbsp;<strong>estructura de cargos<\/strong>, indicando el n\u00famero de asesores, el funcionario de alto nivel al que se reportar\u00e1 y la escala salarial que regir\u00e1 para ellos,&nbsp;<strong>para fines de aprobaci\u00f3n.<\/strong><\/p>\n\n\n\n<p>En el caso de las instituciones que decidan mantener en n\u00f3mina, m\u00e1s all\u00e1 del 31 de diciembre de 2024, a las personas que actualmente se desempe\u00f1en como asesores, por encima de la cantidad m\u00e1xima establecida en la resoluci\u00f3n, deber\u00e1n&nbsp;<strong>reubicarlos y designarlos<\/strong>&nbsp;en cargos con funciones sustantivas o transversales espec\u00edficas, vacantes o debidamente necesarios, y que est\u00e9n presupuestados, seg\u00fan lo dispuesto en el art\u00edculo 1, de la&nbsp;<strong>Ley n\u00fam. 41-08, de Funci\u00f3n P\u00fablica.<\/strong><\/p>\n","protected":false},"excerpt":{"rendered":"<p>Santo Domingo.-&nbsp; El titular del&nbsp;Ministerio de Administraci\u00f3n P\u00fablica&nbsp;(MAP),&nbsp;Dar\u00edo Castillo&nbsp;Lugo, asegur\u00f3 que la reciente medida que regula la&nbsp;cantidad de asesores&nbsp;en los \u00f3rganos y entes del Poder Ejecutivo busca&nbsp;racionalizar y transparentar la&hellip; <\/p>\n","protected":false},"author":2,"featured_media":5956,"comment_status":"open","ping_status":"open","sticky":false,"template":"","format":"standard","meta":{"fifu_image_url":"","fifu_image_alt":"","footnotes":""},"categories":[12],"tags":[],"class_list":["post-5955","post","type-post","status-publish","format-standard","has-post-thumbnail","hentry","category-agenda-politica"],"_links":{"self":[{"href":"https:\/\/elmundodelapolitica.com\/v1\/wp-json\/wp\/v2\/posts\/5955","targetHints":{"allow":["GET"]}}],"collection":[{"href":"https:\/\/elmundodelapolitica.com\/v1\/wp-json\/wp\/v2\/posts"}],"about":[{"href":"https:\/\/elmundodelapolitica.com\/v1\/wp-json\/wp\/v2\/types\/post"}],"author":[{"embeddable":true,"href":"https:\/\/elmundodelapolitica.com\/v1\/wp-json\/wp\/v2\/users\/2"}],"replies":[{"embeddable":true,"href":"https:\/\/elmundodelapolitica.com\/v1\/wp-json\/wp\/v2\/comments?post=5955"}],"version-history":[{"count":1,"href":"https:\/\/elmundodelapolitica.com\/v1\/wp-json\/wp\/v2\/posts\/5955\/revisions"}],"predecessor-version":[{"id":5957,"href":"https:\/\/elmundodelapolitica.com\/v1\/wp-json\/wp\/v2\/posts\/5955\/revisions\/5957"}],"wp:featuredmedia":[{"embeddable":true,"href":"https:\/\/elmundodelapolitica.com\/v1\/wp-json\/wp\/v2\/media\/5956"}],"wp:attachment":[{"href":"https:\/\/elmundodelapolitica.com\/v1\/wp-json\/wp\/v2\/media?parent=5955"}],"wp:term":[{"taxonomy":"category","embeddable":true,"href":"https:\/\/elmundodelapolitica.com\/v1\/wp-json\/wp\/v2\/categories?post=5955"},{"taxonomy":"post_tag","embeddable":true,"href":"https:\/\/elmundodelapolitica.com\/v1\/wp-json\/wp\/v2\/tags?post=5955"}],"curies":[{"name":"wp","href":"https:\/\/api.w.org\/{rel}","templated":true}]}}