{"id":5952,"date":"2024-06-06T22:00:02","date_gmt":"2024-06-07T02:00:02","guid":{"rendered":"https:\/\/elmundodelapolitica.com\/v1\/?p=5952"},"modified":"2024-06-06T22:00:04","modified_gmt":"2024-06-07T02:00:04","slug":"vicepresidenta-pena-afirma-reforma-transformara-el-sistema-empresarial-mas-equitativo","status":"publish","type":"post","link":"https:\/\/elmundodelapolitica.com\/v1\/vicepresidenta-pena-afirma-reforma-transformara-el-sistema-empresarial-mas-equitativo\/","title":{"rendered":"Vicepresidenta Pe\u00f1a afirma reforma transformar\u00e1 el sistema empresarial m\u00e1s equitativo"},"content":{"rendered":"\n<p>Santiago.-&nbsp;<strong>La vicepresidenta de la Rep\u00fablica, Raquel Pe\u00f1a<\/strong>, destac\u00f3 este mi\u00e9rcoles que&nbsp;<em>\"la \u00fanica forma de reducir la desigualdad es a trav\u00e9s de una fiscalidad consolidada y sostenible en el tiempo, que permita al Estado realizar las reformas, programas y acciones que contribuyan gradualmente a elevar la participaci\u00f3n del factor trabajo en la distribuci\u00f3n del ingreso nacional\".<\/em>&nbsp;<\/p>\n\n\n\n<p>La vicemandataria se expres\u00f3 en estos t\u00e9rminos durante su participaci\u00f3n en la celebraci\u00f3n del&nbsp;<strong>D\u00eda Nacional de la Empresa Privada<\/strong>&nbsp;y 61 aniversario del&nbsp;<strong>Consejo Nacional de la Empresa Privada<\/strong>&nbsp;(Conep), donde afirm\u00f3 que el gobierno cree en la triple f\u00f3rmula:&nbsp;<strong>inversi\u00f3n, seguridad jur\u00eddica y reformas estructurales.<\/strong>&nbsp;<\/p>\n\n\n\n<p>Pe\u00f1a sostuvo que el aporte del tejido empresarial es fundamental&nbsp;<em>\"ante el reto impostergable que tiene la naci\u00f3n para avanzar hacia una fiscalidad sostenible en el tiempo\".<\/em><\/p>\n\n\n\n<p>La vicepresidenta explic\u00f3 que aspirar a una&nbsp;<strong>reforma fiscal<\/strong>&nbsp;que&nbsp;<strong>reduzca el gasto social<\/strong>&nbsp;y que aumente la tributaci\u00f3n que recae exclusivamente en los asalariados y los consumidores, solo contribuir\u00eda a profundizar la desigualdad.<\/p>\n\n\n\n<p><em>\"Ha llegado el momento de que el sector empresarial reconozca que este sistema capitalista que hoy exhibimos necesita ajustes que lo transformen en un sistema m\u00e1s humano y equitativo para todos\",<\/em>&nbsp;a\u00f1adi\u00f3.<\/p>\n\n\n\n<p>En el marco de sus palabras, la vicepresidenta felicit\u00f3 al&nbsp;<strong>Conep<\/strong>&nbsp;y reafirm\u00f3 el compromiso del&nbsp; gobierno, encabezado por el&nbsp;<strong>presidente Luis Abinader<\/strong>, de seguir&nbsp;<strong>avanzando juntos<\/strong>&nbsp;hacia un ma\u00f1ana todav\u00eda mejor para todas las familias dominicanas.&nbsp;<\/p>\n\n\n\n<p>\"<em>La sinergia entre el Gobierno y el sector privado es una fuerza poderosa y transformadora. Cuando trabajamos de la mano, los resultados son evidentes: desarrollo econ\u00f3mico sostenido, generaci\u00f3n de empleo, mejora de infraestructura, atracci\u00f3n de inversiones, mayores niveles de estabilidad, confianza, innovaci\u00f3n y competitividad\",&nbsp;<\/em>puntualiz\u00f3.<\/p>\n\n\n\n<figure class=\"wp-block-image\"><img decoding=\"async\" src=\"https:\/\/presidencia.gob.do\/sites\/default\/files\/inline-images\/1d2135e6-5ef9-444c-a762-0bdcf77f7d3f_0.jpeg\" alt=\"\"\/><\/figure>\n\n\n\n<p>De su lado, el presidente del Conep,&nbsp;<strong>Celso Juan Marranzini,<\/strong>&nbsp;destac\u00f3 que para incidir en el d\u00e9ficit anual que ronda el&nbsp;<strong>5 % del PIB<\/strong>&nbsp;se deben producir acuerdos para el&nbsp;<strong>pacto nacional<\/strong>, como el respeto a los principios de&nbsp;<strong>legalidad, justicia, igualdad y equidad<\/strong>&nbsp;en el r\u00e9gimen tributario y que sea un&nbsp;<strong>sistema \u00e1gil y simple<\/strong>.<\/p>\n\n\n\n<p>Marranzini tambi\u00e9n se refiri\u00f3 a la reforma y dijo coincidir en que el abordaje del tema fiscal no debe ser visto de manera segregada ni coyuntural, sino que debe ser objeto de \"<em>un amplio proceso de consulta y discusi\u00f3n, que conduzca, como ha dicho el presidente Abinader, a la concertaci\u00f3n integral de un gran pacto de naci\u00f3n\".<\/em>&nbsp;<\/p>\n\n\n\n<p>El empresario dijo, adem\u00e1s, que hist\u00f3ricamente el Conep ha sido un&nbsp;<strong>actor clave&nbsp;<\/strong>en el debate sobre reformas en el pa\u00eds y que est\u00e1n en la disposici\u00f3n de ser&nbsp;<strong>parte de un di\u00e1logo<\/strong>&nbsp;que les permita&nbsp;<em>\"contribuir a la construcci\u00f3n de una mejor Rep\u00fablica Dominicana\".<\/em>&nbsp;<\/p>\n\n\n\n<p>De igual modo, se\u00f1al\u00f3 que&nbsp;<em>\"hoy m\u00e1s que nunca es propicio hacer un llamado a el liderazgo pol\u00edtico, social y empresarial de la naci\u00f3n, para fomentar un di\u00e1logo en torno a estas necesarias reformas en el que prime sobre todo el inter\u00e9s nacional para lograr que las transformaciones necesarias y siga por el sendero del crecimiento econ\u00f3mico sostenible con bienestar social\".<\/em><\/p>\n\n\n\n<p>Durante el acto, la primera vez que la celebraci\u00f3n toma escenario en Santiago, se reconocieron a las organizaciones del Cibao que han contribuido con el desarrollo del pa\u00eds, como la Asociaci\u00f3n de Industriales de la Regi\u00f3n Norte&nbsp;<strong>(Airen)<\/strong>, Asociaci\u00f3n de Comerciantes e Industriales&nbsp;<strong>(ACIS)<\/strong>, C\u00e1mara de Comercio y Producci\u00f3n de Santiago&nbsp;<strong>(CCPS)<\/strong>&nbsp;y&nbsp;<strong>Compromiso Santiago.<\/strong><\/p>\n\n\n\n<p>Al evento asistieron diversos l\u00edderes empresariales, pol\u00edticos y sociales, as\u00ed como funcionarios nacionales y municipales.<\/p>\n","protected":false},"excerpt":{"rendered":"<p>Santiago.-&nbsp;La vicepresidenta de la Rep\u00fablica, Raquel Pe\u00f1a, destac\u00f3 este mi\u00e9rcoles que&nbsp;\"la \u00fanica forma de reducir la desigualdad es a trav\u00e9s de una fiscalidad consolidada y sostenible en el tiempo, que&hellip; <\/p>\n","protected":false},"author":2,"featured_media":5953,"comment_status":"open","ping_status":"open","sticky":false,"template":"","format":"standard","meta":{"fifu_image_url":"","fifu_image_alt":"","footnotes":""},"categories":[40],"tags":[],"class_list":["post-5952","post","type-post","status-publish","format-standard","has-post-thumbnail","hentry","category-empresarial"],"_links":{"self":[{"href":"https:\/\/elmundodelapolitica.com\/v1\/wp-json\/wp\/v2\/posts\/5952","targetHints":{"allow":["GET"]}}],"collection":[{"href":"https:\/\/elmundodelapolitica.com\/v1\/wp-json\/wp\/v2\/posts"}],"about":[{"href":"https:\/\/elmundodelapolitica.com\/v1\/wp-json\/wp\/v2\/types\/post"}],"author":[{"embeddable":true,"href":"https:\/\/elmundodelapolitica.com\/v1\/wp-json\/wp\/v2\/users\/2"}],"replies":[{"embeddable":true,"href":"https:\/\/elmundodelapolitica.com\/v1\/wp-json\/wp\/v2\/comments?post=5952"}],"version-history":[{"count":1,"href":"https:\/\/elmundodelapolitica.com\/v1\/wp-json\/wp\/v2\/posts\/5952\/revisions"}],"predecessor-version":[{"id":5954,"href":"https:\/\/elmundodelapolitica.com\/v1\/wp-json\/wp\/v2\/posts\/5952\/revisions\/5954"}],"wp:featuredmedia":[{"embeddable":true,"href":"https:\/\/elmundodelapolitica.com\/v1\/wp-json\/wp\/v2\/media\/5953"}],"wp:attachment":[{"href":"https:\/\/elmundodelapolitica.com\/v1\/wp-json\/wp\/v2\/media?parent=5952"}],"wp:term":[{"taxonomy":"category","embeddable":true,"href":"https:\/\/elmundodelapolitica.com\/v1\/wp-json\/wp\/v2\/categories?post=5952"},{"taxonomy":"post_tag","embeddable":true,"href":"https:\/\/elmundodelapolitica.com\/v1\/wp-json\/wp\/v2\/tags?post=5952"}],"curies":[{"name":"wp","href":"https:\/\/api.w.org\/{rel}","templated":true}]}}