{"id":5939,"date":"2024-05-23T21:36:42","date_gmt":"2024-05-24T01:36:42","guid":{"rendered":"https:\/\/elmundodelapolitica.com\/v1\/?p=5939"},"modified":"2024-05-23T21:36:44","modified_gmt":"2024-05-24T01:36:44","slug":"gobierno-registra-primer-superavit-primario-de-ultimos-cinco-anos-electorales","status":"publish","type":"post","link":"https:\/\/elmundodelapolitica.com\/v1\/gobierno-registra-primer-superavit-primario-de-ultimos-cinco-anos-electorales\/","title":{"rendered":"Gobierno registra primer super\u00e1vit primario de \u00faltimos cinco a\u00f1os electorales"},"content":{"rendered":"\n<p>Santo Domingo.- El Gobierno dominicano, a trav\u00e9s de la Direcci\u00f3n General de Presupuesto&nbsp;<strong>(Digepres)<\/strong>, inform\u00f3 que el 2024 ha sido el&nbsp;<strong>primero de los \u00faltimos cinco a\u00f1os electorales<\/strong>&nbsp;en el que se registra un&nbsp;<strong>super\u00e1vit primario fiscal<\/strong>, incluso en contexto de campa\u00f1a pol\u00edtica.&nbsp;<\/p>\n\n\n\n<p>Dicho de otra forma, si se excluye el gasto en intereses de la deuda, el Gobierno central registra un&nbsp;<strong>saldo fiscal positivo<\/strong>, controlando el gasto por debajo de los recursos totales ingresados, previo a la realizaci\u00f3n misma del certamen electoral.<\/p>\n\n\n\n<p>Durante el per\u00edodo transcurrido desde el lunes 1 de enero hasta el viernes 17 de mayo de 2024,&nbsp;<strong>el resultado primario ascendi\u00f3 a RD 56,001.4 millones<\/strong>, equivalente al 0.8 % del PIB, como consecuencia de&nbsp;<strong>ingresos<\/strong>&nbsp;totales ascendentes a&nbsp;<strong>RD 467,455.2 millones<\/strong>, en contraposici\u00f3n a&nbsp;<strong>gastos<\/strong>&nbsp;primarios ascendentes a&nbsp;<strong>RD 411,453.8 millones<\/strong>. En sentido ampliado, al incluir los compromisos de pago por intereses de la deuda, el gasto total se eleva hasta los RD 503,817.0 millones, lo que revela un resultado financiero deficitario en apenas 0.5 % del PIB.&nbsp;<\/p>\n\n\n\n<p>Tabla 1. Cuenta Ahorro &#8211; Inversi\u00f3n \u2013 Financiamiento<\/p>\n\n\n\n<p>Acumulado al mes de Mayo (17\/05\/2024)<\/p>\n\n\n\n<p>En Millones RD<\/p>\n\n\n<div class=\"wp-block-image\">\n<figure class=\"aligncenter\"><img decoding=\"async\" src=\"https:\/\/presidencia.gob.do\/sites\/default\/files\/inline-images\/Imagen%201%20%281%29.png\" alt=\"\"\/><\/figure>\n<\/div>\n\n\n<p>1. Percibido de Ingresos y fuentes financieras remitidas por la Direcci\u00f3n General de Pol\u00edtica y Legislaci\u00f3n Tributaria.<\/p>\n\n\n\n<p>2. Ejecuci\u00f3n de Gastos tiene fecha de registro e imputaci\u00f3n al 17\/05\/2024.<\/p>\n\n\n\n<p>3. PIB de 2024 (RD 7,447,461.0 millones), ajustado a la \u00faltima actualizaci\u00f3n del Marco Macroecon\u00f3mico de marzo de 2024.&nbsp;<\/p>\n\n\n\n<p>Fuente: Sistema de Informaci\u00f3n de la Gesti\u00f3n Financiera (SIGEF).<\/p>\n\n\n\n<p>M\u00e1s importante a\u00fan, al examinar el registro hist\u00f3rico del balance presupuestario se revela que,&nbsp;<strong>en los a\u00f1os electorales 2010, 2012, 2016 y 2020<\/strong>&nbsp;&nbsp;tanto el resultado primario como el financiero, en proporci\u00f3n al PIB, arrojaron&nbsp;<strong>cifras negativas y significativamente mayores a las actuales<\/strong>. De hecho, al comparar los \u201ca\u00f1os de reelecci\u00f3n\u201d 2024 vs. 2016, se observa claramente c\u00f3mo el saldo primario positivo del 2024 se contrasta con el saldo deficitario del a\u00f1o 2016. En sentido general, al examinar el resultado financiero en proporci\u00f3n al PIB, se observa que el&nbsp;<strong>d\u00e9ficit registrado al 17 de mayo del a\u00f1o 2024 es 2.5 veces menor<\/strong>&nbsp;al del igual per\u00edodo del a\u00f1o 2016 y 5 veces inferior al de igual periodo del a\u00f1o 2012.&nbsp;<\/p>\n\n\n<div class=\"wp-block-image\">\n<figure class=\"aligncenter\"><img decoding=\"async\" src=\"https:\/\/presidencia.gob.do\/sites\/default\/files\/inline-images\/Imagen%202.png\" alt=\"\"\/><\/figure>\n<\/div>\n\n\n<p>Por consistencia en la data, en el caso del a\u00f1o 2020 se toma el mes de mayo, aunque las elecciones fueron en julio<\/p>\n\n\n\n<p>Fuente: Sistema de Informaci\u00f3n de la Gesti\u00f3n Financiera (SIGEF).<\/p>\n\n\n\n<p>Vale resaltar, adem\u00e1s, que durante el per\u00edodo enero-mayo 2024, los recursos devengados por concepto de la<strong>&nbsp;renegociaci\u00f3n del contrato con Aerodom<\/strong>&nbsp;apenas ascendieron a&nbsp;<strong>RD 16,604.8 millones<\/strong>, por lo que a\u00fan en su ausencia la situaci\u00f3n de super\u00e1vit primario se mantendr\u00eda.&nbsp;<\/p>\n\n\n\n<p>El desempe\u00f1o favorable del a\u00f1o 2024 es coherente con el compromiso de la presente administraci\u00f3n gubernamental de un&nbsp;<strong>manejo pulcro, transparente y eficiente de las finanzas p\u00fablicas<\/strong>, contribuyendo significativamente a su saneamiento en el tiempo&nbsp;<strong>aun en contextos adversos<\/strong>&nbsp;como procesos electorales, fen\u00f3menos hidrometeorol\u00f3gicos o shocks negativos externos por pandemia o conflictos b\u00e9licos.&nbsp;<\/p>\n\n\n\n<p>Se recuerda que estos datos pueden ser corroborados directamente por la ciudadan\u00eda a trav\u00e9s del&nbsp;<strong>reporte semanal<\/strong>, publicado cada martes por Digepres en su portal institucional Digepres.gob.do.<\/p>\n","protected":false},"excerpt":{"rendered":"<p>Santo Domingo.- El Gobierno dominicano, a trav\u00e9s de la Direcci\u00f3n General de Presupuesto&nbsp;(Digepres), inform\u00f3 que el 2024 ha sido el&nbsp;primero de los \u00faltimos cinco a\u00f1os electorales&nbsp;en el que se registra&hellip; <\/p>\n","protected":false},"author":2,"featured_media":5940,"comment_status":"open","ping_status":"open","sticky":false,"template":"","format":"standard","meta":{"fifu_image_url":"","fifu_image_alt":"","footnotes":""},"categories":[8],"tags":[],"class_list":["post-5939","post","type-post","status-publish","format-standard","has-post-thumbnail","hentry","category-politica-economica"],"_links":{"self":[{"href":"https:\/\/elmundodelapolitica.com\/v1\/wp-json\/wp\/v2\/posts\/5939","targetHints":{"allow":["GET"]}}],"collection":[{"href":"https:\/\/elmundodelapolitica.com\/v1\/wp-json\/wp\/v2\/posts"}],"about":[{"href":"https:\/\/elmundodelapolitica.com\/v1\/wp-json\/wp\/v2\/types\/post"}],"author":[{"embeddable":true,"href":"https:\/\/elmundodelapolitica.com\/v1\/wp-json\/wp\/v2\/users\/2"}],"replies":[{"embeddable":true,"href":"https:\/\/elmundodelapolitica.com\/v1\/wp-json\/wp\/v2\/comments?post=5939"}],"version-history":[{"count":1,"href":"https:\/\/elmundodelapolitica.com\/v1\/wp-json\/wp\/v2\/posts\/5939\/revisions"}],"predecessor-version":[{"id":5941,"href":"https:\/\/elmundodelapolitica.com\/v1\/wp-json\/wp\/v2\/posts\/5939\/revisions\/5941"}],"wp:featuredmedia":[{"embeddable":true,"href":"https:\/\/elmundodelapolitica.com\/v1\/wp-json\/wp\/v2\/media\/5940"}],"wp:attachment":[{"href":"https:\/\/elmundodelapolitica.com\/v1\/wp-json\/wp\/v2\/media?parent=5939"}],"wp:term":[{"taxonomy":"category","embeddable":true,"href":"https:\/\/elmundodelapolitica.com\/v1\/wp-json\/wp\/v2\/categories?post=5939"},{"taxonomy":"post_tag","embeddable":true,"href":"https:\/\/elmundodelapolitica.com\/v1\/wp-json\/wp\/v2\/tags?post=5939"}],"curies":[{"name":"wp","href":"https:\/\/api.w.org\/{rel}","templated":true}]}}