{"id":5924,"date":"2024-04-08T18:05:44","date_gmt":"2024-04-08T22:05:44","guid":{"rendered":"https:\/\/elmundodelapolitica.com\/v1\/?p=5924"},"modified":"2024-04-08T18:05:48","modified_gmt":"2024-04-08T22:05:48","slug":"asegura-viceministro-interior-politica-repatriacion-ilegales-es-derecho-soberano-dominicanos","status":"publish","type":"post","link":"https:\/\/elmundodelapolitica.com\/v1\/asegura-viceministro-interior-politica-repatriacion-ilegales-es-derecho-soberano-dominicanos\/","title":{"rendered":"Asegura Viceministro Interior pol\u00edtica repatriaci\u00f3n ilegales es derecho soberano\u00a0 dominicanos"},"content":{"rendered":"\n<p>Santo Domingo, R.D. Abril 2024.- El viceministro de Gesti\u00f3n Migratoria y Naturalizaci\u00f3n del Ministerio de Interior y Polic\u00eda, Juan Manuel Rosario, dijo que la Rep\u00fablica Dominicana es la que sufre, de manera reiterada, violaci\u00f3n al derecho soberano de aplicar su Pol\u00edtica Migratoria.<\/p>\n\n\n\n<p>Al ser cuestionado sobre las acusaciones de que la Rep\u00fablica Dominicana, supuestamente viola los derechos humanos de los extranjeros presentes en su territorio, el funcionario manifest\u00f3: \"Frecuentemente es conocido que los Organismos Internacionales, con el apoyo de sectores nacionales, no descansan en su manifiesta gesti\u00f3n de desconocer el derecho soberano de los dominicanos a aplicar su Pol\u00edtica Migratoria\"<\/p>\n\n\n\n<p>Precis\u00f3 el funcionario que, incluso, esos sectores mantienen con un \"lobby\" permanente en la Rep\u00fablica Dominicana, orientado a incidir en las decisiones que tienen que ver con la implementaci\u00f3n de Pol\u00edtica Migratoria y de Nacionalidad del Estado dominicano.<\/p>\n\n\n\n<p>Rosario expres\u00f3 que \"Amnist\u00eda Internacional tiene que respetar el derecho del Estado dominicano a preservar sus prerrogativas soberanas como sujeto del derecho internacional y a la soberan\u00eda interna, que es atributo exclusivo del pueblo dominicano, en lo concerniente al territorio, su poblaci\u00f3n, las leyes y los preceptos constitucionales.\"<\/p>\n\n\n\n<p>El viceministro de Gesti\u00f3n Migratoria y Naturalizaci\u00f3n reflexiona sobre las pr\u00e1cticas de convivencia internacional de los Estados, y expresa: \"Los Organismos Internacionales parece que, de manera deliberada, hacen esfuerzos por olvidar las reglas internacionales de interrelaci\u00f3n de los diversos sujetos internacionales\u2026\"<\/p>\n\n\n\n<p>Recalca el funcionario: \"es saludable recordar lo que se estableci\u00f3 en la declaraci\u00f3n 40\/144 del 13 de diciembre de 1985 de la Asamblea General de las Naciones Unidas, sobre los derechos humanos de los extranjeros&#8230;\"<\/p>\n\n\n\n<p>&nbsp;Contin\u00faa Rosario exponiendo que, \u201cdice en su art\u00edculo 2 esa declaraci\u00f3n: \"Ninguna disposici\u00f3n de la presente Declaraci\u00f3n se interpretar\u00e1 en el sentido de legitimar la entrada ni la presencia ilegal de un extranjero en cualquier Estado. Tampoco se interpretar\u00e1 ninguna disposici\u00f3n de la presente Declaraci\u00f3n en el sentido de limitar el derecho de cualquier Estado a promulgar leyes y reglamentaciones relativas a la entrada de extranjeros y al plazo y las condiciones de su estancia en \u00e9l, o a establecer diferencias entre nacionales y extranjeros\".<\/p>\n\n\n\n<p>El viceministro termin\u00f3 reiterando que la pol\u00edtica migratoria es un derecho soberano de los dominicanos.<\/p>\n\n\n\n<figure class=\"wp-block-image size-full\"><img loading=\"lazy\" decoding=\"async\" width=\"847\" height=\"553\" src=\"https:\/\/elmundodelapolitica.com\/v1\/wp-content\/uploads\/2024\/04\/0-5.jpg\" alt=\"\" class=\"wp-image-5925\" srcset=\"https:\/\/elmundodelapolitica.com\/v1\/wp-content\/uploads\/2024\/04\/0-5.jpg 847w, https:\/\/elmundodelapolitica.com\/v1\/wp-content\/uploads\/2024\/04\/0-5-300x196.jpg 300w, https:\/\/elmundodelapolitica.com\/v1\/wp-content\/uploads\/2024\/04\/0-5-768x501.jpg 768w\" sizes=\"auto, (max-width: 847px) 100vw, 847px\" \/><\/figure>\n","protected":false},"excerpt":{"rendered":"<p>Santo Domingo, R.D. Abril 2024.- El viceministro de Gesti\u00f3n Migratoria y Naturalizaci\u00f3n del Ministerio de Interior y Polic\u00eda, Juan Manuel Rosario, dijo que la Rep\u00fablica Dominicana es la que sufre,&hellip; <\/p>\n","protected":false},"author":2,"featured_media":5925,"comment_status":"open","ping_status":"open","sticky":false,"template":"","format":"standard","meta":{"fifu_image_url":"","fifu_image_alt":"","footnotes":""},"categories":[28],"tags":[],"class_list":["post-5924","post","type-post","status-publish","format-standard","has-post-thumbnail","hentry","category-migracion"],"_links":{"self":[{"href":"https:\/\/elmundodelapolitica.com\/v1\/wp-json\/wp\/v2\/posts\/5924","targetHints":{"allow":["GET"]}}],"collection":[{"href":"https:\/\/elmundodelapolitica.com\/v1\/wp-json\/wp\/v2\/posts"}],"about":[{"href":"https:\/\/elmundodelapolitica.com\/v1\/wp-json\/wp\/v2\/types\/post"}],"author":[{"embeddable":true,"href":"https:\/\/elmundodelapolitica.com\/v1\/wp-json\/wp\/v2\/users\/2"}],"replies":[{"embeddable":true,"href":"https:\/\/elmundodelapolitica.com\/v1\/wp-json\/wp\/v2\/comments?post=5924"}],"version-history":[{"count":1,"href":"https:\/\/elmundodelapolitica.com\/v1\/wp-json\/wp\/v2\/posts\/5924\/revisions"}],"predecessor-version":[{"id":5926,"href":"https:\/\/elmundodelapolitica.com\/v1\/wp-json\/wp\/v2\/posts\/5924\/revisions\/5926"}],"wp:featuredmedia":[{"embeddable":true,"href":"https:\/\/elmundodelapolitica.com\/v1\/wp-json\/wp\/v2\/media\/5925"}],"wp:attachment":[{"href":"https:\/\/elmundodelapolitica.com\/v1\/wp-json\/wp\/v2\/media?parent=5924"}],"wp:term":[{"taxonomy":"category","embeddable":true,"href":"https:\/\/elmundodelapolitica.com\/v1\/wp-json\/wp\/v2\/categories?post=5924"},{"taxonomy":"post_tag","embeddable":true,"href":"https:\/\/elmundodelapolitica.com\/v1\/wp-json\/wp\/v2\/tags?post=5924"}],"curies":[{"name":"wp","href":"https:\/\/api.w.org\/{rel}","templated":true}]}}