{"id":5917,"date":"2024-04-08T17:57:37","date_gmt":"2024-04-08T21:57:37","guid":{"rendered":"https:\/\/elmundodelapolitica.com\/v1\/?p=5917"},"modified":"2024-04-08T17:57:39","modified_gmt":"2024-04-08T21:57:39","slug":"servidores-electos-cargos-municipales-no-deben-estar-nomina-instituciones-desde-mayo","status":"publish","type":"post","link":"https:\/\/elmundodelapolitica.com\/v1\/servidores-electos-cargos-municipales-no-deben-estar-nomina-instituciones-desde-mayo\/","title":{"rendered":"Servidores electos cargos municipales no deben estar n\u00f3mina instituciones desde mayo"},"content":{"rendered":"\n<p><strong>Santo Domingo,<\/strong>\u00a0R.D.\u00a0 Abril , 2024.\u2013\u00a0El Ministerio de Administraci\u00f3n P\u00fablica (MAP), en vista de lo establecido en los diferentes textos legislativos y la Constituci\u00f3n de la Rep\u00fablica, recalc\u00f3 que aquellos servidores p\u00fablicos que hayan resultado electos a cargos municipales no deber\u00e1n de permanecer en otra n\u00f3mina, que no sea la del ayuntamiento o distrito que corresponda, a partir del mes de mayo.<\/p>\n\n\n\n<p>A trav\u00e9s de un comunicado difundido a los medios de comunicaci\u00f3n, el ministro Dar\u00edo Castillo Lugo manifest\u00f3 que, efectivo al 30 de abril, esos servidores p\u00fablicos, que hayan sido escogidos como alcalde, vicealcalde, director o subdirector municipal, regidor o vocal, durante las pasadas elecciones municipales del 18 de febrero, una vez tomen posesi\u00f3n en dichos cargos electivos, no pueden ocupar otras posiciones remuneradas en la Administraci\u00f3n P\u00fablica, salvo la docencia.<\/p>\n\n\n\n<p>\u201cRecordamos a los titulares de instituciones donde puedan estar activos servidores que hayan resultado electos a cualquiera de los cargos antes mencionados, que los mismos s\u00f3lo deben permanecer en n\u00f3mina hasta este mes de abril, o sea, no deben figurar en las n\u00f3minas del mes de mayo\u201d, indic\u00f3 Castillo Lugo.<\/p>\n\n\n\n<p>El titular del MAP se\u00f1al\u00f3 que los art\u00edculos 39 y 80 de la Ley 176-07, del Distrito Nacional y los Municipios, se\u00f1alan que las posiciones de alcalde, vicealcalde, regidor, director o subdirector municipal y vocal son \u201cincompatibles\u201d con cualquier cargo electivo de los contemplados en la Constituci\u00f3n de la Rep\u00fablica; los empleos p\u00fablicos cuyo desempe\u00f1o son motivo de inelegibilidad; los empleos en el ayuntamiento, sea como asalariado, contratado o sin disfrute de sueldo, entre otros.<\/p>\n\n\n\n<p>Adem\u00e1s, indic\u00f3 que la Constituci\u00f3n, en sus art\u00edculos 77 y 144, se\u00f1ala que ning\u00fan funcionario o empleado del Estado, ni las posiciones de senador y diputado, pueden desempe\u00f1ar m\u00e1s de un cargo remunerado, salvo la docencia.<\/p>\n\n\n\n<p>De la misma manera, las leyes 41-08, de Funci\u00f3n P\u00fablica y la 105-13, de Regulaci\u00f3n Salarial del Estado Dominicano, establecen prohibiciones a ocupar m\u00e1s de una posici\u00f3n remunerada, en la Administraci\u00f3n P\u00fablica.<\/p>\n\n\n\n<p>El MAP recuerda que a mediados del mes de marzo se emiti\u00f3 la circular n\u00fam. 003583, donde se hace un recordatorio sobre la incompatibilidad de funciones, a prop\u00f3sito de la toma de posesi\u00f3n de las nuevas autoridades municipales y las pr\u00f3ximas elecciones congresuales.<\/p>\n\n\n\n<figure class=\"wp-block-image size-large\"><img loading=\"lazy\" decoding=\"async\" width=\"1024\" height=\"682\" src=\"https:\/\/elmundodelapolitica.com\/v1\/wp-content\/uploads\/2024\/04\/unnamed-1024x682.jpg\" alt=\"\" class=\"wp-image-5918\" srcset=\"https:\/\/elmundodelapolitica.com\/v1\/wp-content\/uploads\/2024\/04\/unnamed-1024x682.jpg 1024w, https:\/\/elmundodelapolitica.com\/v1\/wp-content\/uploads\/2024\/04\/unnamed-300x200.jpg 300w, https:\/\/elmundodelapolitica.com\/v1\/wp-content\/uploads\/2024\/04\/unnamed-768x512.jpg 768w, https:\/\/elmundodelapolitica.com\/v1\/wp-content\/uploads\/2024\/04\/unnamed.jpg 1280w\" sizes=\"auto, (max-width: 1024px) 100vw, 1024px\" \/><\/figure>\n","protected":false},"excerpt":{"rendered":"<p>Santo Domingo,\u00a0R.D.\u00a0 Abril , 2024.\u2013\u00a0El Ministerio de Administraci\u00f3n P\u00fablica (MAP), en vista de lo establecido en los diferentes textos legislativos y la Constituci\u00f3n de la Rep\u00fablica, recalc\u00f3 que aquellos servidores&hellip; <\/p>\n","protected":false},"author":2,"featured_media":5918,"comment_status":"open","ping_status":"open","sticky":false,"template":"","format":"standard","meta":{"fifu_image_url":"","fifu_image_alt":"","footnotes":""},"categories":[22],"tags":[],"class_list":["post-5917","post","type-post","status-publish","format-standard","has-post-thumbnail","hentry","category-gerencia"],"_links":{"self":[{"href":"https:\/\/elmundodelapolitica.com\/v1\/wp-json\/wp\/v2\/posts\/5917","targetHints":{"allow":["GET"]}}],"collection":[{"href":"https:\/\/elmundodelapolitica.com\/v1\/wp-json\/wp\/v2\/posts"}],"about":[{"href":"https:\/\/elmundodelapolitica.com\/v1\/wp-json\/wp\/v2\/types\/post"}],"author":[{"embeddable":true,"href":"https:\/\/elmundodelapolitica.com\/v1\/wp-json\/wp\/v2\/users\/2"}],"replies":[{"embeddable":true,"href":"https:\/\/elmundodelapolitica.com\/v1\/wp-json\/wp\/v2\/comments?post=5917"}],"version-history":[{"count":1,"href":"https:\/\/elmundodelapolitica.com\/v1\/wp-json\/wp\/v2\/posts\/5917\/revisions"}],"predecessor-version":[{"id":5919,"href":"https:\/\/elmundodelapolitica.com\/v1\/wp-json\/wp\/v2\/posts\/5917\/revisions\/5919"}],"wp:featuredmedia":[{"embeddable":true,"href":"https:\/\/elmundodelapolitica.com\/v1\/wp-json\/wp\/v2\/media\/5918"}],"wp:attachment":[{"href":"https:\/\/elmundodelapolitica.com\/v1\/wp-json\/wp\/v2\/media?parent=5917"}],"wp:term":[{"taxonomy":"category","embeddable":true,"href":"https:\/\/elmundodelapolitica.com\/v1\/wp-json\/wp\/v2\/categories?post=5917"},{"taxonomy":"post_tag","embeddable":true,"href":"https:\/\/elmundodelapolitica.com\/v1\/wp-json\/wp\/v2\/tags?post=5917"}],"curies":[{"name":"wp","href":"https:\/\/api.w.org\/{rel}","templated":true}]}}