{"id":5913,"date":"2024-04-08T17:55:10","date_gmt":"2024-04-08T21:55:10","guid":{"rendered":"https:\/\/elmundodelapolitica.com\/v1\/?p=5913"},"modified":"2024-04-08T17:55:12","modified_gmt":"2024-04-08T21:55:12","slug":"advierte-castillo-pantaleon-oim-pone-riesgo-tema-migratorio-en-la-republica-dominicana","status":"publish","type":"post","link":"https:\/\/elmundodelapolitica.com\/v1\/advierte-castillo-pantaleon-oim-pone-riesgo-tema-migratorio-en-la-republica-dominicana\/","title":{"rendered":"Advierte Castillo Pantale\u00f3n OIM pone riesgo tema migratorio en la Rep\u00fablica Dominicana"},"content":{"rendered":"\n<p><strong>Santo Domingo<\/strong>, R.D. Abril 2024.-&nbsp;El abogado Juan Miguel Castillo Pantale\u00f3n advirti\u00f3 que la Organizaci\u00f3n Internacional para las Migraciones (OIM) pone en riesgo el tema migratorio en la Rep\u00fablica Dominicana, al participar manera estelar en la propuesta de que el pa\u00eds establezca campos de refugiados, al menos cinco para 90 mil haitianos cada uno, en las provincias fronterizas.<\/p>\n\n\n\n<p>\u00a8En esta ocasi\u00f3n del ejercicio t\u00e9cnico profesional les puedo testimoniar que lo que escribe en una comunicaci\u00f3n la OIM diciendo que su atenci\u00f3n fundamental es la poblaci\u00f3n migrante venezolana es una vulgar mentira, l\u00f3gicamente el papel lo aguanta todo y solamente quien no conozca puede admitir eso como veraz\u00a8, asegur\u00f3 Castillo Pantale\u00f3n.<\/p>\n\n\n\n<p>Entrevistado en el programa Toque Final con Julio Mart\u00ednez Pozo que se transmite por Antena 7, el destacado jurista precis\u00f3 que la OIM asiste en una cantidad de casos que son propios de sus funciones y en otros muchos su rol se ha dedicado en la promoci\u00f3n de la migraci\u00f3n haitiana, su protagonismo y vedetismo pretenden sustituir los roles del Estado dominicano abriendo oficinas sin autorizaci\u00f3n e informaci\u00f3n a las autoridades competentes.<\/p>\n\n\n\n<p>Consider\u00f3 que la OIM, vinculada al pa\u00eds desde hace d\u00e9cadas, ha rebasado con mucho la naturaleza de sus funciones por involucrarse en una serie de aspectos que persiguen promover la migraci\u00f3n, interfiriendo con las facultades soberanas de los Estados que son los responsables de establecer las pol\u00edticas y lineamientos de las migraciones.<\/p>\n\n\n\n<p>Asimismo, inform\u00f3 que la OIM es una la responsable del dise\u00f1o de un tema grave y riesgoso que el pa\u00eds ha afrontado en los \u00faltimos a\u00f1os, al dar la asistencia t\u00e9cnica en el Plan para el Manejo de Flujo Masivo de Inmigrantes, donde Castillo Pantale\u00f3n como abogado junto a otros m\u00e1s y ciudadanos a nombre de personas f\u00edsicas y entidades demandaron en nulidad por ante el Tribunal Superior Administrativo (TSA).<\/p>\n\n\n\n<p>\u00a8Era contrario a la Constituci\u00f3n el establecimiento de los campos de refugiados de golpe. Al menos un campo de refugiados en las regiones fronterizas, cada uno de 90 mil haitianos y est\u00e1 contenido en la mancheta del documento en donde claramente dice que se hizo con la asistencia y colaboraci\u00f3n t\u00e9cnica de la OIM\u00a8, reiter\u00f3.<\/p>\n\n\n\n<p>Explic\u00f3 que la Organizaci\u00f3n Internacional para las Migraciones es una agencia internacional asociada a la Organizaci\u00f3n de las Naciones Unidas (ONU) y que en principio la naturaleza de esa entidad era asistir a los Estados para el ordenamiento de las migraciones seguras y para que estas migraciones vayan en beneficio de los pa\u00edses de destino y de la poblaci\u00f3n migrante.<\/p>\n\n\n\n<p>\u00a8La isla de Santo Domingo comparte en su territorio dos Estados, uno de estos pa\u00edses que es Hait\u00ed, siendo un Estado fallido, genera una migraci\u00f3n con muy bajo \u00edndices de desarrollo humano, teniendo como \u00fanico vecino terrestre a la Rep\u00fablica Dominicana y al llegar en cantidades considerables compromete los destinos de nuestro pa\u00eds\u00a8, expres\u00f3.<\/p>\n\n\n\n<p>El destacado abogado dijo que ha trabajado en el tema migratorio, particip\u00f3 en la redacci\u00f3n de la Ley de Migraci\u00f3n, fue el principal responsable de la redacci\u00f3n junto con otros juristas del reglamento y aplicaci\u00f3n de la misma, contratado como t\u00e9cnico para la elaboraci\u00f3n de un documento dejado sobre el escritorio que fue el Plan Nacional de Regularizaci\u00f3n y sustituido por otro de p\u00e9simo dise\u00f1o que constituy\u00f3 con el desastre del plan que el pa\u00eds tuvo en el 2013.<\/p>\n\n\n\n<p>Castillo Pantale\u00f3n afirm\u00f3 adem\u00e1s, que el tema de la violaci\u00f3n de derechos Humanos los est\u00e1 asumiendo el Alto Comisionado de las Naciones Unidas para los Refugiados (ACNUR) que act\u00faa junto con la OIM y que el documento sobre el Plan de Contingencia para Flujos Masivos de Inmigrantes en Rep\u00fablica Dominicana menciona a las instituciones que contribuyeron en el mismo y asegur\u00f3 que el dinero para ese plan, que pr\u00e1cticamente destruir\u00eda la integridad territorial y balcanizar\u00eda la isla, fue financiado por el Departamento de Estado del Gobierno de los Estados Unidos.<\/p>\n\n\n\n<figure class=\"wp-block-image size-full\"><img loading=\"lazy\" decoding=\"async\" width=\"669\" height=\"488\" src=\"https:\/\/elmundodelapolitica.com\/v1\/wp-content\/uploads\/2024\/04\/0.png\" alt=\"\" class=\"wp-image-5914\" srcset=\"https:\/\/elmundodelapolitica.com\/v1\/wp-content\/uploads\/2024\/04\/0.png 669w, https:\/\/elmundodelapolitica.com\/v1\/wp-content\/uploads\/2024\/04\/0-300x219.png 300w\" sizes=\"auto, (max-width: 669px) 100vw, 669px\" \/><\/figure>\n","protected":false},"excerpt":{"rendered":"<p>Santo Domingo, R.D. Abril 2024.-&nbsp;El abogado Juan Miguel Castillo Pantale\u00f3n advirti\u00f3 que la Organizaci\u00f3n Internacional para las Migraciones (OIM) pone en riesgo el tema migratorio en la Rep\u00fablica Dominicana, al&hellip; <\/p>\n","protected":false},"author":2,"featured_media":5914,"comment_status":"open","ping_status":"open","sticky":false,"template":"","format":"standard","meta":{"fifu_image_url":"","fifu_image_alt":"","footnotes":""},"categories":[28],"tags":[],"class_list":["post-5913","post","type-post","status-publish","format-standard","has-post-thumbnail","hentry","category-migracion"],"_links":{"self":[{"href":"https:\/\/elmundodelapolitica.com\/v1\/wp-json\/wp\/v2\/posts\/5913","targetHints":{"allow":["GET"]}}],"collection":[{"href":"https:\/\/elmundodelapolitica.com\/v1\/wp-json\/wp\/v2\/posts"}],"about":[{"href":"https:\/\/elmundodelapolitica.com\/v1\/wp-json\/wp\/v2\/types\/post"}],"author":[{"embeddable":true,"href":"https:\/\/elmundodelapolitica.com\/v1\/wp-json\/wp\/v2\/users\/2"}],"replies":[{"embeddable":true,"href":"https:\/\/elmundodelapolitica.com\/v1\/wp-json\/wp\/v2\/comments?post=5913"}],"version-history":[{"count":1,"href":"https:\/\/elmundodelapolitica.com\/v1\/wp-json\/wp\/v2\/posts\/5913\/revisions"}],"predecessor-version":[{"id":5915,"href":"https:\/\/elmundodelapolitica.com\/v1\/wp-json\/wp\/v2\/posts\/5913\/revisions\/5915"}],"wp:featuredmedia":[{"embeddable":true,"href":"https:\/\/elmundodelapolitica.com\/v1\/wp-json\/wp\/v2\/media\/5914"}],"wp:attachment":[{"href":"https:\/\/elmundodelapolitica.com\/v1\/wp-json\/wp\/v2\/media?parent=5913"}],"wp:term":[{"taxonomy":"category","embeddable":true,"href":"https:\/\/elmundodelapolitica.com\/v1\/wp-json\/wp\/v2\/categories?post=5913"},{"taxonomy":"post_tag","embeddable":true,"href":"https:\/\/elmundodelapolitica.com\/v1\/wp-json\/wp\/v2\/tags?post=5913"}],"curies":[{"name":"wp","href":"https:\/\/api.w.org\/{rel}","templated":true}]}}