{"id":5906,"date":"2024-04-08T17:34:38","date_gmt":"2024-04-08T21:34:38","guid":{"rendered":"https:\/\/elmundodelapolitica.com\/v1\/?p=5906"},"modified":"2024-04-08T17:34:40","modified_gmt":"2024-04-08T21:34:40","slug":"invita-ministerio-trabajo-a-feria-y-jornada-empleo-la-romana-y-el-distrito-nacional","status":"publish","type":"post","link":"https:\/\/elmundodelapolitica.com\/v1\/invita-ministerio-trabajo-a-feria-y-jornada-empleo-la-romana-y-el-distrito-nacional\/","title":{"rendered":"Invita Ministerio Trabajo a feria y jornada empleo La Romana y el Distrito Nacional"},"content":{"rendered":"\n<p><strong>Santo Domingo,<\/strong>&nbsp;R.D. Marzo 20, 2024.-&nbsp;El Ministerio de Trabajo en su funci\u00f3n de intermediario de las empresas que necesitan cubrir sus vacantes disponibles, invita a las personas interesadas a participar en la feria y jornada de empleo para La Romana y el Distrito Nacional este viernes 22 de marzo 2024.<\/p>\n\n\n\n<p>Tanto la feria como la jornada se llevar\u00e1n a cabo de 9:00 de la ma\u00f1ana a 2:00 de la tarde.<\/p>\n\n\n\n<p>La feria en La Romana ser\u00e1 realizada en la Regional del Infotep en la Carretera La Romana \u2013 San Pedro \u2013 Villa Hermosa.<\/p>\n\n\n\n<p>Las vacantes de esta feria son&nbsp;<strong>82<\/strong>: T\u00e9cnico reparador, Voz\/DTH\/ADCL cobre, t\u00e9cnico reparador Voz\/DTH\/ADCL libra, t\u00e9cnico instalador IPTV GPON, t\u00e9cnico instalador IPTV cobre, gerente de ventas, supervisor de ventas, asesor de ventas, promotor de ventas, representante de servicio envasadora, representante de servicio junior envasadora, t\u00e9cnico de mantenimiento, ayudante t\u00e9cnico GLP y conserje.<\/p>\n\n\n\n<p>En el Distrito Nacional la jornada ser\u00e1 en Sanut, en la Autopista Duarte Km 10 \u00bd<\/p>\n\n\n\n<p>Las vacantes en esta jornada son&nbsp;<strong>60<\/strong>: Analista desarrollo, capacitaci\u00f3n y bienestar, auxiliar de reclutamiento, auxiliar administrativo, encargado de agrotienda, gestor de cuenta, coordinador de proyectos, promotor de venta, coordinador de compras, auxiliar de servicio, acomodador, cajera, delicatesen, analista auditor\u00eda y control, analista de contabilidad,&nbsp; contador, auxiliar contabilidad, auditor commodities, auditor prote\u00ednas granja, encargado de cr\u00e9ditos y cobros.<\/p>\n\n\n\n<p>Analista control de calidad, analista inspecci\u00f3n de calidad, analista de proceso (Pasante), ayudante de despacho, ayudante perecedero, ayudante de operaciones, coordinador de producci\u00f3n, operador de planta, operador montacargas, chef de cocina, carnicero, analista de inventario, ayudante de limpieza, gondoleros, delivery y seguridad \/ CCTV.<\/p>\n\n\n\n<p>El Ministerio de Trabajo aclara que el proceso de reclutamiento depende de cada empresa, algunas de ellas toman un poco m\u00e1s de tiempo, debido a la naturaleza de sus vacantes.<\/p>\n\n\n\n<p>Los interesados favor registrarse en la p\u00e1gina web:&nbsp;<strong><a href=\"http:\/\/rdtrabaja.mt.gob.do\/\" target=\"_blank\" rel=\"noreferrer noopener\">rdtrabaja.mt.gob.do<\/a><\/strong>&nbsp;o llamar a los tel\u00e9fonos: (809) 550 &#8211; 6970, (809) 556- 2348 y (809) 535- 4404 Exts desde la 3115 hasta 3122.<\/p>\n\n\n\n<figure class=\"wp-block-image size-large\"><img loading=\"lazy\" decoding=\"async\" width=\"1024\" height=\"682\" src=\"https:\/\/elmundodelapolitica.com\/v1\/wp-content\/uploads\/2024\/04\/0-2-1024x682.jpg\" alt=\"\" class=\"wp-image-5908\" srcset=\"https:\/\/elmundodelapolitica.com\/v1\/wp-content\/uploads\/2024\/04\/0-2-1024x682.jpg 1024w, https:\/\/elmundodelapolitica.com\/v1\/wp-content\/uploads\/2024\/04\/0-2-300x200.jpg 300w, https:\/\/elmundodelapolitica.com\/v1\/wp-content\/uploads\/2024\/04\/0-2-768x512.jpg 768w, https:\/\/elmundodelapolitica.com\/v1\/wp-content\/uploads\/2024\/04\/0-2.jpg 1280w\" sizes=\"auto, (max-width: 1024px) 100vw, 1024px\" \/><\/figure>\n","protected":false},"excerpt":{"rendered":"<p>Santo Domingo,&nbsp;R.D. Marzo 20, 2024.-&nbsp;El Ministerio de Trabajo en su funci\u00f3n de intermediario de las empresas que necesitan cubrir sus vacantes disponibles, invita a las personas interesadas a participar en&hellip; <\/p>\n","protected":false},"author":2,"featured_media":5908,"comment_status":"open","ping_status":"open","sticky":false,"template":"","format":"standard","meta":{"fifu_image_url":"","fifu_image_alt":"","footnotes":""},"categories":[22],"tags":[],"class_list":["post-5906","post","type-post","status-publish","format-standard","has-post-thumbnail","hentry","category-gerencia"],"_links":{"self":[{"href":"https:\/\/elmundodelapolitica.com\/v1\/wp-json\/wp\/v2\/posts\/5906","targetHints":{"allow":["GET"]}}],"collection":[{"href":"https:\/\/elmundodelapolitica.com\/v1\/wp-json\/wp\/v2\/posts"}],"about":[{"href":"https:\/\/elmundodelapolitica.com\/v1\/wp-json\/wp\/v2\/types\/post"}],"author":[{"embeddable":true,"href":"https:\/\/elmundodelapolitica.com\/v1\/wp-json\/wp\/v2\/users\/2"}],"replies":[{"embeddable":true,"href":"https:\/\/elmundodelapolitica.com\/v1\/wp-json\/wp\/v2\/comments?post=5906"}],"version-history":[{"count":1,"href":"https:\/\/elmundodelapolitica.com\/v1\/wp-json\/wp\/v2\/posts\/5906\/revisions"}],"predecessor-version":[{"id":5909,"href":"https:\/\/elmundodelapolitica.com\/v1\/wp-json\/wp\/v2\/posts\/5906\/revisions\/5909"}],"wp:featuredmedia":[{"embeddable":true,"href":"https:\/\/elmundodelapolitica.com\/v1\/wp-json\/wp\/v2\/media\/5908"}],"wp:attachment":[{"href":"https:\/\/elmundodelapolitica.com\/v1\/wp-json\/wp\/v2\/media?parent=5906"}],"wp:term":[{"taxonomy":"category","embeddable":true,"href":"https:\/\/elmundodelapolitica.com\/v1\/wp-json\/wp\/v2\/categories?post=5906"},{"taxonomy":"post_tag","embeddable":true,"href":"https:\/\/elmundodelapolitica.com\/v1\/wp-json\/wp\/v2\/tags?post=5906"}],"curies":[{"name":"wp","href":"https:\/\/api.w.org\/{rel}","templated":true}]}}