{"id":5902,"date":"2024-04-08T17:31:57","date_gmt":"2024-04-08T21:31:57","guid":{"rendered":"https:\/\/elmundodelapolitica.com\/v1\/?p=5902"},"modified":"2024-04-08T17:31:59","modified_gmt":"2024-04-08T21:31:59","slug":"de-camps-garcia-asegura-debates-presidenciales-ejemplo-cambio-en-politica","status":"publish","type":"post","link":"https:\/\/elmundodelapolitica.com\/v1\/de-camps-garcia-asegura-debates-presidenciales-ejemplo-cambio-en-politica\/","title":{"rendered":"De Camps Garcia asegura debates presidenciales ejemplo cambio en pol\u00edtica"},"content":{"rendered":"\n<p>Santo Domingo, Rep\u00fablica Dominicana &#8211; 18 de marzo, 2024.- El presidente del Partido Revolucionario Social Dem\u00f3crata (PRSD), Luis Miguel De Camps, destac\u00f3 hoy los debates presidenciales organizados por la Asociaci\u00f3n Nacional de J\u00f3venes Empresarios (ANJE) como un ejemplo de democracia participativa y di\u00e1logo abierto en el proceso electoral.<\/p>\n\n\n\n<p>De Camps elogi\u00f3 la iniciativa de ANJE de organizar estos debates como un espacio crucial para que los candidatos presidenciales presenten sus propuestas y visiones para el futuro de la naci\u00f3n. Destac\u00f3 la importancia de este tipo de eventos en el fortalecimiento de la democracia dominicana y en la toma de decisiones informadas por parte de la ciudadan\u00eda.<\/p>\n\n\n\n<p>Asimismo, el presidente del Partido del Toro resalt\u00f3 el compromiso con la transparencia y la participaci\u00f3n democr\u00e1tica al mencionar que el primer candidato en aceptar la invitaci\u00f3n a estos debates fue el presidente de la Rep\u00fablica, Luis Abinader. Este gesto, seg\u00fan De Camps, demuestra la disposici\u00f3n del presidente Abinader y del Partido Revolucionario Moderno (PRM) para promover un di\u00e1logo abierto y constructivo con la ciudadan\u00eda.<\/p>\n\n\n\n<p>\"La aceptaci\u00f3n temprana de la invitaci\u00f3n a los debates por parte del presidente Abinader demuestra su compromiso con la transparencia y la rendici\u00f3n de cuentas. Esto es un claro mensaje de apertura y respeto por la democracia\u201d, destac\u00f3.<\/p>\n\n\n\n<p>Es importante se\u00f1alar que el presidente Abinader es el candidato del PRSD como partido aliado al PRM para las elecciones que se celebrar\u00e1n el pr\u00f3ximo 19 de mayo, lo que refuerza el compromiso conjunto de ambas fuerzas pol\u00edticas con el fortalecimiento de la democracia y el desarrollo del pa\u00eds.<\/p>\n\n\n\n<p>De Camps reafirm\u00f3 el compromiso del PRSD con la transparencia, la participaci\u00f3n ciudadana y el respeto por las instituciones democr\u00e1ticas, invitando a todos los dominicanos a estar atentos y participar activamente en los debates presidenciales para tomar decisiones informadas en las pr\u00f3ximas elecciones.<\/p>\n\n\n\n<figure class=\"wp-block-image size-large\"><img loading=\"lazy\" decoding=\"async\" width=\"1024\" height=\"682\" src=\"https:\/\/elmundodelapolitica.com\/v1\/wp-content\/uploads\/2024\/04\/0-1024x682.jpg\" alt=\"\" class=\"wp-image-5903\" srcset=\"https:\/\/elmundodelapolitica.com\/v1\/wp-content\/uploads\/2024\/04\/0-1024x682.jpg 1024w, https:\/\/elmundodelapolitica.com\/v1\/wp-content\/uploads\/2024\/04\/0-300x200.jpg 300w, https:\/\/elmundodelapolitica.com\/v1\/wp-content\/uploads\/2024\/04\/0-768x512.jpg 768w, https:\/\/elmundodelapolitica.com\/v1\/wp-content\/uploads\/2024\/04\/0.jpg 1280w\" sizes=\"auto, (max-width: 1024px) 100vw, 1024px\" \/><\/figure>\n","protected":false},"excerpt":{"rendered":"<p>Santo Domingo, Rep\u00fablica Dominicana &#8211; 18 de marzo, 2024.- El presidente del Partido Revolucionario Social Dem\u00f3crata (PRSD), Luis Miguel De Camps, destac\u00f3 hoy los debates presidenciales organizados por la Asociaci\u00f3n&hellip; <\/p>\n","protected":false},"author":2,"featured_media":5903,"comment_status":"open","ping_status":"open","sticky":false,"template":"","format":"standard","meta":{"fifu_image_url":"","fifu_image_alt":"","footnotes":""},"categories":[10],"tags":[],"class_list":["post-5902","post","type-post","status-publish","format-standard","has-post-thumbnail","hentry","category-marketing-politico"],"_links":{"self":[{"href":"https:\/\/elmundodelapolitica.com\/v1\/wp-json\/wp\/v2\/posts\/5902","targetHints":{"allow":["GET"]}}],"collection":[{"href":"https:\/\/elmundodelapolitica.com\/v1\/wp-json\/wp\/v2\/posts"}],"about":[{"href":"https:\/\/elmundodelapolitica.com\/v1\/wp-json\/wp\/v2\/types\/post"}],"author":[{"embeddable":true,"href":"https:\/\/elmundodelapolitica.com\/v1\/wp-json\/wp\/v2\/users\/2"}],"replies":[{"embeddable":true,"href":"https:\/\/elmundodelapolitica.com\/v1\/wp-json\/wp\/v2\/comments?post=5902"}],"version-history":[{"count":1,"href":"https:\/\/elmundodelapolitica.com\/v1\/wp-json\/wp\/v2\/posts\/5902\/revisions"}],"predecessor-version":[{"id":5904,"href":"https:\/\/elmundodelapolitica.com\/v1\/wp-json\/wp\/v2\/posts\/5902\/revisions\/5904"}],"wp:featuredmedia":[{"embeddable":true,"href":"https:\/\/elmundodelapolitica.com\/v1\/wp-json\/wp\/v2\/media\/5903"}],"wp:attachment":[{"href":"https:\/\/elmundodelapolitica.com\/v1\/wp-json\/wp\/v2\/media?parent=5902"}],"wp:term":[{"taxonomy":"category","embeddable":true,"href":"https:\/\/elmundodelapolitica.com\/v1\/wp-json\/wp\/v2\/categories?post=5902"},{"taxonomy":"post_tag","embeddable":true,"href":"https:\/\/elmundodelapolitica.com\/v1\/wp-json\/wp\/v2\/tags?post=5902"}],"curies":[{"name":"wp","href":"https:\/\/api.w.org\/{rel}","templated":true}]}}