{"id":5894,"date":"2024-03-12T18:18:03","date_gmt":"2024-03-12T22:18:03","guid":{"rendered":"https:\/\/elmundodelapolitica.com\/v1\/?p=5894"},"modified":"2024-03-12T18:19:17","modified_gmt":"2024-03-12T22:19:17","slug":"en-podcast-leonel-converso-con-jovenes-sobre-tecnologia-e-innovacion-para-lograr-desarrollo","status":"publish","type":"post","link":"https:\/\/elmundodelapolitica.com\/v1\/en-podcast-leonel-converso-con-jovenes-sobre-tecnologia-e-innovacion-para-lograr-desarrollo\/","title":{"rendered":"En podcast Leonel convers\u00f3 con j\u00f3venes sobre tecnolog\u00eda e innovaci\u00f3n para lograr desarrollo"},"content":{"rendered":"\n<p>SANTO DOMINGO, R.D. Marzo  2024.- El candidato presidencial del partido Fuerza del Pueblo (FP), Leonel Fern\u00e1ndez, present\u00f3 una nueva entrega de su podcast, \"El Rugido del Le\u00f3n\", donde convers\u00f3 con tres j\u00f3venes sobre tecnolog\u00eda e innovaci\u00f3n para lograr el desarrollo de la Rep\u00fablica Dominicana.<\/p>\n\n\n\n<p>En este episodio del podcast, Fern\u00e1ndez abord\u00f3 cuatro temas: el papel de la tecnolog\u00eda en la transformaci\u00f3n del pa\u00eds, comunicaciones y conectividad, tecnolog\u00eda en la educaci\u00f3n y tecnolog\u00eda y seguridad.<\/p>\n\n\n\n<p>Durante aproximadamente una hora, el l\u00edder pol\u00edtico &nbsp;opositor dialog\u00f3 con los j\u00f3venes Juan Luis Lozada, fundador de Ubicua, una plataforma virtual de aprendizaje continuo para docentes de Am\u00e9rica Latina y el Caribe; G\u00e9nesis Jim\u00e9nez, estudiante de ingenier\u00eda en inteligencia artificial y desarrolladora junior en el ITLA, co-creadora de un biodigestor que produce energ\u00eda el\u00e9ctrica y biog\u00e1s con el sargazo; y Enmanuel Henr\u00edquez, estudiante de mecatr\u00f3nica en el ITLA.<\/p>\n\n\n\n<p>El exmandatario dominicano comparti\u00f3 una an\u00e9cdota sobre un viaje oficial a Estados Unidos, donde visitaron las instalaciones de Microsoft y encontraron en la tienda de regalos una gorra con la etiqueta \"Made in Dominican Republic\".<\/p>\n\n\n\n<p>Este hecho lo llev\u00f3 a reflexionar sobre la importancia de combinar la manufactura con la mentefactura, es decir, lo que hacemos con las manos y lo que hacemos con la mente.<\/p>\n\n\n\n<p>Se\u00f1al\u00f3 que este enfoque es crucial para el desarrollo de la Rep\u00fablica Dominicana y forma parte de su programa de gobierno para el per\u00edodo 2024-2028, el cual contempla una nueva ola de transformaciones en diversos \u00e1mbitos.<\/p>\n\n\n\n<p>Durante la conversaci\u00f3n, los j\u00f3venes explicaron la necesidad de establecer normas \u00e9ticas internacionales para el uso de la inteligencia artificial.<\/p>\n\n\n\n<p>Adem\u00e1s, presentaron programas educativos que utilizan esta tecnolog\u00eda para mejorar la ense\u00f1anza en los centros escolares, as\u00ed como para prevenir y perseguir cr\u00edmenes y delitos, entre otros.<\/p>\n\n\n\n<figure class=\"wp-block-image size-large\"><img loading=\"lazy\" decoding=\"async\" width=\"1024\" height=\"576\" src=\"https:\/\/elmundodelapolitica.com\/v1\/wp-content\/uploads\/2024\/03\/0-1-1024x576.png\" alt=\"\" class=\"wp-image-5895\" srcset=\"https:\/\/elmundodelapolitica.com\/v1\/wp-content\/uploads\/2024\/03\/0-1-1024x576.png 1024w, https:\/\/elmundodelapolitica.com\/v1\/wp-content\/uploads\/2024\/03\/0-1-300x169.png 300w, https:\/\/elmundodelapolitica.com\/v1\/wp-content\/uploads\/2024\/03\/0-1-768x432.png 768w, https:\/\/elmundodelapolitica.com\/v1\/wp-content\/uploads\/2024\/03\/0-1.png 1525w\" sizes=\"auto, (max-width: 1024px) 100vw, 1024px\" \/><\/figure>\n","protected":false},"excerpt":{"rendered":"<p>SANTO DOMINGO, R.D. Marzo 2024.- El candidato presidencial del partido Fuerza del Pueblo (FP), Leonel Fern\u00e1ndez, present\u00f3 una nueva entrega de su podcast, \"El Rugido del Le\u00f3n\", donde convers\u00f3 con&hellip; <\/p>\n","protected":false},"author":2,"featured_media":5895,"comment_status":"open","ping_status":"open","sticky":false,"template":"","format":"standard","meta":{"fifu_image_url":"","fifu_image_alt":"","footnotes":""},"categories":[36],"tags":[],"class_list":["post-5894","post","type-post","status-publish","format-standard","has-post-thumbnail","hentry","category-tecnologia"],"_links":{"self":[{"href":"https:\/\/elmundodelapolitica.com\/v1\/wp-json\/wp\/v2\/posts\/5894","targetHints":{"allow":["GET"]}}],"collection":[{"href":"https:\/\/elmundodelapolitica.com\/v1\/wp-json\/wp\/v2\/posts"}],"about":[{"href":"https:\/\/elmundodelapolitica.com\/v1\/wp-json\/wp\/v2\/types\/post"}],"author":[{"embeddable":true,"href":"https:\/\/elmundodelapolitica.com\/v1\/wp-json\/wp\/v2\/users\/2"}],"replies":[{"embeddable":true,"href":"https:\/\/elmundodelapolitica.com\/v1\/wp-json\/wp\/v2\/comments?post=5894"}],"version-history":[{"count":2,"href":"https:\/\/elmundodelapolitica.com\/v1\/wp-json\/wp\/v2\/posts\/5894\/revisions"}],"predecessor-version":[{"id":5898,"href":"https:\/\/elmundodelapolitica.com\/v1\/wp-json\/wp\/v2\/posts\/5894\/revisions\/5898"}],"wp:featuredmedia":[{"embeddable":true,"href":"https:\/\/elmundodelapolitica.com\/v1\/wp-json\/wp\/v2\/media\/5895"}],"wp:attachment":[{"href":"https:\/\/elmundodelapolitica.com\/v1\/wp-json\/wp\/v2\/media?parent=5894"}],"wp:term":[{"taxonomy":"category","embeddable":true,"href":"https:\/\/elmundodelapolitica.com\/v1\/wp-json\/wp\/v2\/categories?post=5894"},{"taxonomy":"post_tag","embeddable":true,"href":"https:\/\/elmundodelapolitica.com\/v1\/wp-json\/wp\/v2\/tags?post=5894"}],"curies":[{"name":"wp","href":"https:\/\/api.w.org\/{rel}","templated":true}]}}