{"id":5884,"date":"2024-03-12T18:09:45","date_gmt":"2024-03-12T22:09:45","guid":{"rendered":"https:\/\/elmundodelapolitica.com\/v1\/?p=5884"},"modified":"2024-03-12T18:09:47","modified_gmt":"2024-03-12T22:09:47","slug":"vaticina-de-camps-garcia-victoria-abinader-en-elecciones-profundizara-transformaciones-rd","status":"publish","type":"post","link":"https:\/\/elmundodelapolitica.com\/v1\/vaticina-de-camps-garcia-victoria-abinader-en-elecciones-profundizara-transformaciones-rd\/","title":{"rendered":"Vaticina De Camps Garcia victoria Abinader en elecciones profundizar\u00e1 transformaciones RD"},"content":{"rendered":"\n<p><strong>Santo Domingo,<\/strong>\u00a0R.D. Marzo  2024.-El presidente del Partido Revolucionario Social Dem\u00f3crata (PRSD), Luis Miguel De Camps, ratific\u00f3 el apoyo de esa organizaci\u00f3n a la candidatura del actual mandatario de la Rep\u00fablica, Luis Abinader, por el Partido Revolucionario Moderno (PRM), para las elecciones presidenciales del pr\u00f3ximo mes de mayo.<\/p>\n\n\n\n<p>Durante una entrevista en el programa Telematutino, De Camps record\u00f3 el a\u00f1o 2019 cuando el PRSD fue el primer partido que proclam\u00f3 como candidato a Luis Abinader: \u201cLo hicimos porque estuvimos confiados de la capacidad de compromiso con el plan de trabajo; y el tiempo, gracias a Dios, le ha dado la raz\u00f3n al pa\u00eds, y nos ha dado la raz\u00f3n tambi\u00e9n a nosotros como partido\u201d, expres\u00f3.<\/p>\n\n\n\n<p>De acuerdo con las declaraciones del l\u00edder del PRSD, la coalici\u00f3n de este partido valora la actual gesti\u00f3n de gobierno del PRM de manera positiva, debido a su comprobado compromiso con la institucionalidad y&nbsp; en su impulso de transformaciones significativas en beneficio de la democracia y la constitucionalidad.<\/p>\n\n\n\n<p>\u201cPor lo tanto, tenemos que apoyar eso. Y en esa direcci\u00f3n, en las elecciones del pr\u00f3ximo mayo, nosotros entendemos que vamos no solamente a poder lograr la victoria con el presidente Luis Abinader, sino que con esa victoria fortalecida vamos a potenciar y profundizar los cambios y transformaciones que implica el fortalecimiento democr\u00e1tico e institucional\u201d, se\u00f1al\u00f3 De Camps.&nbsp;<\/p>\n\n\n\n<p>Durante las elecciones de 2020, el PRSD, forj\u00f3 una alianza estrat\u00e9gica con el PRM. Esta colaboraci\u00f3n se ha mantenido a nivel presidencial, mientras que, en la esfera congresual, el partido ha decidido postular algunos candidatos propios en ciertas provincias, aunque en t\u00e9rminos generales respaldan la propuesta del PRM.<\/p>\n\n\n\n<p>En la presente coyuntura, la coalici\u00f3n conformada por el PRM, el PRSD y sus aliados ha planificado y ejecutado diversas iniciativas en varias regiones del pa\u00eds para respaldar la candidatura presidencial de Luis Abinader. Estas acciones han congregado a una amplia participaci\u00f3n de votantes, evidenciando un s\u00f3lido respaldo a la propuesta.<\/p>\n\n\n\n<figure class=\"wp-block-image size-large\"><img loading=\"lazy\" decoding=\"async\" width=\"1024\" height=\"682\" src=\"https:\/\/elmundodelapolitica.com\/v1\/wp-content\/uploads\/2024\/03\/0-1024x682.jpg\" alt=\"\" class=\"wp-image-5885\" srcset=\"https:\/\/elmundodelapolitica.com\/v1\/wp-content\/uploads\/2024\/03\/0-1024x682.jpg 1024w, https:\/\/elmundodelapolitica.com\/v1\/wp-content\/uploads\/2024\/03\/0-300x200.jpg 300w, https:\/\/elmundodelapolitica.com\/v1\/wp-content\/uploads\/2024\/03\/0-768x512.jpg 768w, https:\/\/elmundodelapolitica.com\/v1\/wp-content\/uploads\/2024\/03\/0.jpg 1376w\" sizes=\"auto, (max-width: 1024px) 100vw, 1024px\" \/><\/figure>\n","protected":false},"excerpt":{"rendered":"<p>Santo Domingo,\u00a0R.D. Marzo 2024.-El presidente del Partido Revolucionario Social Dem\u00f3crata (PRSD), Luis Miguel De Camps, ratific\u00f3 el apoyo de esa organizaci\u00f3n a la candidatura del actual mandatario de la Rep\u00fablica,&hellip; <\/p>\n","protected":false},"author":2,"featured_media":5885,"comment_status":"open","ping_status":"open","sticky":false,"template":"","format":"standard","meta":{"fifu_image_url":"","fifu_image_alt":"","footnotes":""},"categories":[9],"tags":[],"class_list":["post-5884","post","type-post","status-publish","format-standard","has-post-thumbnail","hentry","category-elecciones"],"_links":{"self":[{"href":"https:\/\/elmundodelapolitica.com\/v1\/wp-json\/wp\/v2\/posts\/5884","targetHints":{"allow":["GET"]}}],"collection":[{"href":"https:\/\/elmundodelapolitica.com\/v1\/wp-json\/wp\/v2\/posts"}],"about":[{"href":"https:\/\/elmundodelapolitica.com\/v1\/wp-json\/wp\/v2\/types\/post"}],"author":[{"embeddable":true,"href":"https:\/\/elmundodelapolitica.com\/v1\/wp-json\/wp\/v2\/users\/2"}],"replies":[{"embeddable":true,"href":"https:\/\/elmundodelapolitica.com\/v1\/wp-json\/wp\/v2\/comments?post=5884"}],"version-history":[{"count":1,"href":"https:\/\/elmundodelapolitica.com\/v1\/wp-json\/wp\/v2\/posts\/5884\/revisions"}],"predecessor-version":[{"id":5886,"href":"https:\/\/elmundodelapolitica.com\/v1\/wp-json\/wp\/v2\/posts\/5884\/revisions\/5886"}],"wp:featuredmedia":[{"embeddable":true,"href":"https:\/\/elmundodelapolitica.com\/v1\/wp-json\/wp\/v2\/media\/5885"}],"wp:attachment":[{"href":"https:\/\/elmundodelapolitica.com\/v1\/wp-json\/wp\/v2\/media?parent=5884"}],"wp:term":[{"taxonomy":"category","embeddable":true,"href":"https:\/\/elmundodelapolitica.com\/v1\/wp-json\/wp\/v2\/categories?post=5884"},{"taxonomy":"post_tag","embeddable":true,"href":"https:\/\/elmundodelapolitica.com\/v1\/wp-json\/wp\/v2\/tags?post=5884"}],"curies":[{"name":"wp","href":"https:\/\/api.w.org\/{rel}","templated":true}]}}