{"id":5875,"date":"2024-02-16T18:46:12","date_gmt":"2024-02-16T22:46:12","guid":{"rendered":"https:\/\/elmundodelapolitica.com\/v1\/?p=5875"},"modified":"2024-02-16T18:46:19","modified_gmt":"2024-02-16T22:46:19","slug":"pena-llama-votar-por-candidatos-alcaldes-y-regidores-de-generacion-servidores","status":"publish","type":"post","link":"https:\/\/elmundodelapolitica.com\/v1\/pena-llama-votar-por-candidatos-alcaldes-y-regidores-de-generacion-servidores\/","title":{"rendered":"Pe\u00f1a llama votar por candidatos alcaldes y regidores de Generaci\u00f3n Servidores"},"content":{"rendered":"\n<p>En un multitudinario acto pol\u00edtico en el municipio de San Juan de la Maguana, el candidato presidencial, pastor Carlos Pe\u00f1a, llam\u00f3 al pueblo dominicano a acudir a las urnas este pr\u00f3ximo domingo 18 de febrero a votar masivamente en la casilla n\u00famero 28 por los candidatos a alcaldes y regidores del Partido Generaci\u00f3n de Servidores, GenS, porque seg\u00fan el l\u00edder del partido color celeste, ah\u00ed estar\u00e1n los candidatos serios y honrados del pa\u00eds.<\/p>\n\n\n\n<p>\u201cEn la casilla 28 del Partido Generaci\u00f3n de Servidores, GenS, usted no encontrar\u00e1 narcotraficantes, ladrones ni corruptos, sino, hombres y mujeres honorables, que han venido a la pol\u00edtica a servir, no a ser servidos. Ah\u00ed estar\u00e1n los candidatos a alcaldes y regidores que nos ayudar\u00e1n a transformar definitivamente la Rep\u00fablica Dominicana en la naci\u00f3n que todos los dominicanos merecemos\u201d, expres\u00f3 Carlos Pe\u00f1a mientras se dirig\u00eda a la multitud.<\/p>\n\n\n\n<p>El Ingeniero Carlos Pe\u00f1a se comprometi\u00f3 que una vez en el poder, construir\u00e1 el contraembalse de la Presa de Sabaneta y la Presa sobre el r\u00edo Mijo, con lo que duplicar\u00eda la cantidad de agua disponible para la producci\u00f3n agropecuaria en la provincia San Juan, as\u00ed como para el consumo humano y producci\u00f3n energ\u00e9tica. Del mismo modo el exlegislador prometi\u00f3 construir la carretera que comunicar\u00e1 a San Juan con Santiago y anunci\u00f3 que ya tiene los planos y dise\u00f1o de la misma.<\/p>\n\n\n\n<p>Carlos Pe\u00f1a pidi\u00f3 a los mun\u00edcipes de San Juan de la Maguana votar por la profesora Leonor Ram\u00edrez como alcaldesa de esa demarcaci\u00f3n, resaltando las cualidades de la candidata de GenS y de todos los candidatos a regidores que le acompa\u00f1an. En el acto particip\u00f3 tambi\u00e9n el candidato a senador y secretario general del partido celeste, licenciado Obispo Montero, as\u00ed como los candidatos a diputados pastora Ruth Taveras y el pastor Carlos Castillo.<\/p>\n\n\n\n<figure class=\"wp-block-image\"><img decoding=\"async\" src=\"blob:https:\/\/elmundodelapolitica.com\/a5bbbd6d-d327-49bf-a894-bf9ba9e50b14\" alt=\"\"\/><\/figure>\n","protected":false},"excerpt":{"rendered":"<p>En un multitudinario acto pol\u00edtico en el municipio de San Juan de la Maguana, el candidato presidencial, pastor Carlos Pe\u00f1a, llam\u00f3 al pueblo dominicano a acudir a las urnas este&hellip; <\/p>\n","protected":false},"author":2,"featured_media":5876,"comment_status":"open","ping_status":"open","sticky":false,"template":"","format":"standard","meta":{"fifu_image_url":"","fifu_image_alt":"","footnotes":""},"categories":[9],"tags":[],"class_list":["post-5875","post","type-post","status-publish","format-standard","has-post-thumbnail","hentry","category-elecciones"],"_links":{"self":[{"href":"https:\/\/elmundodelapolitica.com\/v1\/wp-json\/wp\/v2\/posts\/5875","targetHints":{"allow":["GET"]}}],"collection":[{"href":"https:\/\/elmundodelapolitica.com\/v1\/wp-json\/wp\/v2\/posts"}],"about":[{"href":"https:\/\/elmundodelapolitica.com\/v1\/wp-json\/wp\/v2\/types\/post"}],"author":[{"embeddable":true,"href":"https:\/\/elmundodelapolitica.com\/v1\/wp-json\/wp\/v2\/users\/2"}],"replies":[{"embeddable":true,"href":"https:\/\/elmundodelapolitica.com\/v1\/wp-json\/wp\/v2\/comments?post=5875"}],"version-history":[{"count":1,"href":"https:\/\/elmundodelapolitica.com\/v1\/wp-json\/wp\/v2\/posts\/5875\/revisions"}],"predecessor-version":[{"id":5877,"href":"https:\/\/elmundodelapolitica.com\/v1\/wp-json\/wp\/v2\/posts\/5875\/revisions\/5877"}],"wp:featuredmedia":[{"embeddable":true,"href":"https:\/\/elmundodelapolitica.com\/v1\/wp-json\/wp\/v2\/media\/5876"}],"wp:attachment":[{"href":"https:\/\/elmundodelapolitica.com\/v1\/wp-json\/wp\/v2\/media?parent=5875"}],"wp:term":[{"taxonomy":"category","embeddable":true,"href":"https:\/\/elmundodelapolitica.com\/v1\/wp-json\/wp\/v2\/categories?post=5875"},{"taxonomy":"post_tag","embeddable":true,"href":"https:\/\/elmundodelapolitica.com\/v1\/wp-json\/wp\/v2\/tags?post=5875"}],"curies":[{"name":"wp","href":"https:\/\/api.w.org\/{rel}","templated":true}]}}