{"id":5866,"date":"2024-02-16T18:37:33","date_gmt":"2024-02-16T22:37:33","guid":{"rendered":"https:\/\/elmundodelapolitica.com\/v1\/?p=5866"},"modified":"2024-02-16T18:37:35","modified_gmt":"2024-02-16T22:37:35","slug":"destaca-dominicanos-en-el-exterior-fundamentales-exito-gobierno-del-cambio","status":"publish","type":"post","link":"https:\/\/elmundodelapolitica.com\/v1\/destaca-dominicanos-en-el-exterior-fundamentales-exito-gobierno-del-cambio\/","title":{"rendered":"Destaca dominicanos en el exterior fundamentales \u00e9xito gobierno del \u00a0cambio"},"content":{"rendered":"\n<p><strong>Nueva York,<\/strong>\u00a0N.Y.,  febrero 2024.-Gloria Reyes, miembro de la direcci\u00f3n ejecutiva del Partido Revolucionario Moderno (PRM) sostuvo un encuentro con los dirigentes del partido oficialista en esa urbe, en el que reiter\u00f3 el compromiso del Presidente Luis Abinader con la comunidad dominicana en el exterior.<\/p>\n\n\n\n<p>Reyes, destac\u00f3 todo lo que est\u00e1 haciendo el gobierno dominicano para fortalecer el pa\u00eds y darle una mejor calidad de vida \u201ca los de aqu\u00ed y de all\u00e1\u201d.<\/p>\n\n\n<div class=\"wp-block-image\">\n<figure class=\"alignleft size-full is-resized\"><img loading=\"lazy\" decoding=\"async\" width=\"612\" height=\"917\" src=\"https:\/\/elmundodelapolitica.com\/v1\/wp-content\/uploads\/2024\/02\/0-6.jpg\" alt=\"\" class=\"wp-image-5867\" style=\"width:310px;height:auto\" srcset=\"https:\/\/elmundodelapolitica.com\/v1\/wp-content\/uploads\/2024\/02\/0-6.jpg 612w, https:\/\/elmundodelapolitica.com\/v1\/wp-content\/uploads\/2024\/02\/0-6-200x300.jpg 200w\" sizes=\"auto, (max-width: 612px) 100vw, 612px\" \/><\/figure>\n<\/div>\n\n\n<p>La reuni\u00f3n estuvo cargada de motivaci\u00f3n y propuestas de trabajo para promover el apoyo a los dominicanos en el exterior, quienes son parte&nbsp; fundamental del \u00e9xito del &nbsp;gobierno del cambio, asegur\u00f3.<\/p>\n\n\n\n<p>En el encuentro estuvieron presentes Julio Cesar Mateo, presidente del PRM en Nueva York; Jhon S\u00e1nchez, secretario general; Manuel Felix, Secretario de Organizaci\u00f3n; Johanna Miranda, vicepresidente; Rolando Machado, subsecretario general y Serv\u00eda Familia, diputada del exterior. Asimismo,&nbsp; Ignacio Aracena, Diputado de Santo Domingo Oeste y Cirilo Moronta, candidato a diputado por Circunscripci\u00f3n 01.<\/p>\n\n\n\n<p>El encuentro cont\u00f3 con la presencia adem\u00e1s de decenas de miembros del PRM, dirigentes de New Jersey, Rhode Island y los diferentes condados de New York, as\u00ed como un conjunto de seguidores.<\/p>\n","protected":false},"excerpt":{"rendered":"<p>Nueva York,\u00a0N.Y., febrero 2024.-Gloria Reyes, miembro de la direcci\u00f3n ejecutiva del Partido Revolucionario Moderno (PRM) sostuvo un encuentro con los dirigentes del partido oficialista en esa urbe, en el que&hellip; <\/p>\n","protected":false},"author":2,"featured_media":5867,"comment_status":"open","ping_status":"open","sticky":false,"template":"","format":"standard","meta":{"fifu_image_url":"","fifu_image_alt":"","footnotes":""},"categories":[5],"tags":[],"class_list":["post-5866","post","type-post","status-publish","format-standard","has-post-thumbnail","hentry","category-partidos"],"_links":{"self":[{"href":"https:\/\/elmundodelapolitica.com\/v1\/wp-json\/wp\/v2\/posts\/5866","targetHints":{"allow":["GET"]}}],"collection":[{"href":"https:\/\/elmundodelapolitica.com\/v1\/wp-json\/wp\/v2\/posts"}],"about":[{"href":"https:\/\/elmundodelapolitica.com\/v1\/wp-json\/wp\/v2\/types\/post"}],"author":[{"embeddable":true,"href":"https:\/\/elmundodelapolitica.com\/v1\/wp-json\/wp\/v2\/users\/2"}],"replies":[{"embeddable":true,"href":"https:\/\/elmundodelapolitica.com\/v1\/wp-json\/wp\/v2\/comments?post=5866"}],"version-history":[{"count":1,"href":"https:\/\/elmundodelapolitica.com\/v1\/wp-json\/wp\/v2\/posts\/5866\/revisions"}],"predecessor-version":[{"id":5868,"href":"https:\/\/elmundodelapolitica.com\/v1\/wp-json\/wp\/v2\/posts\/5866\/revisions\/5868"}],"wp:featuredmedia":[{"embeddable":true,"href":"https:\/\/elmundodelapolitica.com\/v1\/wp-json\/wp\/v2\/media\/5867"}],"wp:attachment":[{"href":"https:\/\/elmundodelapolitica.com\/v1\/wp-json\/wp\/v2\/media?parent=5866"}],"wp:term":[{"taxonomy":"category","embeddable":true,"href":"https:\/\/elmundodelapolitica.com\/v1\/wp-json\/wp\/v2\/categories?post=5866"},{"taxonomy":"post_tag","embeddable":true,"href":"https:\/\/elmundodelapolitica.com\/v1\/wp-json\/wp\/v2\/tags?post=5866"}],"curies":[{"name":"wp","href":"https:\/\/api.w.org\/{rel}","templated":true}]}}