{"id":5864,"date":"2024-02-11T15:45:44","date_gmt":"2024-02-11T19:45:44","guid":{"rendered":"https:\/\/elmundodelapolitica.com\/v1\/?p=5864"},"modified":"2024-02-11T15:45:46","modified_gmt":"2024-02-11T19:45:46","slug":"articulo-ovnis-el-arma-politica-definitiva","status":"publish","type":"post","link":"https:\/\/elmundodelapolitica.com\/v1\/articulo-ovnis-el-arma-politica-definitiva\/","title":{"rendered":"ARTICULO: OVNIS: \u00bfEl arma pol\u00edtica definitiva?"},"content":{"rendered":"\n<p>Por: Dr. Virgilio M. Malag\u00f3n \u00c1lvarez, PhD<\/p>\n\n\n\n<p><small>virgiliomalagonalvarez@gmail.com<\/small><\/p>\n\n\n\n<p>Para \u00abEl Mundo de los Negocios\u00bb y dem\u00e1s Multimedios de The Ballester Business &amp; Media Group, Inc.<\/p>\n\n\n\n<p>En los \u00faltimos a\u00f1os, el mundo ha sido testigo de un aumento de avistamientos e informes de ovnis, lo que ha despertado curiosidad, miedo y especulaci\u00f3n entre el p\u00fablico y los medios de comunicaci\u00f3n.<\/p>\n\n\n\n<p>\u00bfQu\u00e9 pasar\u00eda si estos misteriosos Objetos Voladores No Identificados (OVNI) no fueran simplemente visitantes de otro planeta, sino parte de una agenda pol\u00edtica secreta?<\/p>\n\n\n\n<p>Algunos expertos creen que los ovnis son en realidad tecnolog\u00eda avanzada desarrollada por ciertos pa\u00edses o grupos, que los utilizan para espiar, intimidar o manipular a sus rivales o enemigos. Por ejemplo, algunos analistas sugieren que los recientes avistamientos de ovnis sobre las bases militares e instalaciones nucleares de Estados Unidos fueron orquestados por China o Rusia, que quer\u00edan probar las capacidades de defensa de Estados Unidos y enviar un mensaje de su superioridad. Otros afirman que los ovnis vistos en Medio Oriente o \u00c1frica fueron desplegados por Estados Unidos o sus aliados, que quer\u00edan influir en el resultado de conflictos o elecciones en esas regiones.<\/p>\n\n\n\n<p>Pero: \u00bfPor qu\u00e9 estos actores utilizar\u00edan ovnis en lugar de armas o m\u00e9todos convencionales?&nbsp;<\/p>\n\n\n\n<p><strong>1-<\/strong>La respuesta es simple:&nbsp;<em>los ovnis ofrecen la ventaja \u00fanica de una negaci\u00f3n plausible.<\/em><\/p>\n\n\n\n<p>&nbsp;Dado que los ovnis no est\u00e1n oficialmente identificados ni explicados, pueden usarse para crear confusi\u00f3n, incertidumbre y dudas entre la poblaci\u00f3n objetivo, sin dejar ning\u00fan rastro o evidencia de su origen o prop\u00f3sito. De esta manera, los perpetradores pueden evitar cualquier responsabilidad por sus acciones, al tiempo que logran sus objetivos pol\u00edticos.<\/p>\n\n\n\n<p><strong><em>NOTA:<\/em><\/strong>&nbsp;<em>La negaci\u00f3n plausible es la capacidad de negar el conocimiento o la responsabilidad de una acci\u00f3n condenable cometida por otros en una organizaci\u00f3n, debido a la falta de pruebas que confirmen la participaci\u00f3n. Es una estrategia usada en pol\u00edtica, espionaje y otras situaciones para evitar las consecuencias de las actividades ilegales o impopulares. El t\u00e9rmino fue acu\u00f1ado por la CIA en los a\u00f1os 60 para describir la retenci\u00f3n de informaci\u00f3n a los altos funcionarios para protegerlos de las repercusiones.<\/em><\/p>\n\n\n\n<p><strong><em>2-<\/em><\/strong>Adem\u00e1s, los ovnis tambi\u00e9n pueden utilizarse para desviar la atenci\u00f3n de otras cuestiones o problemas, o para crear una falsa sensaci\u00f3n de urgencia o crisis. Por ejemplo, algunos te\u00f3ricos de la conspiraci\u00f3n sostienen que la reciente publicaci\u00f3n del informe del Pent\u00e1gono sobre los ovnis fue una distracci\u00f3n de la pandemia de COVID-19, la recesi\u00f3n econ\u00f3mica o el malestar social en Estados Unidos. Otros especulan que el fen\u00f3meno OVNI es parte de un plan m\u00e1s amplio para preparar al p\u00fablico para una falsa invasi\u00f3n extraterrestre, que ser\u00eda utilizada como pretexto para imponer una dictadura global o un nuevo orden mundial.<\/p>\n\n\n\n<p>Por supuesto, estas son s\u00f3lo teor\u00edas e hip\u00f3tesis, y no hay pruebas o evidencias concluyentes que las respalden. Sin embargo, SI plantean algunas preguntas y desaf\u00edos importantes para el futuro de la pol\u00edtica y la seguridad, veamos:<\/p>\n\n\n\n<p>a)-\u00bfC\u00f3mo podemos verificar la autenticidad y el origen de los ovnis?&nbsp;<\/p>\n\n\n\n<p>b)-\u00bfC\u00f3mo podemos prevenir o contrarrestar su uso indebido o abuso por parte de actores malintencionados?&nbsp;<\/p>\n\n\n\n<p>c)-\u00bfC\u00f3mo podemos proteger nuestra soberan\u00eda e intereses de posibles amenazas o interferencias desde \u201carriba\u201d?&nbsp;<\/p>\n\n\n\n<p>d)-\u00bf C\u00f3mo podemos afrontar el impacto psicol\u00f3gico y social de los ovnis en nuestras creencias, valores e identidades?<\/p>\n\n\n\n<p>\u00c9stas son las preguntas que debemos formular y responder antes de que sea demasiado tarde. Porque los ovnis no son s\u00f3lo un fen\u00f3meno cient\u00edfico o cultural, sino tambi\u00e9n pol\u00edtico; pueden ser el arma pol\u00edtica definitiva en el siglo XXI.<\/p>\n\n\n\n<p>En nuestro pa\u00eds, el fen\u00f3meno OVNI tambi\u00e9n toco las puertas de \u201cPalacio\u201d de una manera jocosa y MUY oportuna para agregar un elemento de hilaridad a la comparecencia presidencial.<\/p>\n\n\n\n<p>Finalmente, no tengo creencias como las que tienen algunos sectores sociales fan\u00e1ticos del fen\u00f3meno OVNI. S\u00f3lo me baso en hechos y pruebas. Seg\u00fan una encuesta reciente, el 45 por ciento de los acad\u00e9micos de alto nivel,&nbsp; cree que los extraterrestres han visitado la Tierra. Adem\u00e1s,&nbsp; algunos expertos sugieren que los ovnis son en realidad una tecnolog\u00eda avanzada desarrollada por ciertos pa\u00edses o grupos, que los utilizan para espiar, intimidar o manipular a sus rivales o enemigos. Otros argumentan que los ovnis son parte de un plan m\u00e1s amplio para preparar al p\u00fablico para una falsa invasi\u00f3n extraterrestre, que ser\u00eda utilizada como pretexto para imponer una dictadura global o un nuevo orden mundial. \u00c9stas son s\u00f3lo teor\u00edas e hip\u00f3tesis y no necesariamente reflejan la verdad. Adem\u00e1s, lo importante para mi es afrontar los males conocidos y estudiados del presente, de una manera efectiva y contundente y no, como santurrones imp\u00edos, esperar que \u201clos de arriba\u201d nos lo resuelvan. Am\u00e9n.<\/p>\n","protected":false},"excerpt":{"rendered":"<p>Por: Dr. Virgilio M. Malag\u00f3n \u00c1lvarez, PhD virgiliomalagonalvarez@gmail.com Para \u00abEl Mundo de los Negocios\u00bb y dem\u00e1s Multimedios de The Ballester Business &amp; Media Group, Inc. En los \u00faltimos a\u00f1os, el&hellip; <\/p>\n","protected":false},"author":2,"featured_media":284,"comment_status":"open","ping_status":"open","sticky":false,"template":"","format":"standard","meta":{"fifu_image_url":"","fifu_image_alt":"","footnotes":""},"categories":[4],"tags":[],"class_list":["post-5864","post","type-post","status-publish","format-standard","has-post-thumbnail","hentry","category-articulo"],"_links":{"self":[{"href":"https:\/\/elmundodelapolitica.com\/v1\/wp-json\/wp\/v2\/posts\/5864","targetHints":{"allow":["GET"]}}],"collection":[{"href":"https:\/\/elmundodelapolitica.com\/v1\/wp-json\/wp\/v2\/posts"}],"about":[{"href":"https:\/\/elmundodelapolitica.com\/v1\/wp-json\/wp\/v2\/types\/post"}],"author":[{"embeddable":true,"href":"https:\/\/elmundodelapolitica.com\/v1\/wp-json\/wp\/v2\/users\/2"}],"replies":[{"embeddable":true,"href":"https:\/\/elmundodelapolitica.com\/v1\/wp-json\/wp\/v2\/comments?post=5864"}],"version-history":[{"count":1,"href":"https:\/\/elmundodelapolitica.com\/v1\/wp-json\/wp\/v2\/posts\/5864\/revisions"}],"predecessor-version":[{"id":5865,"href":"https:\/\/elmundodelapolitica.com\/v1\/wp-json\/wp\/v2\/posts\/5864\/revisions\/5865"}],"wp:featuredmedia":[{"embeddable":true,"href":"https:\/\/elmundodelapolitica.com\/v1\/wp-json\/wp\/v2\/media\/284"}],"wp:attachment":[{"href":"https:\/\/elmundodelapolitica.com\/v1\/wp-json\/wp\/v2\/media?parent=5864"}],"wp:term":[{"taxonomy":"category","embeddable":true,"href":"https:\/\/elmundodelapolitica.com\/v1\/wp-json\/wp\/v2\/categories?post=5864"},{"taxonomy":"post_tag","embeddable":true,"href":"https:\/\/elmundodelapolitica.com\/v1\/wp-json\/wp\/v2\/tags?post=5864"}],"curies":[{"name":"wp","href":"https:\/\/api.w.org\/{rel}","templated":true}]}}