{"id":5860,"date":"2024-02-08T13:47:59","date_gmt":"2024-02-08T17:47:59","guid":{"rendered":"https:\/\/elmundodelapolitica.com\/v1\/?p=5860"},"modified":"2024-02-08T13:48:22","modified_gmt":"2024-02-08T17:48:22","slug":"ex-presidente-fernandez-lanzara-primer-podcast-de-un-candidato-presidencial-rd","status":"publish","type":"post","link":"https:\/\/elmundodelapolitica.com\/v1\/ex-presidente-fernandez-lanzara-primer-podcast-de-un-candidato-presidencial-rd\/","title":{"rendered":"Ex Presidente Fernandez lanzar\u00e1 primer podcast de un candidato presidencial RD"},"content":{"rendered":"\n<p>Santo Domingo, R.D. Febrero 2024.- El candidato presidencial del partido Fuerza del Pueblo (FP), Leonel Fern\u00e1ndez, anunci\u00f3 que este 7 de febrero, lanzar\u00e1 \u201cEl Rugido del Le\u00f3n\u201d, primer podcast de un candidato presidencial en la Rep\u00fablica Dominicana.<\/p>\n\n\n\n<p>En un corto video, el l\u00edder de la oposici\u00f3n pol\u00edtica dominicana, inform\u00f3 que m\u00e1s que un podcast, \u201ces un puente hacia un ma\u00f1ana mejor, donde exploramos los desaf\u00edos actuales, la transformaci\u00f3n necesaria y la visi\u00f3n compartida de una naci\u00f3n m\u00e1s pr\u00f3spera\u201d.<\/p>\n\n\n\n<p>Fern\u00e1ndez, invita a que le acompa\u00f1en a lo que describe como un \u201cemocionante viaje, desde la reflexi\u00f3n, hacia una visi\u00f3n de futuro, que no solo mejore, sino que transforme positivamente la vida de cada uno de ustedes\u201d.<\/p>\n\n\n\n<p>El nuevo espacio de intercambio de ideas que iniciar\u00e1 d\u00eda el 7 de este mes de febrero, ser\u00e1 conducido por el propio Leonel Fern\u00e1ndez, de acuerdo a las publicaciones que este realiz\u00f3 en sus redes sociales.<\/p>\n\n\n\n<p>El expresidente de la Rep\u00fablica Dominicana, que es reconocido por ser innovador, con buen uso de la palabra y, poseer una visi\u00f3n clara del futuro, lo que le ha permitido siempre estar un paso delante de los dem\u00e1s pol\u00edticos nacionales, ahora con este podcast estar\u00eda reflexionando sobre el pa\u00eds que todos queremos, permiti\u00e9ndole as\u00ed conectar a\u00fan m\u00e1s con la poblaci\u00f3n.<\/p>\n\n\n\n<p>Fern\u00e1ndez, que al d\u00eda de hoy se proyecta como el gran ganador del pr\u00f3ximo torneo electoral presidencial y los candidatos municipales que presenta su partido con amplias posibilidades de triunfo el 18 de febrero, pues todas las encuestas, incluso en las del gobierno, lo colocan como el \u00fanico que ha multiplicado su aceptaci\u00f3n en el electorado en los \u00faltimos 4 a\u00f1os, cuando los dem\u00e1s han descendido, ahora con este iniciativa de reflexi\u00f3n, es seguro que avanzar\u00e1 m\u00e1s en los objetivos de volver a subir las escalinatas del Palacio Nacional.<\/p>\n\n\n\n<figure class=\"wp-block-image size-large\"><img loading=\"lazy\" decoding=\"async\" width=\"1024\" height=\"576\" src=\"https:\/\/elmundodelapolitica.com\/v1\/wp-content\/uploads\/2024\/02\/0-1-1024x576.png\" alt=\"\" class=\"wp-image-5861\" srcset=\"https:\/\/elmundodelapolitica.com\/v1\/wp-content\/uploads\/2024\/02\/0-1-1024x576.png 1024w, https:\/\/elmundodelapolitica.com\/v1\/wp-content\/uploads\/2024\/02\/0-1-300x169.png 300w, https:\/\/elmundodelapolitica.com\/v1\/wp-content\/uploads\/2024\/02\/0-1-768x432.png 768w, https:\/\/elmundodelapolitica.com\/v1\/wp-content\/uploads\/2024\/02\/0-1.png 1088w\" sizes=\"auto, (max-width: 1024px) 100vw, 1024px\" \/><\/figure>\n","protected":false},"excerpt":{"rendered":"<p>Santo Domingo, R.D. Febrero 2024.- El candidato presidencial del partido Fuerza del Pueblo (FP), Leonel Fern\u00e1ndez, anunci\u00f3 que este 7 de febrero, lanzar\u00e1 \u201cEl Rugido del Le\u00f3n\u201d, primer podcast de&hellip; <\/p>\n","protected":false},"author":2,"featured_media":5861,"comment_status":"open","ping_status":"open","sticky":false,"template":"","format":"standard","meta":{"fifu_image_url":"","fifu_image_alt":"","footnotes":""},"categories":[10],"tags":[],"class_list":["post-5860","post","type-post","status-publish","format-standard","has-post-thumbnail","hentry","category-marketing-politico"],"_links":{"self":[{"href":"https:\/\/elmundodelapolitica.com\/v1\/wp-json\/wp\/v2\/posts\/5860","targetHints":{"allow":["GET"]}}],"collection":[{"href":"https:\/\/elmundodelapolitica.com\/v1\/wp-json\/wp\/v2\/posts"}],"about":[{"href":"https:\/\/elmundodelapolitica.com\/v1\/wp-json\/wp\/v2\/types\/post"}],"author":[{"embeddable":true,"href":"https:\/\/elmundodelapolitica.com\/v1\/wp-json\/wp\/v2\/users\/2"}],"replies":[{"embeddable":true,"href":"https:\/\/elmundodelapolitica.com\/v1\/wp-json\/wp\/v2\/comments?post=5860"}],"version-history":[{"count":2,"href":"https:\/\/elmundodelapolitica.com\/v1\/wp-json\/wp\/v2\/posts\/5860\/revisions"}],"predecessor-version":[{"id":5863,"href":"https:\/\/elmundodelapolitica.com\/v1\/wp-json\/wp\/v2\/posts\/5860\/revisions\/5863"}],"wp:featuredmedia":[{"embeddable":true,"href":"https:\/\/elmundodelapolitica.com\/v1\/wp-json\/wp\/v2\/media\/5861"}],"wp:attachment":[{"href":"https:\/\/elmundodelapolitica.com\/v1\/wp-json\/wp\/v2\/media?parent=5860"}],"wp:term":[{"taxonomy":"category","embeddable":true,"href":"https:\/\/elmundodelapolitica.com\/v1\/wp-json\/wp\/v2\/categories?post=5860"},{"taxonomy":"post_tag","embeddable":true,"href":"https:\/\/elmundodelapolitica.com\/v1\/wp-json\/wp\/v2\/tags?post=5860"}],"curies":[{"name":"wp","href":"https:\/\/api.w.org\/{rel}","templated":true}]}}