{"id":5854,"date":"2024-02-08T13:45:35","date_gmt":"2024-02-08T17:45:35","guid":{"rendered":"https:\/\/elmundodelapolitica.com\/v1\/?p=5854"},"modified":"2024-02-08T13:45:37","modified_gmt":"2024-02-08T17:45:37","slug":"instituciones-conmemoran-aniversario-iniciativa-hecho-en-rd","status":"publish","type":"post","link":"https:\/\/elmundodelapolitica.com\/v1\/instituciones-conmemoran-aniversario-iniciativa-hecho-en-rd\/","title":{"rendered":"Instituciones conmemoran aniversario iniciativa \"Hecho en RD\""},"content":{"rendered":"\n<p><strong>Santo&nbsp; Domingo, D. N.-<\/strong> El ministro de Industria, Comercio y Mipymes (MICM), V\u00edctor Bison\u00f3, resalt\u00f3 el rotundo \u00e9xito del sello \u201cHecho en Rep\u00fablica Dominicana\u201d, cuyo uso la instituci\u00f3n ha autorizado a 815 productos de diversos rubros fabricados en el pa\u00eds por 80 industrias.<\/p>\n\n\n\n<p>Al celebrar el primer aniversario de la iniciativa, junto a la Asociaci\u00f3n de Industrias de la Rep\u00fablica Dominicana (AIRD), Bison\u00f3 indic\u00f3 que el sello estimula la producci\u00f3n local y el empleo.<\/p>\n\n\n\n<p>En ese orden, el ministro resalt\u00f3 que<strong> \u201c<\/strong>este distintivo es una muestra m\u00e1s de la visi\u00f3n acertada del presidente Luis Abinader, al colocar la producci\u00f3n como el motor fundamental para el desarrollo econ\u00f3mico sostenible de la Rep\u00fablica Dominicana\u201d.<\/p>\n\n\n\n<p>Agradeci\u00f3 el respaldo entusiasta que las industrias han ofrecido a esta iniciativa, realizando inversiones millonarias para integrar el sello a los art\u00edculos que producen.<\/p>\n\n\n\n<p>El sello \"Hecho en la Rep\u00fablica Dominicana\u201d super\u00f3 el proceso de auditor\u00edas internas y externas, y ha sido incluido de manera exitosa en el nuevo alcance de la Certificaci\u00f3n ISO 9001:2015 del MICM, lo que garantiza la excelencia del servicio.<\/p>\n\n\n\n<p>De su lado el primer vicepresidente de la Asociaci\u00f3n de Industrias de la Rep\u00fablica Dominicana (AIRD), Juan Jos\u00e9 Attias, expres\u00f3 que con el sello \u201cHecho en Rep\u00fablica Dominicana\u201d, contamos con una herramienta que resalta de manera homog\u00e9nea la identidad y procedencia de lo que producimos con tanto orgullo en nuestro pa\u00eds.<\/p>\n\n\n\n<p>\"Por eso, en la AIRD hemos abrazado esta iniciativa del Ministerio de Industria, Comercio y Mipymes desde su lanzamiento el pasado a\u00f1o, al entender que suma en nuestro objetivo constante de mejorar el posicionamiento de nuestros productos a nivel local e internacional\" dijo Attias.<\/p>\n\n\n\n<p>Mario E. Pujols, vicepresidente ejecutivo de la AIRD, indic\u00f3 que el sello es una importante herramienta para promover, defender y darle la importancia que merece todo lo Hecho en RD.<\/p>\n\n\n\n<figure class=\"wp-block-image size-large\"><img loading=\"lazy\" decoding=\"async\" width=\"1024\" height=\"543\" src=\"https:\/\/elmundodelapolitica.com\/v1\/wp-content\/uploads\/2024\/02\/0-4-1024x543.jpg\" alt=\"\" class=\"wp-image-5855\" srcset=\"https:\/\/elmundodelapolitica.com\/v1\/wp-content\/uploads\/2024\/02\/0-4-1024x543.jpg 1024w, https:\/\/elmundodelapolitica.com\/v1\/wp-content\/uploads\/2024\/02\/0-4-300x159.jpg 300w, https:\/\/elmundodelapolitica.com\/v1\/wp-content\/uploads\/2024\/02\/0-4-768x407.jpg 768w, https:\/\/elmundodelapolitica.com\/v1\/wp-content\/uploads\/2024\/02\/0-4.jpg 1106w\" sizes=\"auto, (max-width: 1024px) 100vw, 1024px\" \/><\/figure>\n","protected":false},"excerpt":{"rendered":"<p>Santo&nbsp; Domingo, D. N.- El ministro de Industria, Comercio y Mipymes (MICM), V\u00edctor Bison\u00f3, resalt\u00f3 el rotundo \u00e9xito del sello \u201cHecho en Rep\u00fablica Dominicana\u201d, cuyo uso la instituci\u00f3n ha autorizado&hellip; <\/p>\n","protected":false},"author":2,"featured_media":5855,"comment_status":"open","ping_status":"open","sticky":false,"template":"","format":"standard","meta":{"fifu_image_url":"","fifu_image_alt":"","footnotes":""},"categories":[35],"tags":[],"class_list":["post-5854","post","type-post","status-publish","format-standard","has-post-thumbnail","hentry","category-industria"],"_links":{"self":[{"href":"https:\/\/elmundodelapolitica.com\/v1\/wp-json\/wp\/v2\/posts\/5854","targetHints":{"allow":["GET"]}}],"collection":[{"href":"https:\/\/elmundodelapolitica.com\/v1\/wp-json\/wp\/v2\/posts"}],"about":[{"href":"https:\/\/elmundodelapolitica.com\/v1\/wp-json\/wp\/v2\/types\/post"}],"author":[{"embeddable":true,"href":"https:\/\/elmundodelapolitica.com\/v1\/wp-json\/wp\/v2\/users\/2"}],"replies":[{"embeddable":true,"href":"https:\/\/elmundodelapolitica.com\/v1\/wp-json\/wp\/v2\/comments?post=5854"}],"version-history":[{"count":1,"href":"https:\/\/elmundodelapolitica.com\/v1\/wp-json\/wp\/v2\/posts\/5854\/revisions"}],"predecessor-version":[{"id":5856,"href":"https:\/\/elmundodelapolitica.com\/v1\/wp-json\/wp\/v2\/posts\/5854\/revisions\/5856"}],"wp:featuredmedia":[{"embeddable":true,"href":"https:\/\/elmundodelapolitica.com\/v1\/wp-json\/wp\/v2\/media\/5855"}],"wp:attachment":[{"href":"https:\/\/elmundodelapolitica.com\/v1\/wp-json\/wp\/v2\/media?parent=5854"}],"wp:term":[{"taxonomy":"category","embeddable":true,"href":"https:\/\/elmundodelapolitica.com\/v1\/wp-json\/wp\/v2\/categories?post=5854"},{"taxonomy":"post_tag","embeddable":true,"href":"https:\/\/elmundodelapolitica.com\/v1\/wp-json\/wp\/v2\/tags?post=5854"}],"curies":[{"name":"wp","href":"https:\/\/api.w.org\/{rel}","templated":true}]}}